{"id":1526,"date":"2025-09-20T06:00:00","date_gmt":"2025-09-20T09:00:00","guid":{"rendered":"https:\/\/tribunademinas.audiencelabs.com.br\/?p=1526"},"modified":"2025-09-17T17:41:27","modified_gmt":"2025-09-17T20:41:27","slug":"bradesco-anunciou-cortes-e-brasileiros-nao-vao-mais-receber","status":"publish","type":"post","link":"https:\/\/tribunademinas.audiencelabs.com.br\/bradesco-anunciou-cortes-e-brasileiros-nao-vao-mais-receber\/","title":{"rendered":"Bradesco anunciou cortes e brasileiros n\u00e3o v\u00e3o mais receber"},"content":{"rendered":"\n<p>Apesar de ser um dos maiores grupos financeiros do Brasil e da Am\u00e9rica Latina, o <strong>banco Bradesco<\/strong> causou preocupa\u00e7\u00e3o ao encabe\u00e7ar a onda hist\u00f3rica de demiss\u00f5es no setor banc\u00e1rio, que j\u00e1 totaliza mais de 4.600 cortes.<\/p>\n\n\n\n<p>De acordo com informa\u00e7\u00f5es recentes, a institui\u00e7\u00e3o <strong>encerrou cerca de 1.875 postos de trabalho<\/strong> s\u00f3 no primeiro semestre de 2025, com mais de 1.200 tendo ocorrido no per\u00edodo entre abril e junho.<\/p>\n\n\n\n<p>Embora tenha dado a impress\u00e3o de que estaria encerrando suas atividades no Brasil, as demiss\u00f5es do Bradesco est\u00e3o ligadas \u00e0 estrat\u00e9gia de expandir e refor\u00e7ar o <strong>uso do internet banking<\/strong>, que vem sendo utilizado por mais clientes a cada dia.<\/p>\n\n\n\n<p>Vale destacar que os desligamentos ocorreram principalmente em ag\u00eancias f\u00edsicas espalhadas por todo o Brasil, com foco em regi\u00f5es urbanas onde os servi\u00e7os digitais j\u00e1 s\u00e3o amplamente utilizados.<\/p>\n\n\n\n<p>Em contrapartida, a institui\u00e7\u00e3o anunciou a contrata\u00e7\u00e3o de cerca de 2.500 profissionais nas \u00e1reas de tecnologia e an\u00e1lise de dados, refor\u00e7ando assim sua prioridade na transforma\u00e7\u00e3o digital.<\/p>\n\n\n\n<h2 class=\"wp-block-heading\">&#8220;Onda de cortes&#8221;: destaques al\u00e9m do Bradesco<\/h2>\n\n\n\n<p>Embora os desligamentos do Bradesco tenham sido expressivos, outros bancos tamb\u00e9m registram cortes significativos. Inclusive, o <strong>Santander<\/strong> j\u00e1 figura na segunda posi\u00e7\u00e3o com cerca de 1.728 cortes contabilizados durante o per\u00edodo.<\/p>\n\n\n\n<p>Como justificativa, a institui\u00e7\u00e3o tamb\u00e9m destacou o aumento do investimento em tecnologia. S\u00f3 que o mesmo n\u00e3o pode ser dito do <strong>Ita\u00fa<\/strong>, que chegou a demitir cerca de 1 mil trabalhadores em uma \u00fanica semana, alegando baixa produtividade no home office.<\/p>\n\n\n\n<p>Em raz\u00e3o disso, entidades sindicais acusaram a institui\u00e7\u00e3o de efetuar demiss\u00f5es coletivas sem pr\u00e9vio aviso e protocolaram a\u00e7\u00f5es judiciais com o objetivo de reintegrar trabalhadores ou obter compensa\u00e7\u00f5es financeiras.<\/p>\n\n\n\n<h2 class=\"wp-block-heading\">Cortes excessivos preocupam os trabalhadores<\/h2>\n\n\n\n<p>Por mais leg\u00edtimo que seja o discurso de moderniza\u00e7\u00e3o, considerando o aumento da utiliza\u00e7\u00e3o de aplicativos banc\u00e1rios, entidades e especialistas econ\u00f4micos alertam sobre os potenciais riscos sociais destas transforma\u00e7\u00f5es.<\/p>\n\n\n\n<p>Afinal, os cortes excessivos nos quadros de funcion\u00e1rios provoca press\u00e3o sobre os trabalhadores, acentua a desigualdade social e compromete a confian\u00e7a no setor banc\u00e1rio. Al\u00e9m disso, o fechamento de ag\u00eancias impacta negativamente idosos e residentes de \u00e1reas rurais.<\/p>\n","protected":false},"excerpt":{"rendered":"<p>Apesar de ser um dos maiores grupos financeiros do Brasil e da Am\u00e9rica Latina, o banco Bradesco causou preocupa\u00e7\u00e3o ao encabe\u00e7ar a onda hist\u00f3rica de demiss\u00f5es no setor banc\u00e1rio, que j\u00e1 totaliza mais de 4.600 cortes. De acordo com informa\u00e7\u00f5es recentes, a institui\u00e7\u00e3o encerrou cerca de 1.875 postos de trabalho s\u00f3 no primeiro semestre de [&hellip;]<\/p>\n","protected":false},"author":3,"featured_media":1529,"comment_status":"open","ping_status":"open","sticky":false,"template":"","format":"standard","meta":{"jnews-multi-image_gallery":[],"jnews_single_post":{"format":"standard"},"jnews_primary_category":[],"jnews_social_meta":[],"jnews_post_split":[],"footnotes":""},"categories":[1],"tags":[],"class_list":["post-1526","post","type-post","status-publish","format-standard","has-post-thumbnail","hentry","category-dinheiro"],"yoast_head":"<!-- This site is optimized with the Yoast SEO plugin v25.6 - https:\/\/yoast.com\/wordpress\/plugins\/seo\/ -->\n<title>Bradesco anunciou cortes e brasileiros n\u00e3o v\u00e3o mais receber<\/title>\n<meta name=\"robots\" content=\"index, follow, max-snippet:-1, max-image-preview:large, max-video-preview:-1\" \/>\n<link rel=\"canonical\" href=\"https:\/\/tribunademinas.audiencelabs.com.br\/bradesco-anunciou-cortes-e-brasileiros-nao-vao-mais-receber\/\" \/>\n<meta property=\"og:locale\" content=\"pt_BR\" \/>\n<meta property=\"og:type\" content=\"article\" \/>\n<meta property=\"og:title\" content=\"Bradesco anunciou cortes e brasileiros n\u00e3o v\u00e3o mais receber\" \/>\n<meta property=\"og:description\" content=\"Apesar de ser um dos maiores grupos financeiros do Brasil e da Am\u00e9rica Latina, o banco Bradesco causou preocupa\u00e7\u00e3o ao encabe\u00e7ar a onda hist\u00f3rica de demiss\u00f5es no setor banc\u00e1rio, que j\u00e1 totaliza mais de 4.600 cortes. De acordo com informa\u00e7\u00f5es recentes, a institui\u00e7\u00e3o encerrou cerca de 1.875 postos de trabalho s\u00f3 no primeiro semestre de [&hellip;]\" \/>\n<meta property=\"og:url\" content=\"https:\/\/tribunademinas.audiencelabs.com.br\/bradesco-anunciou-cortes-e-brasileiros-nao-vao-mais-receber\/\" \/>\n<meta property=\"og:site_name\" content=\"Tribuna de Minas - Dinheiro e Cidadania\" \/>\n<meta property=\"article:publisher\" content=\"https:\/\/www.facebook.com\/tribunademinas\/\" \/>\n<meta property=\"article:published_time\" content=\"2025-09-20T09:00:00+00:00\" \/>\n<meta property=\"og:image\" content=\"https:\/\/tribunademinas.audiencelabs.com.br\/wp-content\/uploads\/2025\/09\/bradesco-anunciou-cortes-brasileiros-nao-vao-mais-receber.webp\" \/>\n\t<meta property=\"og:image:width\" content=\"1280\" \/>\n\t<meta property=\"og:image:height\" content=\"720\" \/>\n\t<meta property=\"og:image:type\" content=\"image\/webp\" \/>\n<meta name=\"author\" content=\"Jo\u00e3o Carlos Gomes\" \/>\n<meta name=\"twitter:card\" content=\"summary_large_image\" \/>\n<meta name=\"twitter:creator\" content=\"@tribunademinas\" \/>\n<meta name=\"twitter:site\" content=\"@tribunademinas\" \/>\n<meta name=\"twitter:label1\" content=\"Escrito por\" \/>\n\t<meta name=\"twitter:data1\" content=\"Jo\u00e3o Carlos Gomes\" \/>\n\t<meta name=\"twitter:label2\" content=\"Est. tempo de leitura\" \/>\n\t<meta name=\"twitter:data2\" content=\"3 minutos\" \/>\n<!-- \/ Yoast SEO plugin. -->","yoast_head_json":{"title":"Bradesco anunciou cortes e brasileiros n\u00e3o v\u00e3o mais receber","robots":{"index":"index","follow":"follow","max-snippet":"max-snippet:-1","max-image-preview":"max-image-preview:large","max-video-preview":"max-video-preview:-1"},"canonical":"https:\/\/tribunademinas.audiencelabs.com.br\/bradesco-anunciou-cortes-e-brasileiros-nao-vao-mais-receber\/","og_locale":"pt_BR","og_type":"article","og_title":"Bradesco anunciou cortes e brasileiros n\u00e3o v\u00e3o mais receber","og_description":"Apesar de ser um dos maiores grupos financeiros do Brasil e da Am\u00e9rica Latina, o banco Bradesco causou preocupa\u00e7\u00e3o ao encabe\u00e7ar a onda hist\u00f3rica de demiss\u00f5es no setor banc\u00e1rio, que j\u00e1 totaliza mais de 4.600 cortes. De acordo com informa\u00e7\u00f5es recentes, a institui\u00e7\u00e3o encerrou cerca de 1.875 postos de trabalho s\u00f3 no primeiro semestre de [&hellip;]","og_url":"https:\/\/tribunademinas.audiencelabs.com.br\/bradesco-anunciou-cortes-e-brasileiros-nao-vao-mais-receber\/","og_site_name":"Tribuna de Minas - Dinheiro e Cidadania","article_publisher":"https:\/\/www.facebook.com\/tribunademinas\/","article_published_time":"2025-09-20T09:00:00+00:00","og_image":[{"width":1280,"height":720,"url":"https:\/\/tribunademinas.audiencelabs.com.br\/wp-content\/uploads\/2025\/09\/bradesco-anunciou-cortes-brasileiros-nao-vao-mais-receber.webp","type":"image\/webp"}],"author":"Jo\u00e3o Carlos Gomes","twitter_card":"summary_large_image","twitter_creator":"@tribunademinas","twitter_site":"@tribunademinas","twitter_misc":{"Escrito por":"Jo\u00e3o Carlos Gomes","Est. tempo de leitura":"3 minutos"},"schema":{"@context":"https:\/\/schema.org","@graph":[{"@type":"Article","@id":"https:\/\/tribunademinas.audiencelabs.com.br\/bradesco-anunciou-cortes-e-brasileiros-nao-vao-mais-receber\/#article","isPartOf":{"@id":"https:\/\/tribunademinas.audiencelabs.com.br\/bradesco-anunciou-cortes-e-brasileiros-nao-vao-mais-receber\/"},"author":{"name":"Jo\u00e3o Carlos Gomes","@id":"https:\/\/tribunademinas.audiencelabs.com.br\/#\/schema\/person\/37af466a64a722fadb8ef6841c52114f"},"headline":"Bradesco anunciou cortes e brasileiros n\u00e3o v\u00e3o mais receber","datePublished":"2025-09-20T09:00:00+00:00","mainEntityOfPage":{"@id":"https:\/\/tribunademinas.audiencelabs.com.br\/bradesco-anunciou-cortes-e-brasileiros-nao-vao-mais-receber\/"},"wordCount":395,"commentCount":0,"publisher":{"@id":"https:\/\/tribunademinas.audiencelabs.com.br\/#organization"},"image":{"@id":"https:\/\/tribunademinas.audiencelabs.com.br\/bradesco-anunciou-cortes-e-brasileiros-nao-vao-mais-receber\/#primaryimage"},"thumbnailUrl":"https:\/\/tribunademinas.audiencelabs.com.br\/wp-content\/uploads\/2025\/09\/bradesco-anunciou-cortes-brasileiros-nao-vao-mais-receber.webp","articleSection":["Dinheiro"],"inLanguage":"pt-BR","potentialAction":[{"@type":"CommentAction","name":"Comment","target":["https:\/\/tribunademinas.audiencelabs.com.br\/bradesco-anunciou-cortes-e-brasileiros-nao-vao-mais-receber\/#respond"]}]},{"@type":"WebPage","@id":"https:\/\/tribunademinas.audiencelabs.com.br\/bradesco-anunciou-cortes-e-brasileiros-nao-vao-mais-receber\/","url":"https:\/\/tribunademinas.audiencelabs.com.br\/bradesco-anunciou-cortes-e-brasileiros-nao-vao-mais-receber\/","name":"Bradesco anunciou cortes e brasileiros n\u00e3o v\u00e3o mais receber","isPartOf":{"@id":"https:\/\/tribunademinas.audiencelabs.com.br\/#website"},"primaryImageOfPage":{"@id":"https:\/\/tribunademinas.audiencelabs.com.br\/bradesco-anunciou-cortes-e-brasileiros-nao-vao-mais-receber\/#primaryimage"},"image":{"@id":"https:\/\/tribunademinas.audiencelabs.com.br\/bradesco-anunciou-cortes-e-brasileiros-nao-vao-mais-receber\/#primaryimage"},"thumbnailUrl":"https:\/\/tribunademinas.audiencelabs.com.br\/wp-content\/uploads\/2025\/09\/bradesco-anunciou-cortes-brasileiros-nao-vao-mais-receber.webp","datePublished":"2025-09-20T09:00:00+00:00","breadcrumb":{"@id":"https:\/\/tribunademinas.audiencelabs.com.br\/bradesco-anunciou-cortes-e-brasileiros-nao-vao-mais-receber\/#breadcrumb"},"inLanguage":"pt-BR","potentialAction":[{"@type":"ReadAction","target":["https:\/\/tribunademinas.audiencelabs.com.br\/bradesco-anunciou-cortes-e-brasileiros-nao-vao-mais-receber\/"]}]},{"@type":"ImageObject","inLanguage":"pt-BR","@id":"https:\/\/tribunademinas.audiencelabs.com.br\/bradesco-anunciou-cortes-e-brasileiros-nao-vao-mais-receber\/#primaryimage","url":"https:\/\/tribunademinas.audiencelabs.com.br\/wp-content\/uploads\/2025\/09\/bradesco-anunciou-cortes-brasileiros-nao-vao-mais-receber.webp","contentUrl":"https:\/\/tribunademinas.audiencelabs.com.br\/wp-content\/uploads\/2025\/09\/bradesco-anunciou-cortes-brasileiros-nao-vao-mais-receber.webp","width":1280,"height":720,"caption":"Foto: Internet\/Reprodu\u00e7\u00e3o"},{"@type":"BreadcrumbList","@id":"https:\/\/tribunademinas.audiencelabs.com.br\/bradesco-anunciou-cortes-e-brasileiros-nao-vao-mais-receber\/#breadcrumb","itemListElement":[{"@type":"ListItem","position":1,"name":"In\u00edcio","item":"https:\/\/tribunademinas.audiencelabs.com.br\/"},{"@type":"ListItem","position":2,"name":"Bradesco anunciou cortes e brasileiros n\u00e3o v\u00e3o mais receber"}]},{"@type":"WebSite","@id":"https:\/\/tribunademinas.audiencelabs.com.br\/#website","url":"https:\/\/tribunademinas.audiencelabs.com.br\/","name":"Tribuna de Minas - Dinheiro e Cidadania","description":"","publisher":{"@id":"https:\/\/tribunademinas.audiencelabs.com.br\/#organization"},"potentialAction":[{"@type":"SearchAction","target":{"@type":"EntryPoint","urlTemplate":"https:\/\/tribunademinas.audiencelabs.com.br\/?s={search_term_string}"},"query-input":{"@type":"PropertyValueSpecification","valueRequired":true,"valueName":"search_term_string"}}],"inLanguage":"pt-BR"},{"@type":"Organization","@id":"https:\/\/tribunademinas.audiencelabs.com.br\/#organization","name":"Tribuna de Minas - Dinheiro e Cidadania","url":"https:\/\/tribunademinas.audiencelabs.com.br\/","logo":{"@type":"ImageObject","inLanguage":"pt-BR","@id":"https:\/\/tribunademinas.audiencelabs.com.br\/#\/schema\/logo\/image\/","url":"https:\/\/tribunademinas.audiencelabs.com.br\/wp-content\/uploads\/2025\/08\/cropped-Tribuna_512x512-96x96-1.png","contentUrl":"https:\/\/tribunademinas.audiencelabs.com.br\/wp-content\/uploads\/2025\/08\/cropped-Tribuna_512x512-96x96-1.png","width":96,"height":96,"caption":"Tribuna de Minas - Dinheiro e Cidadania"},"image":{"@id":"https:\/\/tribunademinas.audiencelabs.com.br\/#\/schema\/logo\/image\/"},"sameAs":["https:\/\/www.facebook.com\/tribunademinas\/","https:\/\/x.com\/tribunademinas","https:\/\/www.instagram.com\/tribunademinas\/","https:\/\/www.youtube.com\/user\/TribunadeMinasJF"]},{"@type":"Person","@id":"https:\/\/tribunademinas.audiencelabs.com.br\/#\/schema\/person\/37af466a64a722fadb8ef6841c52114f","name":"Jo\u00e3o Carlos Gomes","image":{"@type":"ImageObject","inLanguage":"pt-BR","@id":"https:\/\/tribunademinas.audiencelabs.com.br\/#\/schema\/person\/image\/","url":"https:\/\/secure.gravatar.com\/avatar\/4ce4672dbdd694b329cd6fdb51bee7d1409be1f0ff76a537e4c4a737b2c7d1a9?s=96&d=mm&r=g","contentUrl":"https:\/\/secure.gravatar.com\/avatar\/4ce4672dbdd694b329cd6fdb51bee7d1409be1f0ff76a537e4c4a737b2c7d1a9?s=96&d=mm&r=g","caption":"Jo\u00e3o Carlos Gomes"},"description":"Jornalista formado pelo Centro Universit\u00e1rio Carioca, apreciador da Bossa Nova ao Metal Extremo, criador de conte\u00fado e m\u00fasico independente nas horas vagas.","url":"https:\/\/tribunademinas.audiencelabs.com.br\/author\/joaoc-junior\/"}]}},"amp_enabled":true,"_links":{"self":[{"href":"https:\/\/tribunademinas.audiencelabs.com.br\/wp-json\/wp\/v2\/posts\/1526","targetHints":{"allow":["GET"]}}],"collection":[{"href":"https:\/\/tribunademinas.audiencelabs.com.br\/wp-json\/wp\/v2\/posts"}],"about":[{"href":"https:\/\/tribunademinas.audiencelabs.com.br\/wp-json\/wp\/v2\/types\/post"}],"author":[{"embeddable":true,"href":"https:\/\/tribunademinas.audiencelabs.com.br\/wp-json\/wp\/v2\/users\/3"}],"replies":[{"embeddable":true,"href":"https:\/\/tribunademinas.audiencelabs.com.br\/wp-json\/wp\/v2\/comments?post=1526"}],"version-history":[{"count":1,"href":"https:\/\/tribunademinas.audiencelabs.com.br\/wp-json\/wp\/v2\/posts\/1526\/revisions"}],"predecessor-version":[{"id":1534,"href":"https:\/\/tribunademinas.audiencelabs.com.br\/wp-json\/wp\/v2\/posts\/1526\/revisions\/1534"}],"wp:featuredmedia":[{"embeddable":true,"href":"https:\/\/tribunademinas.audiencelabs.com.br\/wp-json\/wp\/v2\/media\/1529"}],"wp:attachment":[{"href":"https:\/\/tribunademinas.audiencelabs.com.br\/wp-json\/wp\/v2\/media?parent=1526"}],"wp:term":[{"taxonomy":"category","embeddable":true,"href":"https:\/\/tribunademinas.audiencelabs.com.br\/wp-json\/wp\/v2\/categories?post=1526"},{"taxonomy":"post_tag","embeddable":true,"href":"https:\/\/tribunademinas.audiencelabs.com.br\/wp-json\/wp\/v2\/tags?post=1526"}],"curies":[{"name":"wp","href":"https:\/\/api.w.org\/{rel}","templated":true}]}}