{"id":1514,"date":"2025-09-17T16:38:28","date_gmt":"2025-09-17T19:38:28","guid":{"rendered":"https:\/\/tribunademinas.audiencelabs.com.br\/?p=1514"},"modified":"2025-09-17T16:38:33","modified_gmt":"2025-09-17T19:38:33","slug":"oficial-empresas-sao-obrigadas-a-aumentar-salarios-dos-trabalhadores","status":"publish","type":"post","link":"https:\/\/tribunademinas.audiencelabs.com.br\/oficial-empresas-sao-obrigadas-a-aumentar-salarios-dos-trabalhadores\/","title":{"rendered":"Oficial! Empresas s\u00e3o obrigadas a aumentar sal\u00e1rios dos trabalhadores"},"content":{"rendered":"\n<p>Muitos trabalhadores no Brasil n\u00e3o sabem, mas podem ter direito a um aumento salarial anual garantido por lei. Esse reajuste, que n\u00e3o depende da boa vontade do empregador, est\u00e1 previsto na legisla\u00e7\u00e3o trabalhista e \u00e9 conhecido como diss\u00eddio. <\/p>\n\n\n\n<p>Embora muitas vezes seja confundido com um benef\u00edcio ou um b\u00f4nus concedido pela empresa, o diss\u00eddio \u00e9, na verdade, uma obriga\u00e7\u00e3o legal vinculada \u00e0 reposi\u00e7\u00e3o da infla\u00e7\u00e3o e, em alguns casos, ao ganho real de sal\u00e1rio.<\/p>\n\n\n\n<h2 class=\"wp-block-heading\">Oficial! Empresas s\u00e3o obrigadas a aumentar sal\u00e1rios dos trabalhadores<\/h2>\n\n\n\n<p>O diss\u00eddio <a href=\"https:\/\/tribunademinas.com.br\/colunas\/maistendencias\/salario-minimo-vai-sofrer-modificacao-e-brasileiros-vao-receber-muito-mais\/\"><strong>salarial<\/strong><\/a> \u00e9 resultado de negocia\u00e7\u00f5es coletivas realizadas entre sindicatos de trabalhadores e de empregadores. <\/p>\n\n\n\n<p>Essas negocia\u00e7\u00f5es acontecem todos os anos e t\u00eam como base a recomposi\u00e7\u00e3o do poder de compra corro\u00eddo pela infla\u00e7\u00e3o. Ou seja, o objetivo \u00e9 evitar que os sal\u00e1rios percam valor ao longo do tempo. <\/p>\n\n\n\n<p>Quando h\u00e1 acordo entre as partes, estabelece-se um \u00edndice de reajuste que deve ser aplicado ao sal\u00e1rio de todos os profissionais abrangidos pela conven\u00e7\u00e3o ou acordo coletivo.<\/p>\n\n\n\n<p>Mas aten\u00e7\u00e3o: \u00e9 muito importante destacar que esse reajuste n\u00e3o \u00e9 autom\u00e1tico para todos os trabalhadores do pa\u00eds, pois existem regras. <\/p>\n\n\n\n<p>Ele s\u00f3 se aplica aos empregados contratados sob o regime da <a href=\"https:\/\/www.planalto.gov.br\/ccivil_03\/decreto-lei\/del5452.htm\"><strong>CLT<\/strong><\/a> (Consolida\u00e7\u00e3o das Leis do Trabalho) que pertencem a uma categoria profissional representada por um sindicato ativo e com conven\u00e7\u00e3o coletiva vigente. <\/p>\n\n\n\n<h3 class=\"wp-block-heading\">Como trabalhadores podem verificar se tem direito ao diss\u00eddio?<\/h3>\n\n\n\n<p>Cada categoria tem uma data espec\u00edfica, chamada de \u201cdata-base\u201d, que marca o in\u00edcio da validade do novo acordo e o momento em que o aumento deve ser implementado.<\/p>\n\n\n\n<p>Por isso, n\u00e3o basta esperar o reajuste cair na conta. Para saber se tem direito ao aumento, o trabalhador precisa verificar se sua profiss\u00e3o est\u00e1 inclu\u00edda em um acordo coletivo atual. <\/p>\n\n\n\n<p>A melhor forma de fazer isso \u00e9 consultando o sindicato que representa a sua categoria ou acompanhando publica\u00e7\u00f5es oficiais do setor. A conven\u00e7\u00e3o traz todos os detalhes, como o \u00edndice de reajuste, o valor m\u00ednimo do sal\u00e1rio e outras condi\u00e7\u00f5es espec\u00edficas.<\/p>\n\n\n\n<p>Caso a empresa n\u00e3o aplique o reajuste na data correta, o trabalhador pode cobrar o valor retroativo, com corre\u00e7\u00e3o. Empresas que descumprem essa regra est\u00e3o sujeitas a san\u00e7\u00f5es legais, inclusive a\u00e7\u00f5es trabalhistas movidas individual ou coletivamente.<\/p>\n\n\n\n<p>O diss\u00eddio, portanto, \u00e9 mais do que uma expectativa: \u00e9 um direito respaldado por lei. Ficar atento a ele \u00e9 essencial para garantir que o sal\u00e1rio acompanhe o custo de vida e que os direitos trabalhistas sejam respeitados.<\/p>\n\n\n\n<p><\/p>\n","protected":false},"excerpt":{"rendered":"<p>Muitos trabalhadores no Brasil n\u00e3o sabem, mas podem ter direito a um aumento salarial anual garantido por lei. Esse reajuste, que n\u00e3o depende da boa vontade do empregador, est\u00e1 previsto na legisla\u00e7\u00e3o trabalhista e \u00e9 conhecido como diss\u00eddio. Embora muitas vezes seja confundido com um benef\u00edcio ou um b\u00f4nus concedido pela empresa, o diss\u00eddio \u00e9, [&hellip;]<\/p>\n","protected":false},"author":5,"featured_media":1517,"comment_status":"open","ping_status":"open","sticky":false,"template":"","format":"standard","meta":{"jnews-multi-image_gallery":[],"jnews_single_post":{"format":"standard"},"jnews_primary_category":[],"jnews_social_meta":[],"jnews_post_split":[],"footnotes":""},"categories":[159],"tags":[],"class_list":["post-1514","post","type-post","status-publish","format-standard","has-post-thumbnail","hentry","category-cidadania"],"yoast_head":"<!-- This site is optimized with the Yoast SEO plugin v25.6 - https:\/\/yoast.com\/wordpress\/plugins\/seo\/ -->\n<title>Oficial! Empresas s\u00e3o obrigadas a aumentar sal\u00e1rios dos trabalhadores<\/title>\n<meta name=\"description\" content=\"Muitos trabalhadores no pa\u00eds n\u00e3o sabem, mas podem ter direito a um aumento salarial anual garantido pela CLT. Reajuste est\u00e1 previsto na lei.\" \/>\n<meta name=\"robots\" content=\"index, follow, max-snippet:-1, max-image-preview:large, max-video-preview:-1\" \/>\n<link rel=\"canonical\" href=\"https:\/\/tribunademinas.audiencelabs.com.br\/oficial-empresas-sao-obrigadas-a-aumentar-salarios-dos-trabalhadores\/\" \/>\n<meta property=\"og:locale\" content=\"pt_BR\" \/>\n<meta property=\"og:type\" content=\"article\" \/>\n<meta property=\"og:title\" content=\"Oficial! Empresas s\u00e3o obrigadas a aumentar sal\u00e1rios dos trabalhadores\" \/>\n<meta property=\"og:description\" content=\"Muitos trabalhadores no pa\u00eds n\u00e3o sabem, mas podem ter direito a um aumento salarial anual garantido pela CLT. Reajuste est\u00e1 previsto na lei.\" \/>\n<meta property=\"og:url\" content=\"https:\/\/tribunademinas.audiencelabs.com.br\/oficial-empresas-sao-obrigadas-a-aumentar-salarios-dos-trabalhadores\/\" \/>\n<meta property=\"og:site_name\" content=\"Tribuna de Minas - Dinheiro e Cidadania\" \/>\n<meta property=\"article:publisher\" content=\"https:\/\/www.facebook.com\/tribunademinas\/\" \/>\n<meta property=\"article:published_time\" content=\"2025-09-17T19:38:28+00:00\" \/>\n<meta property=\"article:modified_time\" content=\"2025-09-17T19:38:33+00:00\" \/>\n<meta property=\"og:image\" content=\"https:\/\/tribunademinas.audiencelabs.com.br\/wp-content\/uploads\/2025\/09\/trabalhadores-1.webp\" \/>\n\t<meta property=\"og:image:width\" content=\"770\" \/>\n\t<meta property=\"og:image:height\" content=\"513\" \/>\n\t<meta property=\"og:image:type\" content=\"image\/webp\" \/>\n<meta name=\"author\" content=\"Jeferson Carvalho\" \/>\n<meta name=\"twitter:card\" content=\"summary_large_image\" \/>\n<meta name=\"twitter:creator\" content=\"@tribunademinas\" \/>\n<meta name=\"twitter:site\" content=\"@tribunademinas\" \/>\n<meta name=\"twitter:label1\" content=\"Escrito por\" \/>\n\t<meta name=\"twitter:data1\" content=\"Jeferson Carvalho\" \/>\n\t<meta name=\"twitter:label2\" content=\"Est. tempo de leitura\" \/>\n\t<meta name=\"twitter:data2\" content=\"3 minutos\" \/>\n<!-- \/ Yoast SEO plugin. -->","yoast_head_json":{"title":"Oficial! Empresas s\u00e3o obrigadas a aumentar sal\u00e1rios dos trabalhadores","description":"Muitos trabalhadores no pa\u00eds n\u00e3o sabem, mas podem ter direito a um aumento salarial anual garantido pela CLT. Reajuste est\u00e1 previsto na lei.","robots":{"index":"index","follow":"follow","max-snippet":"max-snippet:-1","max-image-preview":"max-image-preview:large","max-video-preview":"max-video-preview:-1"},"canonical":"https:\/\/tribunademinas.audiencelabs.com.br\/oficial-empresas-sao-obrigadas-a-aumentar-salarios-dos-trabalhadores\/","og_locale":"pt_BR","og_type":"article","og_title":"Oficial! Empresas s\u00e3o obrigadas a aumentar sal\u00e1rios dos trabalhadores","og_description":"Muitos trabalhadores no pa\u00eds n\u00e3o sabem, mas podem ter direito a um aumento salarial anual garantido pela CLT. Reajuste est\u00e1 previsto na lei.","og_url":"https:\/\/tribunademinas.audiencelabs.com.br\/oficial-empresas-sao-obrigadas-a-aumentar-salarios-dos-trabalhadores\/","og_site_name":"Tribuna de Minas - Dinheiro e Cidadania","article_publisher":"https:\/\/www.facebook.com\/tribunademinas\/","article_published_time":"2025-09-17T19:38:28+00:00","article_modified_time":"2025-09-17T19:38:33+00:00","og_image":[{"width":770,"height":513,"url":"https:\/\/tribunademinas.audiencelabs.com.br\/wp-content\/uploads\/2025\/09\/trabalhadores-1.webp","type":"image\/webp"}],"author":"Jeferson Carvalho","twitter_card":"summary_large_image","twitter_creator":"@tribunademinas","twitter_site":"@tribunademinas","twitter_misc":{"Escrito por":"Jeferson Carvalho","Est. tempo de leitura":"3 minutos"},"schema":{"@context":"https:\/\/schema.org","@graph":[{"@type":"Article","@id":"https:\/\/tribunademinas.audiencelabs.com.br\/oficial-empresas-sao-obrigadas-a-aumentar-salarios-dos-trabalhadores\/#article","isPartOf":{"@id":"https:\/\/tribunademinas.audiencelabs.com.br\/oficial-empresas-sao-obrigadas-a-aumentar-salarios-dos-trabalhadores\/"},"author":{"name":"Jeferson Carvalho","@id":"https:\/\/tribunademinas.audiencelabs.com.br\/#\/schema\/person\/db18fc40307804bacef94213aa68fd9d"},"headline":"Oficial! Empresas s\u00e3o obrigadas a aumentar sal\u00e1rios dos trabalhadores","datePublished":"2025-09-17T19:38:28+00:00","dateModified":"2025-09-17T19:38:33+00:00","mainEntityOfPage":{"@id":"https:\/\/tribunademinas.audiencelabs.com.br\/oficial-empresas-sao-obrigadas-a-aumentar-salarios-dos-trabalhadores\/"},"wordCount":445,"commentCount":0,"publisher":{"@id":"https:\/\/tribunademinas.audiencelabs.com.br\/#organization"},"image":{"@id":"https:\/\/tribunademinas.audiencelabs.com.br\/oficial-empresas-sao-obrigadas-a-aumentar-salarios-dos-trabalhadores\/#primaryimage"},"thumbnailUrl":"https:\/\/tribunademinas.audiencelabs.com.br\/wp-content\/uploads\/2025\/09\/trabalhadores-1.webp","articleSection":["Cidadania"],"inLanguage":"pt-BR","potentialAction":[{"@type":"CommentAction","name":"Comment","target":["https:\/\/tribunademinas.audiencelabs.com.br\/oficial-empresas-sao-obrigadas-a-aumentar-salarios-dos-trabalhadores\/#respond"]}]},{"@type":"WebPage","@id":"https:\/\/tribunademinas.audiencelabs.com.br\/oficial-empresas-sao-obrigadas-a-aumentar-salarios-dos-trabalhadores\/","url":"https:\/\/tribunademinas.audiencelabs.com.br\/oficial-empresas-sao-obrigadas-a-aumentar-salarios-dos-trabalhadores\/","name":"Oficial! Empresas s\u00e3o obrigadas a aumentar sal\u00e1rios dos trabalhadores","isPartOf":{"@id":"https:\/\/tribunademinas.audiencelabs.com.br\/#website"},"primaryImageOfPage":{"@id":"https:\/\/tribunademinas.audiencelabs.com.br\/oficial-empresas-sao-obrigadas-a-aumentar-salarios-dos-trabalhadores\/#primaryimage"},"image":{"@id":"https:\/\/tribunademinas.audiencelabs.com.br\/oficial-empresas-sao-obrigadas-a-aumentar-salarios-dos-trabalhadores\/#primaryimage"},"thumbnailUrl":"https:\/\/tribunademinas.audiencelabs.com.br\/wp-content\/uploads\/2025\/09\/trabalhadores-1.webp","datePublished":"2025-09-17T19:38:28+00:00","dateModified":"2025-09-17T19:38:33+00:00","description":"Muitos trabalhadores no pa\u00eds n\u00e3o sabem, mas podem ter direito a um aumento salarial anual garantido pela CLT. Reajuste est\u00e1 previsto na lei.","breadcrumb":{"@id":"https:\/\/tribunademinas.audiencelabs.com.br\/oficial-empresas-sao-obrigadas-a-aumentar-salarios-dos-trabalhadores\/#breadcrumb"},"inLanguage":"pt-BR","potentialAction":[{"@type":"ReadAction","target":["https:\/\/tribunademinas.audiencelabs.com.br\/oficial-empresas-sao-obrigadas-a-aumentar-salarios-dos-trabalhadores\/"]}]},{"@type":"ImageObject","inLanguage":"pt-BR","@id":"https:\/\/tribunademinas.audiencelabs.com.br\/oficial-empresas-sao-obrigadas-a-aumentar-salarios-dos-trabalhadores\/#primaryimage","url":"https:\/\/tribunademinas.audiencelabs.com.br\/wp-content\/uploads\/2025\/09\/trabalhadores-1.webp","contentUrl":"https:\/\/tribunademinas.audiencelabs.com.br\/wp-content\/uploads\/2025\/09\/trabalhadores-1.webp","width":770,"height":513,"caption":"Oficial! Empresas s\u00e3o obrigadas a aumentar sal\u00e1rios dos trabalhadores - Imagem: Marcelo Camargo\/Ag\u00eancia Brasil"},{"@type":"BreadcrumbList","@id":"https:\/\/tribunademinas.audiencelabs.com.br\/oficial-empresas-sao-obrigadas-a-aumentar-salarios-dos-trabalhadores\/#breadcrumb","itemListElement":[{"@type":"ListItem","position":1,"name":"In\u00edcio","item":"https:\/\/tribunademinas.audiencelabs.com.br\/"},{"@type":"ListItem","position":2,"name":"Oficial! Empresas s\u00e3o obrigadas a aumentar sal\u00e1rios dos trabalhadores"}]},{"@type":"WebSite","@id":"https:\/\/tribunademinas.audiencelabs.com.br\/#website","url":"https:\/\/tribunademinas.audiencelabs.com.br\/","name":"Tribuna de Minas - Dinheiro e Cidadania","description":"","publisher":{"@id":"https:\/\/tribunademinas.audiencelabs.com.br\/#organization"},"potentialAction":[{"@type":"SearchAction","target":{"@type":"EntryPoint","urlTemplate":"https:\/\/tribunademinas.audiencelabs.com.br\/?s={search_term_string}"},"query-input":{"@type":"PropertyValueSpecification","valueRequired":true,"valueName":"search_term_string"}}],"inLanguage":"pt-BR"},{"@type":"Organization","@id":"https:\/\/tribunademinas.audiencelabs.com.br\/#organization","name":"Tribuna de Minas - Dinheiro e Cidadania","url":"https:\/\/tribunademinas.audiencelabs.com.br\/","logo":{"@type":"ImageObject","inLanguage":"pt-BR","@id":"https:\/\/tribunademinas.audiencelabs.com.br\/#\/schema\/logo\/image\/","url":"https:\/\/tribunademinas.audiencelabs.com.br\/wp-content\/uploads\/2025\/08\/cropped-Tribuna_512x512-96x96-1.png","contentUrl":"https:\/\/tribunademinas.audiencelabs.com.br\/wp-content\/uploads\/2025\/08\/cropped-Tribuna_512x512-96x96-1.png","width":96,"height":96,"caption":"Tribuna de Minas - Dinheiro e Cidadania"},"image":{"@id":"https:\/\/tribunademinas.audiencelabs.com.br\/#\/schema\/logo\/image\/"},"sameAs":["https:\/\/www.facebook.com\/tribunademinas\/","https:\/\/x.com\/tribunademinas","https:\/\/www.instagram.com\/tribunademinas\/","https:\/\/www.youtube.com\/user\/TribunadeMinasJF"]},{"@type":"Person","@id":"https:\/\/tribunademinas.audiencelabs.com.br\/#\/schema\/person\/db18fc40307804bacef94213aa68fd9d","name":"Jeferson Carvalho","image":{"@type":"ImageObject","inLanguage":"pt-BR","@id":"https:\/\/tribunademinas.audiencelabs.com.br\/#\/schema\/person\/image\/","url":"https:\/\/secure.gravatar.com\/avatar\/cd7646e328d9670dad7dea8698522e522745eeffcff5b9d08be858e377ce326b?s=96&d=mm&r=g","contentUrl":"https:\/\/secure.gravatar.com\/avatar\/cd7646e328d9670dad7dea8698522e522745eeffcff5b9d08be858e377ce326b?s=96&d=mm&r=g","caption":"Jeferson Carvalho"},"description":"Jornalista apaixonado pela profiss\u00e3o!","url":"https:\/\/tribunademinas.audiencelabs.com.br\/author\/jeferson\/"}]}},"amp_enabled":true,"_links":{"self":[{"href":"https:\/\/tribunademinas.audiencelabs.com.br\/wp-json\/wp\/v2\/posts\/1514","targetHints":{"allow":["GET"]}}],"collection":[{"href":"https:\/\/tribunademinas.audiencelabs.com.br\/wp-json\/wp\/v2\/posts"}],"about":[{"href":"https:\/\/tribunademinas.audiencelabs.com.br\/wp-json\/wp\/v2\/types\/post"}],"author":[{"embeddable":true,"href":"https:\/\/tribunademinas.audiencelabs.com.br\/wp-json\/wp\/v2\/users\/5"}],"replies":[{"embeddable":true,"href":"https:\/\/tribunademinas.audiencelabs.com.br\/wp-json\/wp\/v2\/comments?post=1514"}],"version-history":[{"count":1,"href":"https:\/\/tribunademinas.audiencelabs.com.br\/wp-json\/wp\/v2\/posts\/1514\/revisions"}],"predecessor-version":[{"id":1519,"href":"https:\/\/tribunademinas.audiencelabs.com.br\/wp-json\/wp\/v2\/posts\/1514\/revisions\/1519"}],"wp:featuredmedia":[{"embeddable":true,"href":"https:\/\/tribunademinas.audiencelabs.com.br\/wp-json\/wp\/v2\/media\/1517"}],"wp:attachment":[{"href":"https:\/\/tribunademinas.audiencelabs.com.br\/wp-json\/wp\/v2\/media?parent=1514"}],"wp:term":[{"taxonomy":"category","embeddable":true,"href":"https:\/\/tribunademinas.audiencelabs.com.br\/wp-json\/wp\/v2\/categories?post=1514"},{"taxonomy":"post_tag","embeddable":true,"href":"https:\/\/tribunademinas.audiencelabs.com.br\/wp-json\/wp\/v2\/tags?post=1514"}],"curies":[{"name":"wp","href":"https:\/\/api.w.org\/{rel}","templated":true}]}}