{"id":1499,"date":"2025-09-18T12:00:00","date_gmt":"2025-09-18T15:00:00","guid":{"rendered":"https:\/\/tribunademinas.audiencelabs.com.br\/?p=1499"},"modified":"2025-09-17T14:10:55","modified_gmt":"2025-09-17T17:10:55","slug":"aposentadoria-modificada-a-maioria-nao-gostou","status":"publish","type":"post","link":"https:\/\/tribunademinas.audiencelabs.com.br\/aposentadoria-modificada-a-maioria-nao-gostou\/","title":{"rendered":"Aposentadoria modificada: a maioria n\u00e3o gostou"},"content":{"rendered":"\n<p>Embora a Aposentadoria por Idade e a Aposentadoria por Tempo de Contribui\u00e7\u00e3o estejam entre as modalidades mais conhecidas pelos trabalhadores, suas regras podem variar de acordo com as fun\u00e7\u00f5es exercidas.<\/p>\n\n\n\n<p>Inclusive, por conta do elevado grau de comprometimento, do desgaste emocional e da influ\u00eancia direta na forma\u00e7\u00e3o social, a <strong>carreira docente<\/strong> recebe reconhecimento espec\u00edfico na legisla\u00e7\u00e3o brasileira.<\/p>\n\n\n\n<p>Desta forma, os <strong>profissionais da educa\u00e7\u00e3o infantil, do ensino fundamental e do ensino m\u00e9dio<\/strong> dispunham de crit\u00e9rios de aposentadoria mais flex\u00edveis, em compara\u00e7\u00e3o aos de outros trabalhadores. Pelo menos, at\u00e9 as mudan\u00e7as promovidas pela Reforma da Previd\u00eancia de 2019.<\/p>\n\n\n\n<p>As altera\u00e7\u00f5es impactaram sobretudo os educadores que <strong>come\u00e7aram a atuar depois da Reforma<\/strong>, que agora precisam seguir novos crit\u00e9rios para se aposentar. S\u00e3o eles:<\/p>\n\n\n\n<ul class=\"wp-block-list\">\n<li><strong>Mulheres:<\/strong> 57 anos + 25 anos de contribui\u00e7\u00e3o;<\/li>\n\n\n\n<li><strong>Homens:<\/strong> 60 anos + 25 anos de contribui\u00e7\u00e3o.<\/li>\n<\/ul>\n\n\n\n<p>A aposentadoria docente tamb\u00e9m se aplica a <strong>diretores que exer\u00e7am atividades educacionais<\/strong>. Contudo, em todos os casos, \u00e9 obrigat\u00f3rio apresentar documenta\u00e7\u00e3o comprobat\u00f3ria no ato da solicita\u00e7\u00e3o da aposentadoria.<\/p>\n\n\n\n<h2 class=\"wp-block-heading\">Regras de transi\u00e7\u00e3o beneficiam aposentadorias pr\u00e9-Reforma<\/h2>\n\n\n\n<p>Atuando como elo entre o regime anterior e o atual, as regras de transi\u00e7\u00e3o para a aposentadoria de professores apresentam tr\u00eas modalidades distintas, que podem beneficiar profissionais pr\u00f3ximos \u00e0 aposentadoria na \u00e9poca da Reforma. S\u00e3o elas:<\/p>\n\n\n\n<h3 class=\"wp-block-heading\">Regra de pontos<\/h3>\n\n\n\n<p>O tempo de contribui\u00e7\u00e3o do professor \u00e9 somado \u00e0 sua idade. Para garantir a aposentadoria, \u00e9 necess\u00e1rio atingir um n\u00famero m\u00ednimo de pontos, que aumenta a cada ano.<\/p>\n\n\n\n<ul class=\"wp-block-list\">\n<li><strong>Mulheres: <\/strong>25 anos de contribui\u00e7\u00e3o + 87 pontos;<\/li>\n\n\n\n<li><strong>Homens:<\/strong> 30 anos de contribui\u00e7\u00e3o + 97 pontos.<\/li>\n<\/ul>\n\n\n\n<h3 class=\"wp-block-heading\">Regra da idade m\u00ednima progressiva<\/h3>\n\n\n\n<p>Para se aposentar, \u00e9 preciso atingir uma idade m\u00ednima, que cresce a cada ano, al\u00e9m de cumprir um per\u00edodo m\u00ednimo de contribui\u00e7\u00e3o.<\/p>\n\n\n\n<ul class=\"wp-block-list\">\n<li><strong>Mulheres: <\/strong>25 anos de contribui\u00e7\u00e3o + 54 anos de idade;\u00a0<\/li>\n\n\n\n<li><strong>Homens:<\/strong> 30 anos de contribui\u00e7\u00e3o + 59 anos de idade.<\/li>\n<\/ul>\n\n\n\n<h3 class=\"wp-block-heading\">Regra do ped\u00e1gio de 100%<\/h3>\n\n\n\n<p>O educador deve atingir a idade m\u00ednima e cumprir um ped\u00e1gio correspondente a 100% do tempo que ainda faltava para se aposentar segundo a regra anterior.<\/p>\n\n\n\n<ul class=\"wp-block-list\">\n<li><strong>Mulheres: <\/strong>52 anos de idade + 25 anos de contribui\u00e7\u00e3o + ped\u00e1gio.<\/li>\n\n\n\n<li><strong>Homens: <\/strong>55 anos de idade + 30 anos de contribui\u00e7\u00e3o + ped\u00e1gio.<\/li>\n<\/ul>\n","protected":false},"excerpt":{"rendered":"<p>Embora a Aposentadoria por Idade e a Aposentadoria por Tempo de Contribui\u00e7\u00e3o estejam entre as modalidades mais conhecidas pelos trabalhadores, suas regras podem variar de acordo com as fun\u00e7\u00f5es exercidas. Inclusive, por conta do elevado grau de comprometimento, do desgaste emocional e da influ\u00eancia direta na forma\u00e7\u00e3o social, a carreira docente recebe reconhecimento espec\u00edfico na [&hellip;]<\/p>\n","protected":false},"author":3,"featured_media":1500,"comment_status":"open","ping_status":"open","sticky":false,"template":"","format":"standard","meta":{"jnews-multi-image_gallery":[],"jnews_single_post":{"format":"standard"},"jnews_primary_category":[],"jnews_social_meta":[],"jnews_post_split":[],"footnotes":""},"categories":[159],"tags":[],"class_list":["post-1499","post","type-post","status-publish","format-standard","has-post-thumbnail","hentry","category-cidadania"],"yoast_head":"<!-- This site is optimized with the Yoast SEO plugin v25.6 - https:\/\/yoast.com\/wordpress\/plugins\/seo\/ -->\n<title>Aposentadoria modificada: a maioria n\u00e3o gostou<\/title>\n<meta name=\"robots\" content=\"index, follow, max-snippet:-1, max-image-preview:large, max-video-preview:-1\" \/>\n<link rel=\"canonical\" href=\"https:\/\/tribunademinas.audiencelabs.com.br\/aposentadoria-modificada-a-maioria-nao-gostou\/\" \/>\n<meta property=\"og:locale\" content=\"pt_BR\" \/>\n<meta property=\"og:type\" content=\"article\" \/>\n<meta property=\"og:title\" content=\"Aposentadoria modificada: a maioria n\u00e3o gostou\" \/>\n<meta property=\"og:description\" content=\"Embora a Aposentadoria por Idade e a Aposentadoria por Tempo de Contribui\u00e7\u00e3o estejam entre as modalidades mais conhecidas pelos trabalhadores, suas regras podem variar de acordo com as fun\u00e7\u00f5es exercidas. Inclusive, por conta do elevado grau de comprometimento, do desgaste emocional e da influ\u00eancia direta na forma\u00e7\u00e3o social, a carreira docente recebe reconhecimento espec\u00edfico na [&hellip;]\" \/>\n<meta property=\"og:url\" content=\"https:\/\/tribunademinas.audiencelabs.com.br\/aposentadoria-modificada-a-maioria-nao-gostou\/\" \/>\n<meta property=\"og:site_name\" content=\"Tribuna de Minas - Dinheiro e Cidadania\" \/>\n<meta property=\"article:publisher\" content=\"https:\/\/www.facebook.com\/tribunademinas\/\" \/>\n<meta property=\"article:published_time\" content=\"2025-09-18T15:00:00+00:00\" \/>\n<meta property=\"og:image\" content=\"https:\/\/tribunademinas.audiencelabs.com.br\/wp-content\/uploads\/2025\/09\/aposentadoria-modificada-maioria-nao-gostou.jpg\" \/>\n\t<meta property=\"og:image:width\" content=\"2000\" \/>\n\t<meta property=\"og:image:height\" content=\"1125\" \/>\n\t<meta property=\"og:image:type\" content=\"image\/jpeg\" \/>\n<meta name=\"author\" content=\"Jo\u00e3o Carlos Gomes\" \/>\n<meta name=\"twitter:card\" content=\"summary_large_image\" \/>\n<meta name=\"twitter:creator\" content=\"@tribunademinas\" \/>\n<meta name=\"twitter:site\" content=\"@tribunademinas\" \/>\n<meta name=\"twitter:label1\" content=\"Escrito por\" \/>\n\t<meta name=\"twitter:data1\" content=\"Jo\u00e3o Carlos Gomes\" \/>\n\t<meta name=\"twitter:label2\" content=\"Est. tempo de leitura\" \/>\n\t<meta name=\"twitter:data2\" content=\"3 minutos\" \/>\n<!-- \/ Yoast SEO plugin. -->","yoast_head_json":{"title":"Aposentadoria modificada: a maioria n\u00e3o gostou","robots":{"index":"index","follow":"follow","max-snippet":"max-snippet:-1","max-image-preview":"max-image-preview:large","max-video-preview":"max-video-preview:-1"},"canonical":"https:\/\/tribunademinas.audiencelabs.com.br\/aposentadoria-modificada-a-maioria-nao-gostou\/","og_locale":"pt_BR","og_type":"article","og_title":"Aposentadoria modificada: a maioria n\u00e3o gostou","og_description":"Embora a Aposentadoria por Idade e a Aposentadoria por Tempo de Contribui\u00e7\u00e3o estejam entre as modalidades mais conhecidas pelos trabalhadores, suas regras podem variar de acordo com as fun\u00e7\u00f5es exercidas. Inclusive, por conta do elevado grau de comprometimento, do desgaste emocional e da influ\u00eancia direta na forma\u00e7\u00e3o social, a carreira docente recebe reconhecimento espec\u00edfico na [&hellip;]","og_url":"https:\/\/tribunademinas.audiencelabs.com.br\/aposentadoria-modificada-a-maioria-nao-gostou\/","og_site_name":"Tribuna de Minas - Dinheiro e Cidadania","article_publisher":"https:\/\/www.facebook.com\/tribunademinas\/","article_published_time":"2025-09-18T15:00:00+00:00","og_image":[{"width":2000,"height":1125,"url":"https:\/\/tribunademinas.audiencelabs.com.br\/wp-content\/uploads\/2025\/09\/aposentadoria-modificada-maioria-nao-gostou.jpg","type":"image\/jpeg"}],"author":"Jo\u00e3o Carlos Gomes","twitter_card":"summary_large_image","twitter_creator":"@tribunademinas","twitter_site":"@tribunademinas","twitter_misc":{"Escrito por":"Jo\u00e3o Carlos Gomes","Est. tempo de leitura":"3 minutos"},"schema":{"@context":"https:\/\/schema.org","@graph":[{"@type":"Article","@id":"https:\/\/tribunademinas.audiencelabs.com.br\/aposentadoria-modificada-a-maioria-nao-gostou\/#article","isPartOf":{"@id":"https:\/\/tribunademinas.audiencelabs.com.br\/aposentadoria-modificada-a-maioria-nao-gostou\/"},"author":{"name":"Jo\u00e3o Carlos Gomes","@id":"https:\/\/tribunademinas.audiencelabs.com.br\/#\/schema\/person\/37af466a64a722fadb8ef6841c52114f"},"headline":"Aposentadoria modificada: a maioria n\u00e3o gostou","datePublished":"2025-09-18T15:00:00+00:00","mainEntityOfPage":{"@id":"https:\/\/tribunademinas.audiencelabs.com.br\/aposentadoria-modificada-a-maioria-nao-gostou\/"},"wordCount":379,"commentCount":0,"publisher":{"@id":"https:\/\/tribunademinas.audiencelabs.com.br\/#organization"},"image":{"@id":"https:\/\/tribunademinas.audiencelabs.com.br\/aposentadoria-modificada-a-maioria-nao-gostou\/#primaryimage"},"thumbnailUrl":"https:\/\/tribunademinas.audiencelabs.com.br\/wp-content\/uploads\/2025\/09\/aposentadoria-modificada-maioria-nao-gostou.jpg","articleSection":["Cidadania"],"inLanguage":"pt-BR","potentialAction":[{"@type":"CommentAction","name":"Comment","target":["https:\/\/tribunademinas.audiencelabs.com.br\/aposentadoria-modificada-a-maioria-nao-gostou\/#respond"]}]},{"@type":"WebPage","@id":"https:\/\/tribunademinas.audiencelabs.com.br\/aposentadoria-modificada-a-maioria-nao-gostou\/","url":"https:\/\/tribunademinas.audiencelabs.com.br\/aposentadoria-modificada-a-maioria-nao-gostou\/","name":"Aposentadoria modificada: a maioria n\u00e3o gostou","isPartOf":{"@id":"https:\/\/tribunademinas.audiencelabs.com.br\/#website"},"primaryImageOfPage":{"@id":"https:\/\/tribunademinas.audiencelabs.com.br\/aposentadoria-modificada-a-maioria-nao-gostou\/#primaryimage"},"image":{"@id":"https:\/\/tribunademinas.audiencelabs.com.br\/aposentadoria-modificada-a-maioria-nao-gostou\/#primaryimage"},"thumbnailUrl":"https:\/\/tribunademinas.audiencelabs.com.br\/wp-content\/uploads\/2025\/09\/aposentadoria-modificada-maioria-nao-gostou.jpg","datePublished":"2025-09-18T15:00:00+00:00","breadcrumb":{"@id":"https:\/\/tribunademinas.audiencelabs.com.br\/aposentadoria-modificada-a-maioria-nao-gostou\/#breadcrumb"},"inLanguage":"pt-BR","potentialAction":[{"@type":"ReadAction","target":["https:\/\/tribunademinas.audiencelabs.com.br\/aposentadoria-modificada-a-maioria-nao-gostou\/"]}]},{"@type":"ImageObject","inLanguage":"pt-BR","@id":"https:\/\/tribunademinas.audiencelabs.com.br\/aposentadoria-modificada-a-maioria-nao-gostou\/#primaryimage","url":"https:\/\/tribunademinas.audiencelabs.com.br\/wp-content\/uploads\/2025\/09\/aposentadoria-modificada-maioria-nao-gostou.jpg","contentUrl":"https:\/\/tribunademinas.audiencelabs.com.br\/wp-content\/uploads\/2025\/09\/aposentadoria-modificada-maioria-nao-gostou.jpg","width":2000,"height":1125,"caption":"Foto: Freepik"},{"@type":"BreadcrumbList","@id":"https:\/\/tribunademinas.audiencelabs.com.br\/aposentadoria-modificada-a-maioria-nao-gostou\/#breadcrumb","itemListElement":[{"@type":"ListItem","position":1,"name":"In\u00edcio","item":"https:\/\/tribunademinas.audiencelabs.com.br\/"},{"@type":"ListItem","position":2,"name":"Aposentadoria modificada: a maioria n\u00e3o gostou"}]},{"@type":"WebSite","@id":"https:\/\/tribunademinas.audiencelabs.com.br\/#website","url":"https:\/\/tribunademinas.audiencelabs.com.br\/","name":"Tribuna de Minas - Dinheiro e Cidadania","description":"","publisher":{"@id":"https:\/\/tribunademinas.audiencelabs.com.br\/#organization"},"potentialAction":[{"@type":"SearchAction","target":{"@type":"EntryPoint","urlTemplate":"https:\/\/tribunademinas.audiencelabs.com.br\/?s={search_term_string}"},"query-input":{"@type":"PropertyValueSpecification","valueRequired":true,"valueName":"search_term_string"}}],"inLanguage":"pt-BR"},{"@type":"Organization","@id":"https:\/\/tribunademinas.audiencelabs.com.br\/#organization","name":"Tribuna de Minas - Dinheiro e Cidadania","url":"https:\/\/tribunademinas.audiencelabs.com.br\/","logo":{"@type":"ImageObject","inLanguage":"pt-BR","@id":"https:\/\/tribunademinas.audiencelabs.com.br\/#\/schema\/logo\/image\/","url":"https:\/\/tribunademinas.audiencelabs.com.br\/wp-content\/uploads\/2025\/08\/cropped-Tribuna_512x512-96x96-1.png","contentUrl":"https:\/\/tribunademinas.audiencelabs.com.br\/wp-content\/uploads\/2025\/08\/cropped-Tribuna_512x512-96x96-1.png","width":96,"height":96,"caption":"Tribuna de Minas - Dinheiro e Cidadania"},"image":{"@id":"https:\/\/tribunademinas.audiencelabs.com.br\/#\/schema\/logo\/image\/"},"sameAs":["https:\/\/www.facebook.com\/tribunademinas\/","https:\/\/x.com\/tribunademinas","https:\/\/www.instagram.com\/tribunademinas\/","https:\/\/www.youtube.com\/user\/TribunadeMinasJF"]},{"@type":"Person","@id":"https:\/\/tribunademinas.audiencelabs.com.br\/#\/schema\/person\/37af466a64a722fadb8ef6841c52114f","name":"Jo\u00e3o Carlos Gomes","image":{"@type":"ImageObject","inLanguage":"pt-BR","@id":"https:\/\/tribunademinas.audiencelabs.com.br\/#\/schema\/person\/image\/","url":"https:\/\/secure.gravatar.com\/avatar\/4ce4672dbdd694b329cd6fdb51bee7d1409be1f0ff76a537e4c4a737b2c7d1a9?s=96&d=mm&r=g","contentUrl":"https:\/\/secure.gravatar.com\/avatar\/4ce4672dbdd694b329cd6fdb51bee7d1409be1f0ff76a537e4c4a737b2c7d1a9?s=96&d=mm&r=g","caption":"Jo\u00e3o Carlos Gomes"},"description":"Jornalista formado pelo Centro Universit\u00e1rio Carioca, apreciador da Bossa Nova ao Metal Extremo, criador de conte\u00fado e m\u00fasico independente nas horas vagas.","url":"https:\/\/tribunademinas.audiencelabs.com.br\/author\/joaoc-junior\/"}]}},"amp_enabled":true,"_links":{"self":[{"href":"https:\/\/tribunademinas.audiencelabs.com.br\/wp-json\/wp\/v2\/posts\/1499","targetHints":{"allow":["GET"]}}],"collection":[{"href":"https:\/\/tribunademinas.audiencelabs.com.br\/wp-json\/wp\/v2\/posts"}],"about":[{"href":"https:\/\/tribunademinas.audiencelabs.com.br\/wp-json\/wp\/v2\/types\/post"}],"author":[{"embeddable":true,"href":"https:\/\/tribunademinas.audiencelabs.com.br\/wp-json\/wp\/v2\/users\/3"}],"replies":[{"embeddable":true,"href":"https:\/\/tribunademinas.audiencelabs.com.br\/wp-json\/wp\/v2\/comments?post=1499"}],"version-history":[{"count":1,"href":"https:\/\/tribunademinas.audiencelabs.com.br\/wp-json\/wp\/v2\/posts\/1499\/revisions"}],"predecessor-version":[{"id":1501,"href":"https:\/\/tribunademinas.audiencelabs.com.br\/wp-json\/wp\/v2\/posts\/1499\/revisions\/1501"}],"wp:featuredmedia":[{"embeddable":true,"href":"https:\/\/tribunademinas.audiencelabs.com.br\/wp-json\/wp\/v2\/media\/1500"}],"wp:attachment":[{"href":"https:\/\/tribunademinas.audiencelabs.com.br\/wp-json\/wp\/v2\/media?parent=1499"}],"wp:term":[{"taxonomy":"category","embeddable":true,"href":"https:\/\/tribunademinas.audiencelabs.com.br\/wp-json\/wp\/v2\/categories?post=1499"},{"taxonomy":"post_tag","embeddable":true,"href":"https:\/\/tribunademinas.audiencelabs.com.br\/wp-json\/wp\/v2\/tags?post=1499"}],"curies":[{"name":"wp","href":"https:\/\/api.w.org\/{rel}","templated":true}]}}