{"id":1484,"date":"2025-09-20T05:50:00","date_gmt":"2025-09-20T08:50:00","guid":{"rendered":"https:\/\/tribunademinas.audiencelabs.com.br\/?p=1484"},"modified":"2025-09-16T18:29:29","modified_gmt":"2025-09-16T21:29:29","slug":"michel-temer-surpreendeu-e-fez-revelacao-sobre-lula","status":"publish","type":"post","link":"https:\/\/tribunademinas.audiencelabs.com.br\/michel-temer-surpreendeu-e-fez-revelacao-sobre-lula\/","title":{"rendered":"Michel Temer surpreendeu e fez revela\u00e7\u00e3o sobre Lula"},"content":{"rendered":"\n<p>Na noite da \u00faltima segunda-feira, 15 de setembro, o ex-presidente Michel Temer (MDB) participou do<a href=\"https:\/\/www.youtube.com\/watch?v=BKm-X4_v1KE\"><strong> programa <em>Roda Viva<\/em><\/strong><\/a>, da TV Cultura, e fez uma declara\u00e7\u00e3o inesperada ao comentar sobre a atual tens\u00e3o diplom\u00e1tica entre Brasil e Estados Unidos. <\/p>\n\n\n\n<p>Ao analisar o embate entre os governos de Luiz In\u00e1cio Lula da Silva (PT) e <a href=\"https:\/\/tribunademinas.com.br\/colunas\/maistendencias\/trump-quer-remover-moradores-de-rua-para-longe-da-capital\/\"><strong>Donald Trump<\/strong><\/a> (Partido Republicano), Temer avaliou que, apesar do conflito, Lula saiu politicamente fortalecido, e que os ataques norte-americanos ao Judici\u00e1rio brasileiro acabaram impulsionando sua imagem dentro do pa\u00eds.<\/p>\n\n\n\n<h2 class=\"wp-block-heading\">Michel Temer surpreendeu e fez revela\u00e7\u00e3o sobre Lula<\/h2>\n\n\n\n<p>Segundo Temer, a cr\u00edtica vinda dos EUA contribuiu para que Lula refor\u00e7asse seu discurso de soberania nacional. Para ele, o presidente brasileiro soube usar o epis\u00f3dio a seu favor, reacendendo a narrativa de resist\u00eancia e autonomia frente a press\u00f5es externas. <\/p>\n\n\n\n<blockquote class=\"wp-block-quote is-layout-flow wp-block-quote-is-layout-flow\">\n<p>\u201c<em>Ao atacar as institui\u00e7\u00f5es brasileiras, os Estados Unidos involuntariamente permitiram que Lula retomasse uma pauta que resgata sua trajet\u00f3ria pol\u00edtica: a defesa da soberania e do voto popular<\/em>\u201d, comentou.<\/p>\n<\/blockquote>\n\n\n\n<p>Apesar de reconhecer os efeitos positivos para a imagem de Lula no cen\u00e1rio interno, Temer tamb\u00e9m apontou equ\u00edvocos na condu\u00e7\u00e3o do epis\u00f3dio pelo governo brasileiro. Um deles foi a carta escrita por Lula e publicada no <em>New York Times<\/em>, no domingo anterior \u00e0 entrevista. <\/p>\n\n\n\n<p>Para o ex-presidente, o conte\u00fado do texto teve um tom provocativo e foi pensado mais para o p\u00fablico brasileiro do que para dialogar com os americanos. <\/p>\n\n\n\n<blockquote class=\"wp-block-quote is-layout-flow wp-block-quote-is-layout-flow\">\n<p>&#8220;<em>Aquela carta foi um recado para dentro do Brasil. \u00c9 dura demais, e chama o presidente Trump de desonesto. Isso fecha portas<\/em>&#8220;, criticou.<\/p>\n<\/blockquote>\n\n\n\n<h3 class=\"wp-block-heading\">Temer revelou o que faria sobre os EUA se estivesse no lugar de Lula<\/h3>\n\n\n\n<p>Temer tamb\u00e9m disse que, se estivesse na presid\u00eancia, teria optado por outro caminho. Segundo ele, o melhor seria tentar o di\u00e1logo direto com Trump, mesmo diante de desentendimentos.<\/p>\n\n\n\n<blockquote class=\"wp-block-quote is-layout-flow wp-block-quote-is-layout-flow\">\n<p> \u201c<em>Eu teria ligado para ele. Nessas situa\u00e7\u00f5es, o importante \u00e9 manter a comunica\u00e7\u00e3o. Se o presidente dos EUA atender o telefone, voc\u00ea abre uma porta para o entendimento<\/em>\u201d, afirmou.<\/p>\n<\/blockquote>\n\n\n\n<p>O atrito ganhou for\u00e7a ap\u00f3s a decis\u00e3o do governo norte-americano de impor tarifas de 50% sobre produtos brasileiros. <\/p>\n\n\n\n<p>Lula, por sua vez, tem afirmado que n\u00e3o vai se submeter e que Trump n\u00e3o est\u00e1 disposto ao di\u00e1logo. Temer, no entanto, v\u00ea nessa postura uma oportunidade perdida para desarmar o conflito por meio da diplomacia.<\/p>\n\n\n\n<p><\/p>\n","protected":false},"excerpt":{"rendered":"<p>Na noite da \u00faltima segunda-feira, 15 de setembro, o ex-presidente Michel Temer (MDB) participou do programa Roda Viva, da TV Cultura, e fez uma declara\u00e7\u00e3o inesperada ao comentar sobre a atual tens\u00e3o diplom\u00e1tica entre Brasil e Estados Unidos. Ao analisar o embate entre os governos de Luiz In\u00e1cio Lula da Silva (PT) e Donald Trump [&hellip;]<\/p>\n","protected":false},"author":5,"featured_media":1485,"comment_status":"open","ping_status":"open","sticky":false,"template":"","format":"standard","meta":{"jnews-multi-image_gallery":[],"jnews_single_post":{"format":"standard"},"jnews_primary_category":[],"jnews_social_meta":[],"jnews_post_split":[],"footnotes":""},"categories":[159],"tags":[],"class_list":["post-1484","post","type-post","status-publish","format-standard","has-post-thumbnail","hentry","category-cidadania"],"yoast_head":"<!-- This site is optimized with the Yoast SEO plugin v25.6 - https:\/\/yoast.com\/wordpress\/plugins\/seo\/ -->\n<title>Michel Temer surpreendeu e fez revela\u00e7\u00e3o sobre Lula<\/title>\n<meta name=\"description\" content=\"Na noite da \u00faltima segunda-feira, 15 de setembro, o ex-presidente Michel Temer (MDB) participou do programa Roda Viva, da TV Cultura.\" \/>\n<meta name=\"robots\" content=\"index, follow, max-snippet:-1, max-image-preview:large, max-video-preview:-1\" \/>\n<link rel=\"canonical\" href=\"https:\/\/tribunademinas.audiencelabs.com.br\/michel-temer-surpreendeu-e-fez-revelacao-sobre-lula\/\" \/>\n<meta property=\"og:locale\" content=\"pt_BR\" \/>\n<meta property=\"og:type\" content=\"article\" \/>\n<meta property=\"og:title\" content=\"Michel Temer surpreendeu e fez revela\u00e7\u00e3o sobre Lula\" \/>\n<meta property=\"og:description\" content=\"Na noite da \u00faltima segunda-feira, 15 de setembro, o ex-presidente Michel Temer (MDB) participou do programa Roda Viva, da TV Cultura.\" \/>\n<meta property=\"og:url\" content=\"https:\/\/tribunademinas.audiencelabs.com.br\/michel-temer-surpreendeu-e-fez-revelacao-sobre-lula\/\" \/>\n<meta property=\"og:site_name\" content=\"Tribuna de Minas - Dinheiro e Cidadania\" \/>\n<meta property=\"article:publisher\" content=\"https:\/\/www.facebook.com\/tribunademinas\/\" \/>\n<meta property=\"article:published_time\" content=\"2025-09-20T08:50:00+00:00\" \/>\n<meta property=\"og:image\" content=\"https:\/\/tribunademinas.audiencelabs.com.br\/wp-content\/uploads\/2025\/09\/Michel-Temer.webp\" \/>\n\t<meta property=\"og:image:width\" content=\"1170\" \/>\n\t<meta property=\"og:image:height\" content=\"700\" \/>\n\t<meta property=\"og:image:type\" content=\"image\/webp\" \/>\n<meta name=\"author\" content=\"Jeferson Carvalho\" \/>\n<meta name=\"twitter:card\" content=\"summary_large_image\" \/>\n<meta name=\"twitter:creator\" content=\"@tribunademinas\" \/>\n<meta name=\"twitter:site\" content=\"@tribunademinas\" \/>\n<meta name=\"twitter:label1\" content=\"Escrito por\" \/>\n\t<meta name=\"twitter:data1\" content=\"Jeferson Carvalho\" \/>\n\t<meta name=\"twitter:label2\" content=\"Est. tempo de leitura\" \/>\n\t<meta name=\"twitter:data2\" content=\"2 minutos\" \/>\n<!-- \/ Yoast SEO plugin. -->","yoast_head_json":{"title":"Michel Temer surpreendeu e fez revela\u00e7\u00e3o sobre Lula","description":"Na noite da \u00faltima segunda-feira, 15 de setembro, o ex-presidente Michel Temer (MDB) participou do programa Roda Viva, da TV Cultura.","robots":{"index":"index","follow":"follow","max-snippet":"max-snippet:-1","max-image-preview":"max-image-preview:large","max-video-preview":"max-video-preview:-1"},"canonical":"https:\/\/tribunademinas.audiencelabs.com.br\/michel-temer-surpreendeu-e-fez-revelacao-sobre-lula\/","og_locale":"pt_BR","og_type":"article","og_title":"Michel Temer surpreendeu e fez revela\u00e7\u00e3o sobre Lula","og_description":"Na noite da \u00faltima segunda-feira, 15 de setembro, o ex-presidente Michel Temer (MDB) participou do programa Roda Viva, da TV Cultura.","og_url":"https:\/\/tribunademinas.audiencelabs.com.br\/michel-temer-surpreendeu-e-fez-revelacao-sobre-lula\/","og_site_name":"Tribuna de Minas - Dinheiro e Cidadania","article_publisher":"https:\/\/www.facebook.com\/tribunademinas\/","article_published_time":"2025-09-20T08:50:00+00:00","og_image":[{"width":1170,"height":700,"url":"https:\/\/tribunademinas.audiencelabs.com.br\/wp-content\/uploads\/2025\/09\/Michel-Temer.webp","type":"image\/webp"}],"author":"Jeferson Carvalho","twitter_card":"summary_large_image","twitter_creator":"@tribunademinas","twitter_site":"@tribunademinas","twitter_misc":{"Escrito por":"Jeferson Carvalho","Est. tempo de leitura":"2 minutos"},"schema":{"@context":"https:\/\/schema.org","@graph":[{"@type":"Article","@id":"https:\/\/tribunademinas.audiencelabs.com.br\/michel-temer-surpreendeu-e-fez-revelacao-sobre-lula\/#article","isPartOf":{"@id":"https:\/\/tribunademinas.audiencelabs.com.br\/michel-temer-surpreendeu-e-fez-revelacao-sobre-lula\/"},"author":{"name":"Jeferson Carvalho","@id":"https:\/\/tribunademinas.audiencelabs.com.br\/#\/schema\/person\/db18fc40307804bacef94213aa68fd9d"},"headline":"Michel Temer surpreendeu e fez revela\u00e7\u00e3o sobre Lula","datePublished":"2025-09-20T08:50:00+00:00","mainEntityOfPage":{"@id":"https:\/\/tribunademinas.audiencelabs.com.br\/michel-temer-surpreendeu-e-fez-revelacao-sobre-lula\/"},"wordCount":414,"commentCount":0,"publisher":{"@id":"https:\/\/tribunademinas.audiencelabs.com.br\/#organization"},"image":{"@id":"https:\/\/tribunademinas.audiencelabs.com.br\/michel-temer-surpreendeu-e-fez-revelacao-sobre-lula\/#primaryimage"},"thumbnailUrl":"https:\/\/tribunademinas.audiencelabs.com.br\/wp-content\/uploads\/2025\/09\/Michel-Temer.webp","articleSection":["Cidadania"],"inLanguage":"pt-BR","potentialAction":[{"@type":"CommentAction","name":"Comment","target":["https:\/\/tribunademinas.audiencelabs.com.br\/michel-temer-surpreendeu-e-fez-revelacao-sobre-lula\/#respond"]}]},{"@type":"WebPage","@id":"https:\/\/tribunademinas.audiencelabs.com.br\/michel-temer-surpreendeu-e-fez-revelacao-sobre-lula\/","url":"https:\/\/tribunademinas.audiencelabs.com.br\/michel-temer-surpreendeu-e-fez-revelacao-sobre-lula\/","name":"Michel Temer surpreendeu e fez revela\u00e7\u00e3o sobre Lula","isPartOf":{"@id":"https:\/\/tribunademinas.audiencelabs.com.br\/#website"},"primaryImageOfPage":{"@id":"https:\/\/tribunademinas.audiencelabs.com.br\/michel-temer-surpreendeu-e-fez-revelacao-sobre-lula\/#primaryimage"},"image":{"@id":"https:\/\/tribunademinas.audiencelabs.com.br\/michel-temer-surpreendeu-e-fez-revelacao-sobre-lula\/#primaryimage"},"thumbnailUrl":"https:\/\/tribunademinas.audiencelabs.com.br\/wp-content\/uploads\/2025\/09\/Michel-Temer.webp","datePublished":"2025-09-20T08:50:00+00:00","description":"Na noite da \u00faltima segunda-feira, 15 de setembro, o ex-presidente Michel Temer (MDB) participou do programa Roda Viva, da TV Cultura.","breadcrumb":{"@id":"https:\/\/tribunademinas.audiencelabs.com.br\/michel-temer-surpreendeu-e-fez-revelacao-sobre-lula\/#breadcrumb"},"inLanguage":"pt-BR","potentialAction":[{"@type":"ReadAction","target":["https:\/\/tribunademinas.audiencelabs.com.br\/michel-temer-surpreendeu-e-fez-revelacao-sobre-lula\/"]}]},{"@type":"ImageObject","inLanguage":"pt-BR","@id":"https:\/\/tribunademinas.audiencelabs.com.br\/michel-temer-surpreendeu-e-fez-revelacao-sobre-lula\/#primaryimage","url":"https:\/\/tribunademinas.audiencelabs.com.br\/wp-content\/uploads\/2025\/09\/Michel-Temer.webp","contentUrl":"https:\/\/tribunademinas.audiencelabs.com.br\/wp-content\/uploads\/2025\/09\/Michel-Temer.webp","width":1170,"height":700,"caption":"Michel Temer surpreendeu e fez revela\u00e7\u00e3o sobre Lula - Imagem: Beto Barata\/Presid\u00eancia da Rep\u00fablica"},{"@type":"BreadcrumbList","@id":"https:\/\/tribunademinas.audiencelabs.com.br\/michel-temer-surpreendeu-e-fez-revelacao-sobre-lula\/#breadcrumb","itemListElement":[{"@type":"ListItem","position":1,"name":"In\u00edcio","item":"https:\/\/tribunademinas.audiencelabs.com.br\/"},{"@type":"ListItem","position":2,"name":"Michel Temer surpreendeu e fez revela\u00e7\u00e3o sobre Lula"}]},{"@type":"WebSite","@id":"https:\/\/tribunademinas.audiencelabs.com.br\/#website","url":"https:\/\/tribunademinas.audiencelabs.com.br\/","name":"Tribuna de Minas - Dinheiro e Cidadania","description":"","publisher":{"@id":"https:\/\/tribunademinas.audiencelabs.com.br\/#organization"},"potentialAction":[{"@type":"SearchAction","target":{"@type":"EntryPoint","urlTemplate":"https:\/\/tribunademinas.audiencelabs.com.br\/?s={search_term_string}"},"query-input":{"@type":"PropertyValueSpecification","valueRequired":true,"valueName":"search_term_string"}}],"inLanguage":"pt-BR"},{"@type":"Organization","@id":"https:\/\/tribunademinas.audiencelabs.com.br\/#organization","name":"Tribuna de Minas - Dinheiro e Cidadania","url":"https:\/\/tribunademinas.audiencelabs.com.br\/","logo":{"@type":"ImageObject","inLanguage":"pt-BR","@id":"https:\/\/tribunademinas.audiencelabs.com.br\/#\/schema\/logo\/image\/","url":"https:\/\/tribunademinas.audiencelabs.com.br\/wp-content\/uploads\/2025\/08\/cropped-Tribuna_512x512-96x96-1.png","contentUrl":"https:\/\/tribunademinas.audiencelabs.com.br\/wp-content\/uploads\/2025\/08\/cropped-Tribuna_512x512-96x96-1.png","width":96,"height":96,"caption":"Tribuna de Minas - Dinheiro e Cidadania"},"image":{"@id":"https:\/\/tribunademinas.audiencelabs.com.br\/#\/schema\/logo\/image\/"},"sameAs":["https:\/\/www.facebook.com\/tribunademinas\/","https:\/\/x.com\/tribunademinas","https:\/\/www.instagram.com\/tribunademinas\/","https:\/\/www.youtube.com\/user\/TribunadeMinasJF"]},{"@type":"Person","@id":"https:\/\/tribunademinas.audiencelabs.com.br\/#\/schema\/person\/db18fc40307804bacef94213aa68fd9d","name":"Jeferson Carvalho","image":{"@type":"ImageObject","inLanguage":"pt-BR","@id":"https:\/\/tribunademinas.audiencelabs.com.br\/#\/schema\/person\/image\/","url":"https:\/\/secure.gravatar.com\/avatar\/cd7646e328d9670dad7dea8698522e522745eeffcff5b9d08be858e377ce326b?s=96&d=mm&r=g","contentUrl":"https:\/\/secure.gravatar.com\/avatar\/cd7646e328d9670dad7dea8698522e522745eeffcff5b9d08be858e377ce326b?s=96&d=mm&r=g","caption":"Jeferson Carvalho"},"description":"Jornalista apaixonado pela profiss\u00e3o!","url":"https:\/\/tribunademinas.audiencelabs.com.br\/author\/jeferson\/"}]}},"amp_enabled":true,"_links":{"self":[{"href":"https:\/\/tribunademinas.audiencelabs.com.br\/wp-json\/wp\/v2\/posts\/1484","targetHints":{"allow":["GET"]}}],"collection":[{"href":"https:\/\/tribunademinas.audiencelabs.com.br\/wp-json\/wp\/v2\/posts"}],"about":[{"href":"https:\/\/tribunademinas.audiencelabs.com.br\/wp-json\/wp\/v2\/types\/post"}],"author":[{"embeddable":true,"href":"https:\/\/tribunademinas.audiencelabs.com.br\/wp-json\/wp\/v2\/users\/5"}],"replies":[{"embeddable":true,"href":"https:\/\/tribunademinas.audiencelabs.com.br\/wp-json\/wp\/v2\/comments?post=1484"}],"version-history":[{"count":1,"href":"https:\/\/tribunademinas.audiencelabs.com.br\/wp-json\/wp\/v2\/posts\/1484\/revisions"}],"predecessor-version":[{"id":1486,"href":"https:\/\/tribunademinas.audiencelabs.com.br\/wp-json\/wp\/v2\/posts\/1484\/revisions\/1486"}],"wp:featuredmedia":[{"embeddable":true,"href":"https:\/\/tribunademinas.audiencelabs.com.br\/wp-json\/wp\/v2\/media\/1485"}],"wp:attachment":[{"href":"https:\/\/tribunademinas.audiencelabs.com.br\/wp-json\/wp\/v2\/media?parent=1484"}],"wp:term":[{"taxonomy":"category","embeddable":true,"href":"https:\/\/tribunademinas.audiencelabs.com.br\/wp-json\/wp\/v2\/categories?post=1484"},{"taxonomy":"post_tag","embeddable":true,"href":"https:\/\/tribunademinas.audiencelabs.com.br\/wp-json\/wp\/v2\/tags?post=1484"}],"curies":[{"name":"wp","href":"https:\/\/api.w.org\/{rel}","templated":true}]}}