{"id":1474,"date":"2025-09-17T07:45:00","date_gmt":"2025-09-17T10:45:00","guid":{"rendered":"https:\/\/tribunademinas.audiencelabs.com.br\/?p=1474"},"modified":"2025-09-16T17:40:06","modified_gmt":"2025-09-16T20:40:06","slug":"caixa-liberou-saque-de-r-6-220-voce-pode-receber","status":"publish","type":"post","link":"https:\/\/tribunademinas.audiencelabs.com.br\/caixa-liberou-saque-de-r-6-220-voce-pode-receber\/","title":{"rendered":"Caixa liberou saque de R$ 6.220: voc\u00ea pode receber?"},"content":{"rendered":"\n<p>A Caixa Econ\u00f4mica Federal passou a liberar, desde a \u00faltima ter\u00e7a-feira, 16 de setembro, o saque de at\u00e9 R$ 6.220 do Fundo de Garantia do Tempo de Servi\u00e7o (FGTS) para trabalhadores que vivem em munic\u00edpios atingidos por desastres naturais. <\/p>\n\n\n\n<p>A medida faz parte do chamado \u201csaque por calamidade\u201d, uma modalidade emergencial do FGTS criada para fornecer apoio financeiro a pessoas afetadas por eventos extremos, como enchentes e deslizamentos. <\/p>\n\n\n\n<p>Nesta rodada, moradores de tr\u00eas cidades do Rio Grande do Sul foram contemplados: Chuvisca, Jaguar\u00e3o e S\u00e3o Louren\u00e7o do Sul.<\/p>\n\n\n\n<h2 class=\"wp-block-heading\">Caixa liberou saque de R$ 6.220: voc\u00ea pode receber?<\/h2>\n\n\n\n<p>O <a href=\"https:\/\/www.fgts.gov.br\/Paginas\/trabalhador\/saque-calamidade.aspx#:~:text=O%20Saque%20Calamidade%20permite%20ao,terra%2C%20fortes%20chuvas%20etc.)\"><strong>saque por calamidade<\/strong><\/a> \u00e9 autorizado sempre que h\u00e1 o reconhecimento oficial de situa\u00e7\u00e3o de emerg\u00eancia ou calamidade p\u00fablica por parte da Defesa Civil. <\/p>\n\n\n\n<p>A inten\u00e7\u00e3o \u00e9 permitir que os trabalhadores tenham acesso a parte do saldo do FGTS como forma de aux\u00edlio imediato para lidar com preju\u00edzos causados por desastres, como perdas materiais ou a necessidade de reparos urgentes em resid\u00eancias. <\/p>\n\n\n\n<p>O limite dispon\u00edvel para retirada \u00e9 de R$ 6.220 por conta vinculada, desde que o trabalhador possua saldo suficiente. <\/p>\n\n\n\n<p>Importante destacar que esse tipo de saque s\u00f3 pode ser feito uma vez por evento e h\u00e1 um intervalo m\u00ednimo de 12 meses entre um pedido e outro por esse mesmo motivo.<\/p>\n\n\n\n<p>No caso das cidades ga\u00fachas, a libera\u00e7\u00e3o ocorre ap\u00f3s fortes chuvas atingirem a regi\u00e3o, comprometendo a infraestrutura urbana e afetando milhares de fam\u00edlias. <\/p>\n\n\n\n<p>Para ter acesso ao benef\u00edcio, \u00e9 necess\u00e1rio residir em uma das localidades habilitadas, conforme a lista divulgada pela pr\u00f3pria <a href=\"https:\/\/tribunademinas.com.br\/colunas\/dinheiroecidadania\/saque-de-r-200-foi-liberado-no-caixa-tem\/\"><strong>CAIXA<\/strong><\/a>. <\/p>\n\n\n\n<p>Al\u00e9m disso, o trabalhador precisa apresentar documentos que comprovem resid\u00eancia no munic\u00edpio impactado, como contas de consumo recentes ou declara\u00e7\u00e3o emitida pelo poder p\u00fablico local.<\/p>\n\n\n\n<h3 class=\"wp-block-heading\">Solicita\u00e7\u00e3o do saque na Caixa \u00e9 feita de maneira digital<\/h3>\n\n\n\n<p>Todo o processo de solicita\u00e7\u00e3o \u00e9 feito de maneira digital, pelo aplicativo FGTS, dispon\u00edvel gratuitamente para celulares Android e iOS. <\/p>\n\n\n\n<p>Ap\u00f3s instalar o app, o usu\u00e1rio deve realizar o login, acessar a op\u00e7\u00e3o de saques, selecionar a modalidade de calamidade p\u00fablica e informar o munic\u00edpio onde mora. <\/p>\n\n\n\n<p>O sistema solicitar\u00e1 documentos como RG ou CNH, uma selfie com o documento em m\u00e3os e o comprovante de resid\u00eancia. <\/p>\n\n\n\n<p>A an\u00e1lise \u00e9 feita eletronicamente, e, caso aprovada, a quantia \u00e9 depositada diretamente na conta banc\u00e1ria informada, sem taxas ou necessidade de comparecimento presencial.<\/p>\n\n\n\n<p>O prazo para moradores dessas cidades solicitarem o saque termina no dia 14 de dezembro de 2025.<\/p>\n\n\n\n<p><\/p>\n","protected":false},"excerpt":{"rendered":"<p>A Caixa Econ\u00f4mica Federal passou a liberar, desde a \u00faltima ter\u00e7a-feira, 16 de setembro, o saque de at\u00e9 R$ 6.220 do Fundo de Garantia do Tempo de Servi\u00e7o (FGTS) para trabalhadores que vivem em munic\u00edpios atingidos por desastres naturais. A medida faz parte do chamado \u201csaque por calamidade\u201d, uma modalidade emergencial do FGTS criada para [&hellip;]<\/p>\n","protected":false},"author":5,"featured_media":1475,"comment_status":"open","ping_status":"open","sticky":false,"template":"","format":"standard","meta":{"jnews-multi-image_gallery":[],"jnews_single_post":{"format":"standard"},"jnews_primary_category":[],"jnews_social_meta":[],"jnews_post_split":[],"footnotes":""},"categories":[1],"tags":[],"class_list":["post-1474","post","type-post","status-publish","format-standard","has-post-thumbnail","hentry","category-dinheiro"],"yoast_head":"<!-- This site is optimized with the Yoast SEO plugin v25.6 - https:\/\/yoast.com\/wordpress\/plugins\/seo\/ -->\n<title>Caixa liberou saque de R$ 6.220: voc\u00ea pode receber?<\/title>\n<meta name=\"description\" content=\"A Caixa Econ\u00f4mica Federal passou a liberar, desde a \u00faltima ter\u00e7a-feira, 16 de setembro, o saque de at\u00e9 R$ 6.220 do Fundo de garantia (FGTS).\" \/>\n<meta name=\"robots\" content=\"index, follow, max-snippet:-1, max-image-preview:large, max-video-preview:-1\" \/>\n<link rel=\"canonical\" href=\"https:\/\/tribunademinas.audiencelabs.com.br\/caixa-liberou-saque-de-r-6-220-voce-pode-receber\/\" \/>\n<meta property=\"og:locale\" content=\"pt_BR\" \/>\n<meta property=\"og:type\" content=\"article\" \/>\n<meta property=\"og:title\" content=\"Caixa liberou saque de R$ 6.220: voc\u00ea pode receber?\" \/>\n<meta property=\"og:description\" content=\"A Caixa Econ\u00f4mica Federal passou a liberar, desde a \u00faltima ter\u00e7a-feira, 16 de setembro, o saque de at\u00e9 R$ 6.220 do Fundo de garantia (FGTS).\" \/>\n<meta property=\"og:url\" content=\"https:\/\/tribunademinas.audiencelabs.com.br\/caixa-liberou-saque-de-r-6-220-voce-pode-receber\/\" \/>\n<meta property=\"og:site_name\" content=\"Tribuna de Minas - Dinheiro e Cidadania\" \/>\n<meta property=\"article:publisher\" content=\"https:\/\/www.facebook.com\/tribunademinas\/\" \/>\n<meta property=\"article:published_time\" content=\"2025-09-17T10:45:00+00:00\" \/>\n<meta property=\"og:image\" content=\"https:\/\/tribunademinas.audiencelabs.com.br\/wp-content\/uploads\/2025\/09\/Caixa.webp\" \/>\n\t<meta property=\"og:image:width\" content=\"1170\" \/>\n\t<meta property=\"og:image:height\" content=\"700\" \/>\n\t<meta property=\"og:image:type\" content=\"image\/webp\" \/>\n<meta name=\"author\" content=\"Jeferson Carvalho\" \/>\n<meta name=\"twitter:card\" content=\"summary_large_image\" \/>\n<meta name=\"twitter:creator\" content=\"@tribunademinas\" \/>\n<meta name=\"twitter:site\" content=\"@tribunademinas\" \/>\n<meta name=\"twitter:label1\" content=\"Escrito por\" \/>\n\t<meta name=\"twitter:data1\" content=\"Jeferson Carvalho\" \/>\n\t<meta name=\"twitter:label2\" content=\"Est. tempo de leitura\" \/>\n\t<meta name=\"twitter:data2\" content=\"3 minutos\" \/>\n<!-- \/ Yoast SEO plugin. -->","yoast_head_json":{"title":"Caixa liberou saque de R$ 6.220: voc\u00ea pode receber?","description":"A Caixa Econ\u00f4mica Federal passou a liberar, desde a \u00faltima ter\u00e7a-feira, 16 de setembro, o saque de at\u00e9 R$ 6.220 do Fundo de garantia (FGTS).","robots":{"index":"index","follow":"follow","max-snippet":"max-snippet:-1","max-image-preview":"max-image-preview:large","max-video-preview":"max-video-preview:-1"},"canonical":"https:\/\/tribunademinas.audiencelabs.com.br\/caixa-liberou-saque-de-r-6-220-voce-pode-receber\/","og_locale":"pt_BR","og_type":"article","og_title":"Caixa liberou saque de R$ 6.220: voc\u00ea pode receber?","og_description":"A Caixa Econ\u00f4mica Federal passou a liberar, desde a \u00faltima ter\u00e7a-feira, 16 de setembro, o saque de at\u00e9 R$ 6.220 do Fundo de garantia (FGTS).","og_url":"https:\/\/tribunademinas.audiencelabs.com.br\/caixa-liberou-saque-de-r-6-220-voce-pode-receber\/","og_site_name":"Tribuna de Minas - Dinheiro e Cidadania","article_publisher":"https:\/\/www.facebook.com\/tribunademinas\/","article_published_time":"2025-09-17T10:45:00+00:00","og_image":[{"width":1170,"height":700,"url":"https:\/\/tribunademinas.audiencelabs.com.br\/wp-content\/uploads\/2025\/09\/Caixa.webp","type":"image\/webp"}],"author":"Jeferson Carvalho","twitter_card":"summary_large_image","twitter_creator":"@tribunademinas","twitter_site":"@tribunademinas","twitter_misc":{"Escrito por":"Jeferson Carvalho","Est. tempo de leitura":"3 minutos"},"schema":{"@context":"https:\/\/schema.org","@graph":[{"@type":"Article","@id":"https:\/\/tribunademinas.audiencelabs.com.br\/caixa-liberou-saque-de-r-6-220-voce-pode-receber\/#article","isPartOf":{"@id":"https:\/\/tribunademinas.audiencelabs.com.br\/caixa-liberou-saque-de-r-6-220-voce-pode-receber\/"},"author":{"name":"Jeferson Carvalho","@id":"https:\/\/tribunademinas.audiencelabs.com.br\/#\/schema\/person\/db18fc40307804bacef94213aa68fd9d"},"headline":"Caixa liberou saque de R$ 6.220: voc\u00ea pode receber?","datePublished":"2025-09-17T10:45:00+00:00","mainEntityOfPage":{"@id":"https:\/\/tribunademinas.audiencelabs.com.br\/caixa-liberou-saque-de-r-6-220-voce-pode-receber\/"},"wordCount":431,"commentCount":0,"publisher":{"@id":"https:\/\/tribunademinas.audiencelabs.com.br\/#organization"},"image":{"@id":"https:\/\/tribunademinas.audiencelabs.com.br\/caixa-liberou-saque-de-r-6-220-voce-pode-receber\/#primaryimage"},"thumbnailUrl":"https:\/\/tribunademinas.audiencelabs.com.br\/wp-content\/uploads\/2025\/09\/Caixa.webp","articleSection":["Dinheiro"],"inLanguage":"pt-BR","potentialAction":[{"@type":"CommentAction","name":"Comment","target":["https:\/\/tribunademinas.audiencelabs.com.br\/caixa-liberou-saque-de-r-6-220-voce-pode-receber\/#respond"]}]},{"@type":"WebPage","@id":"https:\/\/tribunademinas.audiencelabs.com.br\/caixa-liberou-saque-de-r-6-220-voce-pode-receber\/","url":"https:\/\/tribunademinas.audiencelabs.com.br\/caixa-liberou-saque-de-r-6-220-voce-pode-receber\/","name":"Caixa liberou saque de R$ 6.220: voc\u00ea pode receber?","isPartOf":{"@id":"https:\/\/tribunademinas.audiencelabs.com.br\/#website"},"primaryImageOfPage":{"@id":"https:\/\/tribunademinas.audiencelabs.com.br\/caixa-liberou-saque-de-r-6-220-voce-pode-receber\/#primaryimage"},"image":{"@id":"https:\/\/tribunademinas.audiencelabs.com.br\/caixa-liberou-saque-de-r-6-220-voce-pode-receber\/#primaryimage"},"thumbnailUrl":"https:\/\/tribunademinas.audiencelabs.com.br\/wp-content\/uploads\/2025\/09\/Caixa.webp","datePublished":"2025-09-17T10:45:00+00:00","description":"A Caixa Econ\u00f4mica Federal passou a liberar, desde a \u00faltima ter\u00e7a-feira, 16 de setembro, o saque de at\u00e9 R$ 6.220 do Fundo de garantia (FGTS).","breadcrumb":{"@id":"https:\/\/tribunademinas.audiencelabs.com.br\/caixa-liberou-saque-de-r-6-220-voce-pode-receber\/#breadcrumb"},"inLanguage":"pt-BR","potentialAction":[{"@type":"ReadAction","target":["https:\/\/tribunademinas.audiencelabs.com.br\/caixa-liberou-saque-de-r-6-220-voce-pode-receber\/"]}]},{"@type":"ImageObject","inLanguage":"pt-BR","@id":"https:\/\/tribunademinas.audiencelabs.com.br\/caixa-liberou-saque-de-r-6-220-voce-pode-receber\/#primaryimage","url":"https:\/\/tribunademinas.audiencelabs.com.br\/wp-content\/uploads\/2025\/09\/Caixa.webp","contentUrl":"https:\/\/tribunademinas.audiencelabs.com.br\/wp-content\/uploads\/2025\/09\/Caixa.webp","width":1170,"height":700,"caption":"Caixa liberou saque de R$ 6.220: voc\u00ea pode receber? - Imagem: Marcelo Camargo\/Ag\u00eancia Brasil"},{"@type":"BreadcrumbList","@id":"https:\/\/tribunademinas.audiencelabs.com.br\/caixa-liberou-saque-de-r-6-220-voce-pode-receber\/#breadcrumb","itemListElement":[{"@type":"ListItem","position":1,"name":"In\u00edcio","item":"https:\/\/tribunademinas.audiencelabs.com.br\/"},{"@type":"ListItem","position":2,"name":"Caixa liberou saque de R$ 6.220: voc\u00ea pode receber?"}]},{"@type":"WebSite","@id":"https:\/\/tribunademinas.audiencelabs.com.br\/#website","url":"https:\/\/tribunademinas.audiencelabs.com.br\/","name":"Tribuna de Minas - Dinheiro e Cidadania","description":"","publisher":{"@id":"https:\/\/tribunademinas.audiencelabs.com.br\/#organization"},"potentialAction":[{"@type":"SearchAction","target":{"@type":"EntryPoint","urlTemplate":"https:\/\/tribunademinas.audiencelabs.com.br\/?s={search_term_string}"},"query-input":{"@type":"PropertyValueSpecification","valueRequired":true,"valueName":"search_term_string"}}],"inLanguage":"pt-BR"},{"@type":"Organization","@id":"https:\/\/tribunademinas.audiencelabs.com.br\/#organization","name":"Tribuna de Minas - Dinheiro e Cidadania","url":"https:\/\/tribunademinas.audiencelabs.com.br\/","logo":{"@type":"ImageObject","inLanguage":"pt-BR","@id":"https:\/\/tribunademinas.audiencelabs.com.br\/#\/schema\/logo\/image\/","url":"https:\/\/tribunademinas.audiencelabs.com.br\/wp-content\/uploads\/2025\/08\/cropped-Tribuna_512x512-96x96-1.png","contentUrl":"https:\/\/tribunademinas.audiencelabs.com.br\/wp-content\/uploads\/2025\/08\/cropped-Tribuna_512x512-96x96-1.png","width":96,"height":96,"caption":"Tribuna de Minas - Dinheiro e Cidadania"},"image":{"@id":"https:\/\/tribunademinas.audiencelabs.com.br\/#\/schema\/logo\/image\/"},"sameAs":["https:\/\/www.facebook.com\/tribunademinas\/","https:\/\/x.com\/tribunademinas","https:\/\/www.instagram.com\/tribunademinas\/","https:\/\/www.youtube.com\/user\/TribunadeMinasJF"]},{"@type":"Person","@id":"https:\/\/tribunademinas.audiencelabs.com.br\/#\/schema\/person\/db18fc40307804bacef94213aa68fd9d","name":"Jeferson Carvalho","image":{"@type":"ImageObject","inLanguage":"pt-BR","@id":"https:\/\/tribunademinas.audiencelabs.com.br\/#\/schema\/person\/image\/","url":"https:\/\/secure.gravatar.com\/avatar\/cd7646e328d9670dad7dea8698522e522745eeffcff5b9d08be858e377ce326b?s=96&d=mm&r=g","contentUrl":"https:\/\/secure.gravatar.com\/avatar\/cd7646e328d9670dad7dea8698522e522745eeffcff5b9d08be858e377ce326b?s=96&d=mm&r=g","caption":"Jeferson Carvalho"},"description":"Jornalista apaixonado pela profiss\u00e3o!","url":"https:\/\/tribunademinas.audiencelabs.com.br\/author\/jeferson\/"}]}},"amp_enabled":true,"_links":{"self":[{"href":"https:\/\/tribunademinas.audiencelabs.com.br\/wp-json\/wp\/v2\/posts\/1474","targetHints":{"allow":["GET"]}}],"collection":[{"href":"https:\/\/tribunademinas.audiencelabs.com.br\/wp-json\/wp\/v2\/posts"}],"about":[{"href":"https:\/\/tribunademinas.audiencelabs.com.br\/wp-json\/wp\/v2\/types\/post"}],"author":[{"embeddable":true,"href":"https:\/\/tribunademinas.audiencelabs.com.br\/wp-json\/wp\/v2\/users\/5"}],"replies":[{"embeddable":true,"href":"https:\/\/tribunademinas.audiencelabs.com.br\/wp-json\/wp\/v2\/comments?post=1474"}],"version-history":[{"count":1,"href":"https:\/\/tribunademinas.audiencelabs.com.br\/wp-json\/wp\/v2\/posts\/1474\/revisions"}],"predecessor-version":[{"id":1476,"href":"https:\/\/tribunademinas.audiencelabs.com.br\/wp-json\/wp\/v2\/posts\/1474\/revisions\/1476"}],"wp:featuredmedia":[{"embeddable":true,"href":"https:\/\/tribunademinas.audiencelabs.com.br\/wp-json\/wp\/v2\/media\/1475"}],"wp:attachment":[{"href":"https:\/\/tribunademinas.audiencelabs.com.br\/wp-json\/wp\/v2\/media?parent=1474"}],"wp:term":[{"taxonomy":"category","embeddable":true,"href":"https:\/\/tribunademinas.audiencelabs.com.br\/wp-json\/wp\/v2\/categories?post=1474"},{"taxonomy":"post_tag","embeddable":true,"href":"https:\/\/tribunademinas.audiencelabs.com.br\/wp-json\/wp\/v2\/tags?post=1474"}],"curies":[{"name":"wp","href":"https:\/\/api.w.org\/{rel}","templated":true}]}}