{"id":1471,"date":"2025-09-17T11:30:00","date_gmt":"2025-09-17T14:30:00","guid":{"rendered":"https:\/\/tribunademinas.audiencelabs.com.br\/?p=1471"},"modified":"2025-09-16T17:42:39","modified_gmt":"2025-09-16T20:42:39","slug":"lula-aprova-lei-e-quem-tem-cartao-de-credito-esta-pulando-de-alegria","status":"publish","type":"post","link":"https:\/\/tribunademinas.audiencelabs.com.br\/lula-aprova-lei-e-quem-tem-cartao-de-credito-esta-pulando-de-alegria\/","title":{"rendered":"Lula aprova lei e quem tem cart\u00e3o de cr\u00e9dito est\u00e1 pulando de alegria"},"content":{"rendered":"\n<p>Causada por diversos fatores, incluindo a falta de controle financeiro e a utiliza\u00e7\u00e3o do cr\u00e9dito rotativo, as <strong>d\u00edvidas de cart\u00e3o de cr\u00e9dito<\/strong> constituem uma das modalidades mais recorrentes, afetando uma parcela significativa da popula\u00e7\u00e3o.<\/p>\n\n\n\n<p>Contudo, no ano passado, o presidente <strong>Luiz In\u00e1cio Lula da Silva (PT)<\/strong> sancionou uma lei que beneficiou milh\u00f5es de brasileiros, permitindo a redu\u00e7\u00e3o de pend\u00eancias financeiras e a sa\u00edda da inadimpl\u00eancia.<\/p>\n\n\n\n<p>Isso porque a proposta estabeleceu a cria\u00e7\u00e3o do programa <strong>Desenrola Brasil<\/strong>, que viabilizou a renegocia\u00e7\u00e3o de d\u00edvidas com condi\u00e7\u00f5es significativamente mais acess\u00edveis, proporcionando aos devedores maior f\u00f4lego para quita\u00e7\u00e3o.<\/p>\n\n\n\n<p>Al\u00e9m de limitar o valor da d\u00edvida ao dobro do original e oferecer condi\u00e7\u00f5es de parcelamento mais favor\u00e1veis, o programa ainda autorizou a transfer\u00eancia da d\u00edvida para outras institui\u00e7\u00f5es financeiras, conferindo aos cidad\u00e3os maior flexibilidade e acesso a taxas reduzidas.<\/p>\n\n\n\n<h2 class=\"wp-block-heading\">Desenrola Brasil: governo Lula encerrou o programa, mas n\u00e3o descartou a ideia<\/h2>\n\n\n\n<p>Justamente por conta de seu sucesso, o Desenrola Brasil foi encerrado no ano passado e n\u00e3o foi renovado para 2025. E de acordo com o secret\u00e1rio de Reformas Econ\u00f4micas do Minist\u00e9rio da Fazenda, Marcos Pinto, ainda n\u00e3o h\u00e1 planos para reativa\u00e7\u00e3o do programa em um futuro pr\u00f3ximo.<\/p>\n\n\n\n<p>Em entrevista ao portal <em>CNN<\/em>, ele explicou que a melhora no cen\u00e1rio econ\u00f4mico tamb\u00e9m foi determinante para decretar o fim do Desenrola Brasil. <strong>&#8220;A gente tinha uma situa\u00e7\u00e3o vindo da pandemia, de grande crise econ\u00f4mica, com alta inadimpl\u00eancia e a gente tomou essa medida para atacar esse problema. A gente, nesse momento, n\u00e3o v\u00ea necessidade de outro programa porque as condi\u00e7\u00f5es mudaram&#8221;<\/strong>, declarou.<\/p>\n\n\n\n<p>O secret\u00e1rio afirmou, no entanto, que a iniciativa n\u00e3o est\u00e1 totalmente descartada e pode ser retomada quando houver necessidade. <strong>&#8220;Neste momento, n\u00e3o h\u00e1 discuss\u00e3o do governo sobre isso, o que n\u00e3o significa que isso n\u00e3o possa ser feito mais pra frente&#8221;<\/strong>, pontuou Marcos durante a conversa.<\/p>\n","protected":false},"excerpt":{"rendered":"<p>Causada por diversos fatores, incluindo a falta de controle financeiro e a utiliza\u00e7\u00e3o do cr\u00e9dito rotativo, as d\u00edvidas de cart\u00e3o de cr\u00e9dito constituem uma das modalidades mais recorrentes, afetando uma parcela significativa da popula\u00e7\u00e3o. Contudo, no ano passado, o presidente Luiz In\u00e1cio Lula da Silva (PT) sancionou uma lei que beneficiou milh\u00f5es de brasileiros, permitindo [&hellip;]<\/p>\n","protected":false},"author":3,"featured_media":1472,"comment_status":"open","ping_status":"open","sticky":false,"template":"","format":"standard","meta":{"jnews-multi-image_gallery":[],"jnews_single_post":{"format":"standard"},"jnews_primary_category":[],"jnews_social_meta":[],"jnews_post_split":[],"footnotes":""},"categories":[159],"tags":[],"class_list":["post-1471","post","type-post","status-publish","format-standard","has-post-thumbnail","hentry","category-cidadania"],"yoast_head":"<!-- This site is optimized with the Yoast SEO plugin v25.6 - https:\/\/yoast.com\/wordpress\/plugins\/seo\/ -->\n<title>Lula aprova lei e quem tem cart\u00e3o de cr\u00e9dito est\u00e1 pulando de alegria<\/title>\n<meta name=\"robots\" content=\"index, follow, max-snippet:-1, max-image-preview:large, max-video-preview:-1\" \/>\n<link rel=\"canonical\" href=\"https:\/\/tribunademinas.audiencelabs.com.br\/lula-aprova-lei-e-quem-tem-cartao-de-credito-esta-pulando-de-alegria\/\" \/>\n<meta property=\"og:locale\" content=\"pt_BR\" \/>\n<meta property=\"og:type\" content=\"article\" \/>\n<meta property=\"og:title\" content=\"Lula aprova lei e quem tem cart\u00e3o de cr\u00e9dito est\u00e1 pulando de alegria\" \/>\n<meta property=\"og:description\" content=\"Causada por diversos fatores, incluindo a falta de controle financeiro e a utiliza\u00e7\u00e3o do cr\u00e9dito rotativo, as d\u00edvidas de cart\u00e3o de cr\u00e9dito constituem uma das modalidades mais recorrentes, afetando uma parcela significativa da popula\u00e7\u00e3o. Contudo, no ano passado, o presidente Luiz In\u00e1cio Lula da Silva (PT) sancionou uma lei que beneficiou milh\u00f5es de brasileiros, permitindo [&hellip;]\" \/>\n<meta property=\"og:url\" content=\"https:\/\/tribunademinas.audiencelabs.com.br\/lula-aprova-lei-e-quem-tem-cartao-de-credito-esta-pulando-de-alegria\/\" \/>\n<meta property=\"og:site_name\" content=\"Tribuna de Minas - Dinheiro e Cidadania\" \/>\n<meta property=\"article:publisher\" content=\"https:\/\/www.facebook.com\/tribunademinas\/\" \/>\n<meta property=\"article:published_time\" content=\"2025-09-17T14:30:00+00:00\" \/>\n<meta property=\"og:image\" content=\"https:\/\/tribunademinas.audiencelabs.com.br\/wp-content\/uploads\/2025\/09\/lula-aprova-lei-cartao-de-credito.webp\" \/>\n\t<meta property=\"og:image:width\" content=\"1280\" \/>\n\t<meta property=\"og:image:height\" content=\"720\" \/>\n\t<meta property=\"og:image:type\" content=\"image\/webp\" \/>\n<meta name=\"author\" content=\"Jo\u00e3o Carlos Gomes\" \/>\n<meta name=\"twitter:card\" content=\"summary_large_image\" \/>\n<meta name=\"twitter:creator\" content=\"@tribunademinas\" \/>\n<meta name=\"twitter:site\" content=\"@tribunademinas\" \/>\n<meta name=\"twitter:label1\" content=\"Escrito por\" \/>\n\t<meta name=\"twitter:data1\" content=\"Jo\u00e3o Carlos Gomes\" \/>\n\t<meta name=\"twitter:label2\" content=\"Est. tempo de leitura\" \/>\n\t<meta name=\"twitter:data2\" content=\"2 minutos\" \/>\n<!-- \/ Yoast SEO plugin. -->","yoast_head_json":{"title":"Lula aprova lei e quem tem cart\u00e3o de cr\u00e9dito est\u00e1 pulando de alegria","robots":{"index":"index","follow":"follow","max-snippet":"max-snippet:-1","max-image-preview":"max-image-preview:large","max-video-preview":"max-video-preview:-1"},"canonical":"https:\/\/tribunademinas.audiencelabs.com.br\/lula-aprova-lei-e-quem-tem-cartao-de-credito-esta-pulando-de-alegria\/","og_locale":"pt_BR","og_type":"article","og_title":"Lula aprova lei e quem tem cart\u00e3o de cr\u00e9dito est\u00e1 pulando de alegria","og_description":"Causada por diversos fatores, incluindo a falta de controle financeiro e a utiliza\u00e7\u00e3o do cr\u00e9dito rotativo, as d\u00edvidas de cart\u00e3o de cr\u00e9dito constituem uma das modalidades mais recorrentes, afetando uma parcela significativa da popula\u00e7\u00e3o. Contudo, no ano passado, o presidente Luiz In\u00e1cio Lula da Silva (PT) sancionou uma lei que beneficiou milh\u00f5es de brasileiros, permitindo [&hellip;]","og_url":"https:\/\/tribunademinas.audiencelabs.com.br\/lula-aprova-lei-e-quem-tem-cartao-de-credito-esta-pulando-de-alegria\/","og_site_name":"Tribuna de Minas - Dinheiro e Cidadania","article_publisher":"https:\/\/www.facebook.com\/tribunademinas\/","article_published_time":"2025-09-17T14:30:00+00:00","og_image":[{"width":1280,"height":720,"url":"https:\/\/tribunademinas.audiencelabs.com.br\/wp-content\/uploads\/2025\/09\/lula-aprova-lei-cartao-de-credito.webp","type":"image\/webp"}],"author":"Jo\u00e3o Carlos Gomes","twitter_card":"summary_large_image","twitter_creator":"@tribunademinas","twitter_site":"@tribunademinas","twitter_misc":{"Escrito por":"Jo\u00e3o Carlos Gomes","Est. tempo de leitura":"2 minutos"},"schema":{"@context":"https:\/\/schema.org","@graph":[{"@type":"Article","@id":"https:\/\/tribunademinas.audiencelabs.com.br\/lula-aprova-lei-e-quem-tem-cartao-de-credito-esta-pulando-de-alegria\/#article","isPartOf":{"@id":"https:\/\/tribunademinas.audiencelabs.com.br\/lula-aprova-lei-e-quem-tem-cartao-de-credito-esta-pulando-de-alegria\/"},"author":{"name":"Jo\u00e3o Carlos Gomes","@id":"https:\/\/tribunademinas.audiencelabs.com.br\/#\/schema\/person\/37af466a64a722fadb8ef6841c52114f"},"headline":"Lula aprova lei e quem tem cart\u00e3o de cr\u00e9dito est\u00e1 pulando de alegria","datePublished":"2025-09-17T14:30:00+00:00","mainEntityOfPage":{"@id":"https:\/\/tribunademinas.audiencelabs.com.br\/lula-aprova-lei-e-quem-tem-cartao-de-credito-esta-pulando-de-alegria\/"},"wordCount":365,"commentCount":0,"publisher":{"@id":"https:\/\/tribunademinas.audiencelabs.com.br\/#organization"},"image":{"@id":"https:\/\/tribunademinas.audiencelabs.com.br\/lula-aprova-lei-e-quem-tem-cartao-de-credito-esta-pulando-de-alegria\/#primaryimage"},"thumbnailUrl":"https:\/\/tribunademinas.audiencelabs.com.br\/wp-content\/uploads\/2025\/09\/lula-aprova-lei-cartao-de-credito.webp","articleSection":["Cidadania"],"inLanguage":"pt-BR","potentialAction":[{"@type":"CommentAction","name":"Comment","target":["https:\/\/tribunademinas.audiencelabs.com.br\/lula-aprova-lei-e-quem-tem-cartao-de-credito-esta-pulando-de-alegria\/#respond"]}]},{"@type":"WebPage","@id":"https:\/\/tribunademinas.audiencelabs.com.br\/lula-aprova-lei-e-quem-tem-cartao-de-credito-esta-pulando-de-alegria\/","url":"https:\/\/tribunademinas.audiencelabs.com.br\/lula-aprova-lei-e-quem-tem-cartao-de-credito-esta-pulando-de-alegria\/","name":"Lula aprova lei e quem tem cart\u00e3o de cr\u00e9dito est\u00e1 pulando de alegria","isPartOf":{"@id":"https:\/\/tribunademinas.audiencelabs.com.br\/#website"},"primaryImageOfPage":{"@id":"https:\/\/tribunademinas.audiencelabs.com.br\/lula-aprova-lei-e-quem-tem-cartao-de-credito-esta-pulando-de-alegria\/#primaryimage"},"image":{"@id":"https:\/\/tribunademinas.audiencelabs.com.br\/lula-aprova-lei-e-quem-tem-cartao-de-credito-esta-pulando-de-alegria\/#primaryimage"},"thumbnailUrl":"https:\/\/tribunademinas.audiencelabs.com.br\/wp-content\/uploads\/2025\/09\/lula-aprova-lei-cartao-de-credito.webp","datePublished":"2025-09-17T14:30:00+00:00","breadcrumb":{"@id":"https:\/\/tribunademinas.audiencelabs.com.br\/lula-aprova-lei-e-quem-tem-cartao-de-credito-esta-pulando-de-alegria\/#breadcrumb"},"inLanguage":"pt-BR","potentialAction":[{"@type":"ReadAction","target":["https:\/\/tribunademinas.audiencelabs.com.br\/lula-aprova-lei-e-quem-tem-cartao-de-credito-esta-pulando-de-alegria\/"]}]},{"@type":"ImageObject","inLanguage":"pt-BR","@id":"https:\/\/tribunademinas.audiencelabs.com.br\/lula-aprova-lei-e-quem-tem-cartao-de-credito-esta-pulando-de-alegria\/#primaryimage","url":"https:\/\/tribunademinas.audiencelabs.com.br\/wp-content\/uploads\/2025\/09\/lula-aprova-lei-cartao-de-credito.webp","contentUrl":"https:\/\/tribunademinas.audiencelabs.com.br\/wp-content\/uploads\/2025\/09\/lula-aprova-lei-cartao-de-credito.webp","width":1280,"height":720,"caption":"Foto: Fabio Rodrigues-Pozzebom\/Ag\u00eancia Brasil"},{"@type":"BreadcrumbList","@id":"https:\/\/tribunademinas.audiencelabs.com.br\/lula-aprova-lei-e-quem-tem-cartao-de-credito-esta-pulando-de-alegria\/#breadcrumb","itemListElement":[{"@type":"ListItem","position":1,"name":"In\u00edcio","item":"https:\/\/tribunademinas.audiencelabs.com.br\/"},{"@type":"ListItem","position":2,"name":"Lula aprova lei e quem tem cart\u00e3o de cr\u00e9dito est\u00e1 pulando de alegria"}]},{"@type":"WebSite","@id":"https:\/\/tribunademinas.audiencelabs.com.br\/#website","url":"https:\/\/tribunademinas.audiencelabs.com.br\/","name":"Tribuna de Minas - Dinheiro e Cidadania","description":"","publisher":{"@id":"https:\/\/tribunademinas.audiencelabs.com.br\/#organization"},"potentialAction":[{"@type":"SearchAction","target":{"@type":"EntryPoint","urlTemplate":"https:\/\/tribunademinas.audiencelabs.com.br\/?s={search_term_string}"},"query-input":{"@type":"PropertyValueSpecification","valueRequired":true,"valueName":"search_term_string"}}],"inLanguage":"pt-BR"},{"@type":"Organization","@id":"https:\/\/tribunademinas.audiencelabs.com.br\/#organization","name":"Tribuna de Minas - Dinheiro e Cidadania","url":"https:\/\/tribunademinas.audiencelabs.com.br\/","logo":{"@type":"ImageObject","inLanguage":"pt-BR","@id":"https:\/\/tribunademinas.audiencelabs.com.br\/#\/schema\/logo\/image\/","url":"https:\/\/tribunademinas.audiencelabs.com.br\/wp-content\/uploads\/2025\/08\/cropped-Tribuna_512x512-96x96-1.png","contentUrl":"https:\/\/tribunademinas.audiencelabs.com.br\/wp-content\/uploads\/2025\/08\/cropped-Tribuna_512x512-96x96-1.png","width":96,"height":96,"caption":"Tribuna de Minas - Dinheiro e Cidadania"},"image":{"@id":"https:\/\/tribunademinas.audiencelabs.com.br\/#\/schema\/logo\/image\/"},"sameAs":["https:\/\/www.facebook.com\/tribunademinas\/","https:\/\/x.com\/tribunademinas","https:\/\/www.instagram.com\/tribunademinas\/","https:\/\/www.youtube.com\/user\/TribunadeMinasJF"]},{"@type":"Person","@id":"https:\/\/tribunademinas.audiencelabs.com.br\/#\/schema\/person\/37af466a64a722fadb8ef6841c52114f","name":"Jo\u00e3o Carlos Gomes","image":{"@type":"ImageObject","inLanguage":"pt-BR","@id":"https:\/\/tribunademinas.audiencelabs.com.br\/#\/schema\/person\/image\/","url":"https:\/\/secure.gravatar.com\/avatar\/4ce4672dbdd694b329cd6fdb51bee7d1409be1f0ff76a537e4c4a737b2c7d1a9?s=96&d=mm&r=g","contentUrl":"https:\/\/secure.gravatar.com\/avatar\/4ce4672dbdd694b329cd6fdb51bee7d1409be1f0ff76a537e4c4a737b2c7d1a9?s=96&d=mm&r=g","caption":"Jo\u00e3o Carlos Gomes"},"description":"Jornalista formado pelo Centro Universit\u00e1rio Carioca, apreciador da Bossa Nova ao Metal Extremo, criador de conte\u00fado e m\u00fasico independente nas horas vagas.","url":"https:\/\/tribunademinas.audiencelabs.com.br\/author\/joaoc-junior\/"}]}},"amp_enabled":true,"_links":{"self":[{"href":"https:\/\/tribunademinas.audiencelabs.com.br\/wp-json\/wp\/v2\/posts\/1471","targetHints":{"allow":["GET"]}}],"collection":[{"href":"https:\/\/tribunademinas.audiencelabs.com.br\/wp-json\/wp\/v2\/posts"}],"about":[{"href":"https:\/\/tribunademinas.audiencelabs.com.br\/wp-json\/wp\/v2\/types\/post"}],"author":[{"embeddable":true,"href":"https:\/\/tribunademinas.audiencelabs.com.br\/wp-json\/wp\/v2\/users\/3"}],"replies":[{"embeddable":true,"href":"https:\/\/tribunademinas.audiencelabs.com.br\/wp-json\/wp\/v2\/comments?post=1471"}],"version-history":[{"count":1,"href":"https:\/\/tribunademinas.audiencelabs.com.br\/wp-json\/wp\/v2\/posts\/1471\/revisions"}],"predecessor-version":[{"id":1479,"href":"https:\/\/tribunademinas.audiencelabs.com.br\/wp-json\/wp\/v2\/posts\/1471\/revisions\/1479"}],"wp:featuredmedia":[{"embeddable":true,"href":"https:\/\/tribunademinas.audiencelabs.com.br\/wp-json\/wp\/v2\/media\/1472"}],"wp:attachment":[{"href":"https:\/\/tribunademinas.audiencelabs.com.br\/wp-json\/wp\/v2\/media?parent=1471"}],"wp:term":[{"taxonomy":"category","embeddable":true,"href":"https:\/\/tribunademinas.audiencelabs.com.br\/wp-json\/wp\/v2\/categories?post=1471"},{"taxonomy":"post_tag","embeddable":true,"href":"https:\/\/tribunademinas.audiencelabs.com.br\/wp-json\/wp\/v2\/tags?post=1471"}],"curies":[{"name":"wp","href":"https:\/\/api.w.org\/{rel}","templated":true}]}}