{"id":1455,"date":"2025-09-17T18:00:00","date_gmt":"2025-09-17T21:00:00","guid":{"rendered":"https:\/\/tribunademinas.audiencelabs.com.br\/?p=1455"},"modified":"2025-09-16T16:44:11","modified_gmt":"2025-09-16T19:44:11","slug":"brasileiros-que-tem-mei-recebem-melhor-noticia-dos-ultimos-anos","status":"publish","type":"post","link":"https:\/\/tribunademinas.audiencelabs.com.br\/brasileiros-que-tem-mei-recebem-melhor-noticia-dos-ultimos-anos\/","title":{"rendered":"Brasileiros que tem MEI recebem melhor not\u00edcia dos \u00faltimos anos"},"content":{"rendered":"\n<p>Apesar da expans\u00e3o do setor nos \u00faltimos anos, os <strong>Microempreendedores Individuais (MEIs)<\/strong> sofriam desde 2018 com uma defasagem decorrente do teto de faturamento anual estabelecido em R$ 81 mil. Todavia, essa realidade est\u00e1 prestes a ser revista.<\/p>\n\n\n\n<p>Isso porque, recentemente, a Comiss\u00e3o de Ind\u00fastria, Com\u00e9rcio e Servi\u00e7os da C\u00e2mara dos Deputados aprovou o <strong>aumento do limite para R$ 150 mil<\/strong> como parte do Projeto de Lei Complementar (PLP) 67\/2025, de autoria do deputado Heitor Schuch (PSB-RS).<\/p>\n\n\n\n<p>Al\u00e9m do aumento do teto, o projeto tamb\u00e9m estabelece sua atualiza\u00e7\u00e3o autom\u00e1tica em fevereiro de cada ano, com base no \u00cdndice Nacional de Pre\u00e7os ao Consumidor Amplo (IPCA). Desta forma, al\u00e9m de corrigir a defasagem, os empreendedores ainda garantem mais seguran\u00e7a financeira gra\u00e7as \u00e0 previsibilidade.<\/p>\n\n\n\n<p>Vale destacar que a iniciativa busca favorecer n\u00e3o apenas os MEIs, mas tamb\u00e9m poss\u00edveis novos integrantes da categoria, prevenindo que pequenos neg\u00f3cios enfrentem a necessidade de migrar para regimes tribut\u00e1rios mais complexos e onerosos.<\/p>\n\n\n\n<h2 class=\"wp-block-heading\">Trabalhadores do setor de eventos tamb\u00e9m ser\u00e3o favorecidos com novas propostas para MEIs<\/h2>\n\n\n\n<p>Outra medida importante para MEIs que tamb\u00e9m est\u00e1 em tr\u00e2mite \u00e9 a <strong>PLP 102\/2025<\/strong>, que busca integrar trabalhadores do setor de eventos \u00e0 categoria, garantindo formaliza\u00e7\u00e3o para quem trabalha de forma eventual e sazonal.<\/p>\n\n\n\n<p>Desta forma, profissionais como <strong>gar\u00e7ons, DJs, fot\u00f3grafos, seguran\u00e7as e organizadores de eventos<\/strong> ter\u00e3o direito \u00e0 contribui\u00e7\u00e3o previdenci\u00e1ria simplificada, bem como acesso ao cr\u00e9dito e \u00e0 emiss\u00e3o de notas fiscais, assegurando assim benef\u00edcios legais.<\/p>\n\n\n\n<p>\u00c9 importante ressaltar que o mercado de eventos contribui com aproximadamente R$ 291 bilh\u00f5es anuais, correspondendo a 3,8% do PIB do Brasil, al\u00e9m de fomentar a gera\u00e7\u00e3o de emprego, tanto formal quanto informal.<\/p>\n\n\n\n<p>E com a implementa\u00e7\u00e3o da nova legisla\u00e7\u00e3o, espera-se a resultados ainda melhores do setor, uma vez que a extens\u00e3o da prote\u00e7\u00e3o jur\u00eddica e financeira pode resultar em um aumento no n\u00famero de vagas preenchidas.<\/p>\n","protected":false},"excerpt":{"rendered":"<p>Apesar da expans\u00e3o do setor nos \u00faltimos anos, os Microempreendedores Individuais (MEIs) sofriam desde 2018 com uma defasagem decorrente do teto de faturamento anual estabelecido em R$ 81 mil. Todavia, essa realidade est\u00e1 prestes a ser revista. Isso porque, recentemente, a Comiss\u00e3o de Ind\u00fastria, Com\u00e9rcio e Servi\u00e7os da C\u00e2mara dos Deputados aprovou o aumento do [&hellip;]<\/p>\n","protected":false},"author":3,"featured_media":1456,"comment_status":"open","ping_status":"open","sticky":false,"template":"","format":"standard","meta":{"jnews-multi-image_gallery":[],"jnews_single_post":{"format":"standard"},"jnews_primary_category":[],"jnews_social_meta":[],"jnews_post_split":[],"footnotes":""},"categories":[159],"tags":[],"class_list":["post-1455","post","type-post","status-publish","format-standard","has-post-thumbnail","hentry","category-cidadania"],"yoast_head":"<!-- This site is optimized with the Yoast SEO plugin v25.6 - https:\/\/yoast.com\/wordpress\/plugins\/seo\/ -->\n<title>Brasileiros que tem MEI recebem melhor not\u00edcia dos \u00faltimos anos<\/title>\n<meta name=\"robots\" content=\"index, follow, max-snippet:-1, max-image-preview:large, max-video-preview:-1\" \/>\n<link rel=\"canonical\" href=\"https:\/\/tribunademinas.audiencelabs.com.br\/brasileiros-que-tem-mei-recebem-melhor-noticia-dos-ultimos-anos\/\" \/>\n<meta property=\"og:locale\" content=\"pt_BR\" \/>\n<meta property=\"og:type\" content=\"article\" \/>\n<meta property=\"og:title\" content=\"Brasileiros que tem MEI recebem melhor not\u00edcia dos \u00faltimos anos\" \/>\n<meta property=\"og:description\" content=\"Apesar da expans\u00e3o do setor nos \u00faltimos anos, os Microempreendedores Individuais (MEIs) sofriam desde 2018 com uma defasagem decorrente do teto de faturamento anual estabelecido em R$ 81 mil. Todavia, essa realidade est\u00e1 prestes a ser revista. Isso porque, recentemente, a Comiss\u00e3o de Ind\u00fastria, Com\u00e9rcio e Servi\u00e7os da C\u00e2mara dos Deputados aprovou o aumento do [&hellip;]\" \/>\n<meta property=\"og:url\" content=\"https:\/\/tribunademinas.audiencelabs.com.br\/brasileiros-que-tem-mei-recebem-melhor-noticia-dos-ultimos-anos\/\" \/>\n<meta property=\"og:site_name\" content=\"Tribuna de Minas - Dinheiro e Cidadania\" \/>\n<meta property=\"article:publisher\" content=\"https:\/\/www.facebook.com\/tribunademinas\/\" \/>\n<meta property=\"article:published_time\" content=\"2025-09-17T21:00:00+00:00\" \/>\n<meta property=\"og:image\" content=\"https:\/\/tribunademinas.audiencelabs.com.br\/wp-content\/uploads\/2025\/09\/brasileiros-mei-melhor-noticia-ultimos-anos.webp\" \/>\n\t<meta property=\"og:image:width\" content=\"1280\" \/>\n\t<meta property=\"og:image:height\" content=\"720\" \/>\n\t<meta property=\"og:image:type\" content=\"image\/webp\" \/>\n<meta name=\"author\" content=\"Jo\u00e3o Carlos Gomes\" \/>\n<meta name=\"twitter:card\" content=\"summary_large_image\" \/>\n<meta name=\"twitter:creator\" content=\"@tribunademinas\" \/>\n<meta name=\"twitter:site\" content=\"@tribunademinas\" \/>\n<meta name=\"twitter:label1\" content=\"Escrito por\" \/>\n\t<meta name=\"twitter:data1\" content=\"Jo\u00e3o Carlos Gomes\" \/>\n\t<meta name=\"twitter:label2\" content=\"Est. tempo de leitura\" \/>\n\t<meta name=\"twitter:data2\" content=\"2 minutos\" \/>\n<!-- \/ Yoast SEO plugin. -->","yoast_head_json":{"title":"Brasileiros que tem MEI recebem melhor not\u00edcia dos \u00faltimos anos","robots":{"index":"index","follow":"follow","max-snippet":"max-snippet:-1","max-image-preview":"max-image-preview:large","max-video-preview":"max-video-preview:-1"},"canonical":"https:\/\/tribunademinas.audiencelabs.com.br\/brasileiros-que-tem-mei-recebem-melhor-noticia-dos-ultimos-anos\/","og_locale":"pt_BR","og_type":"article","og_title":"Brasileiros que tem MEI recebem melhor not\u00edcia dos \u00faltimos anos","og_description":"Apesar da expans\u00e3o do setor nos \u00faltimos anos, os Microempreendedores Individuais (MEIs) sofriam desde 2018 com uma defasagem decorrente do teto de faturamento anual estabelecido em R$ 81 mil. Todavia, essa realidade est\u00e1 prestes a ser revista. Isso porque, recentemente, a Comiss\u00e3o de Ind\u00fastria, Com\u00e9rcio e Servi\u00e7os da C\u00e2mara dos Deputados aprovou o aumento do [&hellip;]","og_url":"https:\/\/tribunademinas.audiencelabs.com.br\/brasileiros-que-tem-mei-recebem-melhor-noticia-dos-ultimos-anos\/","og_site_name":"Tribuna de Minas - Dinheiro e Cidadania","article_publisher":"https:\/\/www.facebook.com\/tribunademinas\/","article_published_time":"2025-09-17T21:00:00+00:00","og_image":[{"width":1280,"height":720,"url":"https:\/\/tribunademinas.audiencelabs.com.br\/wp-content\/uploads\/2025\/09\/brasileiros-mei-melhor-noticia-ultimos-anos.webp","type":"image\/webp"}],"author":"Jo\u00e3o Carlos Gomes","twitter_card":"summary_large_image","twitter_creator":"@tribunademinas","twitter_site":"@tribunademinas","twitter_misc":{"Escrito por":"Jo\u00e3o Carlos Gomes","Est. tempo de leitura":"2 minutos"},"schema":{"@context":"https:\/\/schema.org","@graph":[{"@type":"Article","@id":"https:\/\/tribunademinas.audiencelabs.com.br\/brasileiros-que-tem-mei-recebem-melhor-noticia-dos-ultimos-anos\/#article","isPartOf":{"@id":"https:\/\/tribunademinas.audiencelabs.com.br\/brasileiros-que-tem-mei-recebem-melhor-noticia-dos-ultimos-anos\/"},"author":{"name":"Jo\u00e3o Carlos Gomes","@id":"https:\/\/tribunademinas.audiencelabs.com.br\/#\/schema\/person\/37af466a64a722fadb8ef6841c52114f"},"headline":"Brasileiros que tem MEI recebem melhor not\u00edcia dos \u00faltimos anos","datePublished":"2025-09-17T21:00:00+00:00","mainEntityOfPage":{"@id":"https:\/\/tribunademinas.audiencelabs.com.br\/brasileiros-que-tem-mei-recebem-melhor-noticia-dos-ultimos-anos\/"},"wordCount":342,"commentCount":0,"publisher":{"@id":"https:\/\/tribunademinas.audiencelabs.com.br\/#organization"},"image":{"@id":"https:\/\/tribunademinas.audiencelabs.com.br\/brasileiros-que-tem-mei-recebem-melhor-noticia-dos-ultimos-anos\/#primaryimage"},"thumbnailUrl":"https:\/\/tribunademinas.audiencelabs.com.br\/wp-content\/uploads\/2025\/09\/brasileiros-mei-melhor-noticia-ultimos-anos.webp","articleSection":["Cidadania"],"inLanguage":"pt-BR","potentialAction":[{"@type":"CommentAction","name":"Comment","target":["https:\/\/tribunademinas.audiencelabs.com.br\/brasileiros-que-tem-mei-recebem-melhor-noticia-dos-ultimos-anos\/#respond"]}]},{"@type":"WebPage","@id":"https:\/\/tribunademinas.audiencelabs.com.br\/brasileiros-que-tem-mei-recebem-melhor-noticia-dos-ultimos-anos\/","url":"https:\/\/tribunademinas.audiencelabs.com.br\/brasileiros-que-tem-mei-recebem-melhor-noticia-dos-ultimos-anos\/","name":"Brasileiros que tem MEI recebem melhor not\u00edcia dos \u00faltimos anos","isPartOf":{"@id":"https:\/\/tribunademinas.audiencelabs.com.br\/#website"},"primaryImageOfPage":{"@id":"https:\/\/tribunademinas.audiencelabs.com.br\/brasileiros-que-tem-mei-recebem-melhor-noticia-dos-ultimos-anos\/#primaryimage"},"image":{"@id":"https:\/\/tribunademinas.audiencelabs.com.br\/brasileiros-que-tem-mei-recebem-melhor-noticia-dos-ultimos-anos\/#primaryimage"},"thumbnailUrl":"https:\/\/tribunademinas.audiencelabs.com.br\/wp-content\/uploads\/2025\/09\/brasileiros-mei-melhor-noticia-ultimos-anos.webp","datePublished":"2025-09-17T21:00:00+00:00","breadcrumb":{"@id":"https:\/\/tribunademinas.audiencelabs.com.br\/brasileiros-que-tem-mei-recebem-melhor-noticia-dos-ultimos-anos\/#breadcrumb"},"inLanguage":"pt-BR","potentialAction":[{"@type":"ReadAction","target":["https:\/\/tribunademinas.audiencelabs.com.br\/brasileiros-que-tem-mei-recebem-melhor-noticia-dos-ultimos-anos\/"]}]},{"@type":"ImageObject","inLanguage":"pt-BR","@id":"https:\/\/tribunademinas.audiencelabs.com.br\/brasileiros-que-tem-mei-recebem-melhor-noticia-dos-ultimos-anos\/#primaryimage","url":"https:\/\/tribunademinas.audiencelabs.com.br\/wp-content\/uploads\/2025\/09\/brasileiros-mei-melhor-noticia-ultimos-anos.webp","contentUrl":"https:\/\/tribunademinas.audiencelabs.com.br\/wp-content\/uploads\/2025\/09\/brasileiros-mei-melhor-noticia-ultimos-anos.webp","width":1280,"height":720,"caption":"Foto: Marcello Casal Jr\/Ag\u00eancia Brasil"},{"@type":"BreadcrumbList","@id":"https:\/\/tribunademinas.audiencelabs.com.br\/brasileiros-que-tem-mei-recebem-melhor-noticia-dos-ultimos-anos\/#breadcrumb","itemListElement":[{"@type":"ListItem","position":1,"name":"In\u00edcio","item":"https:\/\/tribunademinas.audiencelabs.com.br\/"},{"@type":"ListItem","position":2,"name":"Brasileiros que tem MEI recebem melhor not\u00edcia dos \u00faltimos anos"}]},{"@type":"WebSite","@id":"https:\/\/tribunademinas.audiencelabs.com.br\/#website","url":"https:\/\/tribunademinas.audiencelabs.com.br\/","name":"Tribuna de Minas - Dinheiro e Cidadania","description":"","publisher":{"@id":"https:\/\/tribunademinas.audiencelabs.com.br\/#organization"},"potentialAction":[{"@type":"SearchAction","target":{"@type":"EntryPoint","urlTemplate":"https:\/\/tribunademinas.audiencelabs.com.br\/?s={search_term_string}"},"query-input":{"@type":"PropertyValueSpecification","valueRequired":true,"valueName":"search_term_string"}}],"inLanguage":"pt-BR"},{"@type":"Organization","@id":"https:\/\/tribunademinas.audiencelabs.com.br\/#organization","name":"Tribuna de Minas - Dinheiro e Cidadania","url":"https:\/\/tribunademinas.audiencelabs.com.br\/","logo":{"@type":"ImageObject","inLanguage":"pt-BR","@id":"https:\/\/tribunademinas.audiencelabs.com.br\/#\/schema\/logo\/image\/","url":"https:\/\/tribunademinas.audiencelabs.com.br\/wp-content\/uploads\/2025\/08\/cropped-Tribuna_512x512-96x96-1.png","contentUrl":"https:\/\/tribunademinas.audiencelabs.com.br\/wp-content\/uploads\/2025\/08\/cropped-Tribuna_512x512-96x96-1.png","width":96,"height":96,"caption":"Tribuna de Minas - Dinheiro e Cidadania"},"image":{"@id":"https:\/\/tribunademinas.audiencelabs.com.br\/#\/schema\/logo\/image\/"},"sameAs":["https:\/\/www.facebook.com\/tribunademinas\/","https:\/\/x.com\/tribunademinas","https:\/\/www.instagram.com\/tribunademinas\/","https:\/\/www.youtube.com\/user\/TribunadeMinasJF"]},{"@type":"Person","@id":"https:\/\/tribunademinas.audiencelabs.com.br\/#\/schema\/person\/37af466a64a722fadb8ef6841c52114f","name":"Jo\u00e3o Carlos Gomes","image":{"@type":"ImageObject","inLanguage":"pt-BR","@id":"https:\/\/tribunademinas.audiencelabs.com.br\/#\/schema\/person\/image\/","url":"https:\/\/secure.gravatar.com\/avatar\/4ce4672dbdd694b329cd6fdb51bee7d1409be1f0ff76a537e4c4a737b2c7d1a9?s=96&d=mm&r=g","contentUrl":"https:\/\/secure.gravatar.com\/avatar\/4ce4672dbdd694b329cd6fdb51bee7d1409be1f0ff76a537e4c4a737b2c7d1a9?s=96&d=mm&r=g","caption":"Jo\u00e3o Carlos Gomes"},"description":"Jornalista formado pelo Centro Universit\u00e1rio Carioca, apreciador da Bossa Nova ao Metal Extremo, criador de conte\u00fado e m\u00fasico independente nas horas vagas.","url":"https:\/\/tribunademinas.audiencelabs.com.br\/author\/joaoc-junior\/"}]}},"amp_enabled":true,"_links":{"self":[{"href":"https:\/\/tribunademinas.audiencelabs.com.br\/wp-json\/wp\/v2\/posts\/1455","targetHints":{"allow":["GET"]}}],"collection":[{"href":"https:\/\/tribunademinas.audiencelabs.com.br\/wp-json\/wp\/v2\/posts"}],"about":[{"href":"https:\/\/tribunademinas.audiencelabs.com.br\/wp-json\/wp\/v2\/types\/post"}],"author":[{"embeddable":true,"href":"https:\/\/tribunademinas.audiencelabs.com.br\/wp-json\/wp\/v2\/users\/3"}],"replies":[{"embeddable":true,"href":"https:\/\/tribunademinas.audiencelabs.com.br\/wp-json\/wp\/v2\/comments?post=1455"}],"version-history":[{"count":1,"href":"https:\/\/tribunademinas.audiencelabs.com.br\/wp-json\/wp\/v2\/posts\/1455\/revisions"}],"predecessor-version":[{"id":1460,"href":"https:\/\/tribunademinas.audiencelabs.com.br\/wp-json\/wp\/v2\/posts\/1455\/revisions\/1460"}],"wp:featuredmedia":[{"embeddable":true,"href":"https:\/\/tribunademinas.audiencelabs.com.br\/wp-json\/wp\/v2\/media\/1456"}],"wp:attachment":[{"href":"https:\/\/tribunademinas.audiencelabs.com.br\/wp-json\/wp\/v2\/media?parent=1455"}],"wp:term":[{"taxonomy":"category","embeddable":true,"href":"https:\/\/tribunademinas.audiencelabs.com.br\/wp-json\/wp\/v2\/categories?post=1455"},{"taxonomy":"post_tag","embeddable":true,"href":"https:\/\/tribunademinas.audiencelabs.com.br\/wp-json\/wp\/v2\/tags?post=1455"}],"curies":[{"name":"wp","href":"https:\/\/api.w.org\/{rel}","templated":true}]}}