{"id":1430,"date":"2025-09-16T09:45:00","date_gmt":"2025-09-16T12:45:00","guid":{"rendered":"https:\/\/tribunademinas.audiencelabs.com.br\/?p=1430"},"modified":"2025-09-15T20:25:59","modified_gmt":"2025-09-15T23:25:59","slug":"folga-liberada-brasileiros-nao-vao-trabalhar-dia-20-de-setembro","status":"publish","type":"post","link":"https:\/\/tribunademinas.audiencelabs.com.br\/folga-liberada-brasileiros-nao-vao-trabalhar-dia-20-de-setembro\/","title":{"rendered":"Folga liberada: brasileiros n\u00e3o v\u00e3o trabalhar dia 20 de setembro"},"content":{"rendered":"\n<p>No pr\u00f3ximo s\u00e1bado, 20 de setembro, parte dos brasileiros poder\u00e1 aproveitar um dia de descanso: ser\u00e1 feriado no estado do Rio Grande do Sul. A data, celebrada anualmente pelos ga\u00fachos, marca um momento hist\u00f3rico fundamental para a identidade cultural do estado. <\/p>\n\n\n\n<p>Comemorada com orgulho, a data re\u00fane tradi\u00e7\u00f5es, eventos e homenagens \u00e0 mem\u00f3ria de um dos epis\u00f3dios mais marcantes da hist\u00f3ria regional. \u00c9 um daqueles dias em que o estado literalmente para, e o motivo vai muito al\u00e9m da simples folga.<\/p>\n\n\n\n<h2 class=\"wp-block-heading\">Folga liberada: brasileiros n\u00e3o v\u00e3o trabalhar dia 20 de setembro<\/h2>\n\n\n\n<p>O feriado homenageia o in\u00edcio da Revolu\u00e7\u00e3o Farroupilha, conflito que come\u00e7ou em 1835 e se estendeu por uma d\u00e9cada. <\/p>\n\n\n\n<p>Liderado por figuras como Bento Gon\u00e7alves, o movimento reuniu estancieiros, militares e parte da popula\u00e7\u00e3o da ent\u00e3o prov\u00edncia de S\u00e3o Pedro do Rio Grande do Sul. <\/p>\n\n\n\n<p>Insatisfeitos com a pol\u00edtica fiscal do Imp\u00e9rio e com a falta de autonomia regional, os farroupilhas deram in\u00edcio a uma revolta que chegou a declarar a independ\u00eancia da regi\u00e3o, formando a ef\u00eamera Rep\u00fablica Rio-Grandense, tamb\u00e9m conhecida como Rep\u00fablica do Piratini.<\/p>\n\n\n\n<p>Apesar de n\u00e3o terem alcan\u00e7ado seus objetivos separatistas, os revolucion\u00e1rios deixaram um legado profundo. O 20 de setembro se consolidou como s\u00edmbolo de resist\u00eancia, orgulho e identidade do povo ga\u00facho. <\/p>\n\n\n\n<p>Em reconhecimento a essa import\u00e2ncia hist\u00f3rica e cultural, a data foi oficializada como feriado estadual pela lei 4.453, sancionada em 1978.<\/p>\n\n\n\n<h3 class=\"wp-block-heading\">20 de setembro ser\u00e1 no s\u00e1bado em 2025 e na segunda-feira em 2026<\/h3>\n\n\n\n<p>Durante a chamada <a href=\"https:\/\/semanafarroupilha.com.br\/\"><strong>Semana Farroupilha<\/strong><\/a>, que antecede o feriado, o estado se enche de cores, trajes t\u00edpicos e celebra\u00e7\u00f5es. Centros de Tradi\u00e7\u00e3o Ga\u00facha (CTGs) organizam desfiles, cavalgadas, churrascos, dan\u00e7as e apresenta\u00e7\u00f5es art\u00edsticas em diversas cidades. <\/p>\n\n\n\n<p>\u00c9 uma \u00e9poca em que os ga\u00fachos reafirmam seu v\u00ednculo com as ra\u00edzes culturais, e at\u00e9 mesmo as escolas e institui\u00e7\u00f5es p\u00fablicas entram no clima, promovendo atividades tem\u00e1ticas.<\/p>\n\n\n\n<p>No dia 20 de setembro, reparti\u00e7\u00f5es p\u00fablicas, escolas e boa parte do com\u00e9rcio fecham as portas. Servi\u00e7os essenciais seguem funcionando em regime de plant\u00e3o, mas a rotina da maioria dos trabalhadores \u00e9 interrompida em respeito \u00e0 data.<\/p>\n\n\n\n<p>E para quem gosta de emendar feriados, 2026 promete: o 20 de setembro <a href=\"https:\/\/tribunademinas.com.br\/colunas\/maistendencias\/feriado-do-20-de-setembro-no-rio-grande-do-sul-sera-na-segunda-feira-e-nao-domingo\/\"><strong>cair\u00e1 em uma segunda-feira<\/strong><\/a>, garantindo o t\u00e3o esperado feriad\u00e3o. Ser\u00e1 mais uma oportunidade para os ga\u00fachos celebrarem sua hist\u00f3ria, e para muita gente aproveitar o descanso.<\/p>\n\n\n\n<p><\/p>\n","protected":false},"excerpt":{"rendered":"<p>No pr\u00f3ximo s\u00e1bado, 20 de setembro, parte dos brasileiros poder\u00e1 aproveitar um dia de descanso: ser\u00e1 feriado no estado do Rio Grande do Sul. A data, celebrada anualmente pelos ga\u00fachos, marca um momento hist\u00f3rico fundamental para a identidade cultural do estado. Comemorada com orgulho, a data re\u00fane tradi\u00e7\u00f5es, eventos e homenagens \u00e0 mem\u00f3ria de um [&hellip;]<\/p>\n","protected":false},"author":5,"featured_media":1431,"comment_status":"open","ping_status":"open","sticky":false,"template":"","format":"standard","meta":{"jnews-multi-image_gallery":[],"jnews_single_post":{"format":"standard"},"jnews_primary_category":[],"jnews_social_meta":[],"jnews_post_split":[],"footnotes":""},"categories":[159],"tags":[],"class_list":["post-1430","post","type-post","status-publish","format-standard","has-post-thumbnail","hentry","category-cidadania"],"yoast_head":"<!-- This site is optimized with the Yoast SEO plugin v25.6 - https:\/\/yoast.com\/wordpress\/plugins\/seo\/ -->\n<title>Folga liberada: brasileiros n\u00e3o v\u00e3o trabalhar dia 20 de setembro<\/title>\n<meta name=\"description\" content=\"A data, celebrada anualmente em 20 de setembro, marca um momento hist\u00f3rico fundamental para a identidade cultural do estado.\" \/>\n<meta name=\"robots\" content=\"index, follow, max-snippet:-1, max-image-preview:large, max-video-preview:-1\" \/>\n<link rel=\"canonical\" href=\"https:\/\/tribunademinas.audiencelabs.com.br\/folga-liberada-brasileiros-nao-vao-trabalhar-dia-20-de-setembro\/\" \/>\n<meta property=\"og:locale\" content=\"pt_BR\" \/>\n<meta property=\"og:type\" content=\"article\" \/>\n<meta property=\"og:title\" content=\"Folga liberada: brasileiros n\u00e3o v\u00e3o trabalhar dia 20 de setembro\" \/>\n<meta property=\"og:description\" content=\"A data, celebrada anualmente em 20 de setembro, marca um momento hist\u00f3rico fundamental para a identidade cultural do estado.\" \/>\n<meta property=\"og:url\" content=\"https:\/\/tribunademinas.audiencelabs.com.br\/folga-liberada-brasileiros-nao-vao-trabalhar-dia-20-de-setembro\/\" \/>\n<meta property=\"og:site_name\" content=\"Tribuna de Minas - Dinheiro e Cidadania\" \/>\n<meta property=\"article:publisher\" content=\"https:\/\/www.facebook.com\/tribunademinas\/\" \/>\n<meta property=\"article:published_time\" content=\"2025-09-16T12:45:00+00:00\" \/>\n<meta property=\"og:image\" content=\"https:\/\/tribunademinas.audiencelabs.com.br\/wp-content\/uploads\/2025\/09\/20-de-setembro.jpg\" \/>\n\t<meta property=\"og:image:width\" content=\"1024\" \/>\n\t<meta property=\"og:image:height\" content=\"768\" \/>\n\t<meta property=\"og:image:type\" content=\"image\/jpeg\" \/>\n<meta name=\"author\" content=\"Jeferson Carvalho\" \/>\n<meta name=\"twitter:card\" content=\"summary_large_image\" \/>\n<meta name=\"twitter:creator\" content=\"@tribunademinas\" \/>\n<meta name=\"twitter:site\" content=\"@tribunademinas\" \/>\n<meta name=\"twitter:label1\" content=\"Escrito por\" \/>\n\t<meta name=\"twitter:data1\" content=\"Jeferson Carvalho\" \/>\n\t<meta name=\"twitter:label2\" content=\"Est. tempo de leitura\" \/>\n\t<meta name=\"twitter:data2\" content=\"3 minutos\" \/>\n<!-- \/ Yoast SEO plugin. -->","yoast_head_json":{"title":"Folga liberada: brasileiros n\u00e3o v\u00e3o trabalhar dia 20 de setembro","description":"A data, celebrada anualmente em 20 de setembro, marca um momento hist\u00f3rico fundamental para a identidade cultural do estado.","robots":{"index":"index","follow":"follow","max-snippet":"max-snippet:-1","max-image-preview":"max-image-preview:large","max-video-preview":"max-video-preview:-1"},"canonical":"https:\/\/tribunademinas.audiencelabs.com.br\/folga-liberada-brasileiros-nao-vao-trabalhar-dia-20-de-setembro\/","og_locale":"pt_BR","og_type":"article","og_title":"Folga liberada: brasileiros n\u00e3o v\u00e3o trabalhar dia 20 de setembro","og_description":"A data, celebrada anualmente em 20 de setembro, marca um momento hist\u00f3rico fundamental para a identidade cultural do estado.","og_url":"https:\/\/tribunademinas.audiencelabs.com.br\/folga-liberada-brasileiros-nao-vao-trabalhar-dia-20-de-setembro\/","og_site_name":"Tribuna de Minas - Dinheiro e Cidadania","article_publisher":"https:\/\/www.facebook.com\/tribunademinas\/","article_published_time":"2025-09-16T12:45:00+00:00","og_image":[{"width":1024,"height":768,"url":"https:\/\/tribunademinas.audiencelabs.com.br\/wp-content\/uploads\/2025\/09\/20-de-setembro.jpg","type":"image\/jpeg"}],"author":"Jeferson Carvalho","twitter_card":"summary_large_image","twitter_creator":"@tribunademinas","twitter_site":"@tribunademinas","twitter_misc":{"Escrito por":"Jeferson Carvalho","Est. tempo de leitura":"3 minutos"},"schema":{"@context":"https:\/\/schema.org","@graph":[{"@type":"Article","@id":"https:\/\/tribunademinas.audiencelabs.com.br\/folga-liberada-brasileiros-nao-vao-trabalhar-dia-20-de-setembro\/#article","isPartOf":{"@id":"https:\/\/tribunademinas.audiencelabs.com.br\/folga-liberada-brasileiros-nao-vao-trabalhar-dia-20-de-setembro\/"},"author":{"name":"Jeferson Carvalho","@id":"https:\/\/tribunademinas.audiencelabs.com.br\/#\/schema\/person\/db18fc40307804bacef94213aa68fd9d"},"headline":"Folga liberada: brasileiros n\u00e3o v\u00e3o trabalhar dia 20 de setembro","datePublished":"2025-09-16T12:45:00+00:00","mainEntityOfPage":{"@id":"https:\/\/tribunademinas.audiencelabs.com.br\/folga-liberada-brasileiros-nao-vao-trabalhar-dia-20-de-setembro\/"},"wordCount":434,"commentCount":0,"publisher":{"@id":"https:\/\/tribunademinas.audiencelabs.com.br\/#organization"},"image":{"@id":"https:\/\/tribunademinas.audiencelabs.com.br\/folga-liberada-brasileiros-nao-vao-trabalhar-dia-20-de-setembro\/#primaryimage"},"thumbnailUrl":"https:\/\/tribunademinas.audiencelabs.com.br\/wp-content\/uploads\/2025\/09\/20-de-setembro.jpg","articleSection":["Cidadania"],"inLanguage":"pt-BR","potentialAction":[{"@type":"CommentAction","name":"Comment","target":["https:\/\/tribunademinas.audiencelabs.com.br\/folga-liberada-brasileiros-nao-vao-trabalhar-dia-20-de-setembro\/#respond"]}]},{"@type":"WebPage","@id":"https:\/\/tribunademinas.audiencelabs.com.br\/folga-liberada-brasileiros-nao-vao-trabalhar-dia-20-de-setembro\/","url":"https:\/\/tribunademinas.audiencelabs.com.br\/folga-liberada-brasileiros-nao-vao-trabalhar-dia-20-de-setembro\/","name":"Folga liberada: brasileiros n\u00e3o v\u00e3o trabalhar dia 20 de setembro","isPartOf":{"@id":"https:\/\/tribunademinas.audiencelabs.com.br\/#website"},"primaryImageOfPage":{"@id":"https:\/\/tribunademinas.audiencelabs.com.br\/folga-liberada-brasileiros-nao-vao-trabalhar-dia-20-de-setembro\/#primaryimage"},"image":{"@id":"https:\/\/tribunademinas.audiencelabs.com.br\/folga-liberada-brasileiros-nao-vao-trabalhar-dia-20-de-setembro\/#primaryimage"},"thumbnailUrl":"https:\/\/tribunademinas.audiencelabs.com.br\/wp-content\/uploads\/2025\/09\/20-de-setembro.jpg","datePublished":"2025-09-16T12:45:00+00:00","description":"A data, celebrada anualmente em 20 de setembro, marca um momento hist\u00f3rico fundamental para a identidade cultural do estado.","breadcrumb":{"@id":"https:\/\/tribunademinas.audiencelabs.com.br\/folga-liberada-brasileiros-nao-vao-trabalhar-dia-20-de-setembro\/#breadcrumb"},"inLanguage":"pt-BR","potentialAction":[{"@type":"ReadAction","target":["https:\/\/tribunademinas.audiencelabs.com.br\/folga-liberada-brasileiros-nao-vao-trabalhar-dia-20-de-setembro\/"]}]},{"@type":"ImageObject","inLanguage":"pt-BR","@id":"https:\/\/tribunademinas.audiencelabs.com.br\/folga-liberada-brasileiros-nao-vao-trabalhar-dia-20-de-setembro\/#primaryimage","url":"https:\/\/tribunademinas.audiencelabs.com.br\/wp-content\/uploads\/2025\/09\/20-de-setembro.jpg","contentUrl":"https:\/\/tribunademinas.audiencelabs.com.br\/wp-content\/uploads\/2025\/09\/20-de-setembro.jpg","width":1024,"height":768,"caption":"Folga liberada: brasileiros n\u00e3o v\u00e3o trabalhar dia 20 de setembro - Imagem: Pixabay"},{"@type":"BreadcrumbList","@id":"https:\/\/tribunademinas.audiencelabs.com.br\/folga-liberada-brasileiros-nao-vao-trabalhar-dia-20-de-setembro\/#breadcrumb","itemListElement":[{"@type":"ListItem","position":1,"name":"In\u00edcio","item":"https:\/\/tribunademinas.audiencelabs.com.br\/"},{"@type":"ListItem","position":2,"name":"Folga liberada: brasileiros n\u00e3o v\u00e3o trabalhar dia 20 de setembro"}]},{"@type":"WebSite","@id":"https:\/\/tribunademinas.audiencelabs.com.br\/#website","url":"https:\/\/tribunademinas.audiencelabs.com.br\/","name":"Tribuna de Minas - Dinheiro e Cidadania","description":"","publisher":{"@id":"https:\/\/tribunademinas.audiencelabs.com.br\/#organization"},"potentialAction":[{"@type":"SearchAction","target":{"@type":"EntryPoint","urlTemplate":"https:\/\/tribunademinas.audiencelabs.com.br\/?s={search_term_string}"},"query-input":{"@type":"PropertyValueSpecification","valueRequired":true,"valueName":"search_term_string"}}],"inLanguage":"pt-BR"},{"@type":"Organization","@id":"https:\/\/tribunademinas.audiencelabs.com.br\/#organization","name":"Tribuna de Minas - Dinheiro e Cidadania","url":"https:\/\/tribunademinas.audiencelabs.com.br\/","logo":{"@type":"ImageObject","inLanguage":"pt-BR","@id":"https:\/\/tribunademinas.audiencelabs.com.br\/#\/schema\/logo\/image\/","url":"https:\/\/tribunademinas.audiencelabs.com.br\/wp-content\/uploads\/2025\/08\/cropped-Tribuna_512x512-96x96-1.png","contentUrl":"https:\/\/tribunademinas.audiencelabs.com.br\/wp-content\/uploads\/2025\/08\/cropped-Tribuna_512x512-96x96-1.png","width":96,"height":96,"caption":"Tribuna de Minas - Dinheiro e Cidadania"},"image":{"@id":"https:\/\/tribunademinas.audiencelabs.com.br\/#\/schema\/logo\/image\/"},"sameAs":["https:\/\/www.facebook.com\/tribunademinas\/","https:\/\/x.com\/tribunademinas","https:\/\/www.instagram.com\/tribunademinas\/","https:\/\/www.youtube.com\/user\/TribunadeMinasJF"]},{"@type":"Person","@id":"https:\/\/tribunademinas.audiencelabs.com.br\/#\/schema\/person\/db18fc40307804bacef94213aa68fd9d","name":"Jeferson Carvalho","image":{"@type":"ImageObject","inLanguage":"pt-BR","@id":"https:\/\/tribunademinas.audiencelabs.com.br\/#\/schema\/person\/image\/","url":"https:\/\/secure.gravatar.com\/avatar\/cd7646e328d9670dad7dea8698522e522745eeffcff5b9d08be858e377ce326b?s=96&d=mm&r=g","contentUrl":"https:\/\/secure.gravatar.com\/avatar\/cd7646e328d9670dad7dea8698522e522745eeffcff5b9d08be858e377ce326b?s=96&d=mm&r=g","caption":"Jeferson Carvalho"},"description":"Jornalista apaixonado pela profiss\u00e3o!","url":"https:\/\/tribunademinas.audiencelabs.com.br\/author\/jeferson\/"}]}},"amp_enabled":true,"_links":{"self":[{"href":"https:\/\/tribunademinas.audiencelabs.com.br\/wp-json\/wp\/v2\/posts\/1430","targetHints":{"allow":["GET"]}}],"collection":[{"href":"https:\/\/tribunademinas.audiencelabs.com.br\/wp-json\/wp\/v2\/posts"}],"about":[{"href":"https:\/\/tribunademinas.audiencelabs.com.br\/wp-json\/wp\/v2\/types\/post"}],"author":[{"embeddable":true,"href":"https:\/\/tribunademinas.audiencelabs.com.br\/wp-json\/wp\/v2\/users\/5"}],"replies":[{"embeddable":true,"href":"https:\/\/tribunademinas.audiencelabs.com.br\/wp-json\/wp\/v2\/comments?post=1430"}],"version-history":[{"count":1,"href":"https:\/\/tribunademinas.audiencelabs.com.br\/wp-json\/wp\/v2\/posts\/1430\/revisions"}],"predecessor-version":[{"id":1432,"href":"https:\/\/tribunademinas.audiencelabs.com.br\/wp-json\/wp\/v2\/posts\/1430\/revisions\/1432"}],"wp:featuredmedia":[{"embeddable":true,"href":"https:\/\/tribunademinas.audiencelabs.com.br\/wp-json\/wp\/v2\/media\/1431"}],"wp:attachment":[{"href":"https:\/\/tribunademinas.audiencelabs.com.br\/wp-json\/wp\/v2\/media?parent=1430"}],"wp:term":[{"taxonomy":"category","embeddable":true,"href":"https:\/\/tribunademinas.audiencelabs.com.br\/wp-json\/wp\/v2\/categories?post=1430"},{"taxonomy":"post_tag","embeddable":true,"href":"https:\/\/tribunademinas.audiencelabs.com.br\/wp-json\/wp\/v2\/tags?post=1430"}],"curies":[{"name":"wp","href":"https:\/\/api.w.org\/{rel}","templated":true}]}}