{"id":1427,"date":"2025-09-16T08:45:00","date_gmt":"2025-09-16T11:45:00","guid":{"rendered":"https:\/\/tribunademinas.audiencelabs.com.br\/?p=1427"},"modified":"2025-09-15T18:52:38","modified_gmt":"2025-09-15T21:52:38","slug":"saque-de-r-200-foi-liberado-no-caixa-tem","status":"publish","type":"post","link":"https:\/\/tribunademinas.audiencelabs.com.br\/saque-de-r-200-foi-liberado-no-caixa-tem\/","title":{"rendered":"Saque de R$ 200 foi liberado no Caixa Tem"},"content":{"rendered":"\n<p>A Caixa Econ\u00f4mica Federal come\u00e7a a liberar, a partir do final de setembro, um pagamento de R$ 200 para milhares de brasileiros por meio do aplicativo Caixa Tem. O repasse \u00e9 feito de forma digital, diretamente em contas abertas automaticamente para os benefici\u00e1rios. <\/p>\n\n\n\n<p>A a\u00e7\u00e3o faz parte de uma pol\u00edtica do Governo Federal voltada ao combate \u00e0 evas\u00e3o escolar e ao incentivo da perman\u00eancia de jovens no ensino m\u00e9dio.<\/p>\n\n\n\n<h2 class=\"wp-block-heading\">Saque de R$ 200 foi liberado no Caixa Tem<\/h2>\n\n\n\n<p>O valor faz parte do <a href=\"https:\/\/www.gov.br\/mec\/pt-br\/pe-de-meia\"><strong>programa P\u00e9-de-Meia<\/strong><\/a>, criado para apoiar financeiramente estudantes de baixa renda matriculados no ensino m\u00e9dio da rede p\u00fablica e na Educa\u00e7\u00e3o de Jovens e Adultos (EJA). <\/p>\n\n\n\n<p>A iniciativa prev\u00ea pagamentos mensais, al\u00e9m de b\u00f4nus por desempenho e participa\u00e7\u00e3o no Enem. <\/p>\n\n\n\n<p>Neste m\u00eas, est\u00e1 sendo disponibilizada a sexta parcela do incentivo chamado \u201cIncentivo-Frequ\u00eancia\u201d, que \u00e9 depositado regularmente para os alunos que cumprem os crit\u00e9rios exigidos.<\/p>\n\n\n\n<p>Para ter acesso ao benef\u00edcio, \u00e9 necess\u00e1rio que o estudante esteja matriculado em escola p\u00fablica, tenha idade entre 14 e 24 anos no caso do ensino m\u00e9dio regular, ou entre 19 e 24 anos se estiver na EJA. <\/p>\n\n\n\n<p>Al\u00e9m disso, \u00e9 exigido o registro no Cad\u00danico e uma renda familiar mensal de at\u00e9 meio sal\u00e1rio m\u00ednimo por pessoa. O acompanhamento da frequ\u00eancia escolar tamb\u00e9m \u00e9 obrigat\u00f3rio, com o m\u00ednimo de 80% de presen\u00e7a nas aulas.<\/p>\n\n\n\n<h3 class=\"wp-block-heading\">Pagamentos do P\u00e9-de-Meia de setembro no Caixa Tem<\/h3>\n\n\n\n<p>Os pagamentos seguem um <a href=\"https:\/\/tribunademinas.com.br\/colunas\/maistendencias\/pe-de-meia-veja-o-calendario-completo-de-pagamento-do-beneficio\/\"><strong>cronograma escalonado<\/strong><\/a>, com base no m\u00eas de nascimento dos estudantes. Os repasses de setembro est\u00e3o programados entre os dias 29 e 6 de outubro. Confira a seguir a tabela com as datas de libera\u00e7\u00e3o:<\/p>\n\n\n\n<figure class=\"wp-block-table is-style-stripes\"><table class=\"has-fixed-layout\"><thead><tr><th>Data de pagamento<\/th><th>Nascidos em<\/th><\/tr><\/thead><tbody><tr><td>29\/09\/2025<\/td><td>Janeiro e Fevereiro<\/td><\/tr><tr><td>30\/09\/2025<\/td><td>Mar\u00e7o e Abril<\/td><\/tr><tr><td>01\/10\/2025<\/td><td>Maio e Junho<\/td><\/tr><tr><td>02\/10\/2025<\/td><td>Julho e Agosto<\/td><\/tr><tr><td>03\/10\/2025<\/td><td>Setembro e Outubro<\/td><\/tr><tr><td>06\/10\/2025<\/td><td>Novembro e Dezembro<\/td><\/tr><\/tbody><\/table><\/figure>\n\n\n\n<p>Os valores podem ser movimentados diretamente pelo aplicativo Caixa Tem, por meio de transfer\u00eancias, pagamentos de contas ou saques sem cart\u00e3o em caixas eletr\u00f4nicos e lot\u00e9ricas. <\/p>\n\n\n\n<p>Estudantes menores de idade precisam da autoriza\u00e7\u00e3o de um respons\u00e1vel legal para utilizar o benef\u00edcio. Para confirmar o recebimento ou tirar d\u00favidas, os estudantes podem acessar o pr\u00f3prio aplicativo ou consultar a escola onde est\u00e3o matriculados.<\/p>\n\n\n\n<p><\/p>\n","protected":false},"excerpt":{"rendered":"<p>A Caixa Econ\u00f4mica Federal come\u00e7a a liberar, a partir do final de setembro, um pagamento de R$ 200 para milhares de brasileiros por meio do aplicativo Caixa Tem. O repasse \u00e9 feito de forma digital, diretamente em contas abertas automaticamente para os benefici\u00e1rios. A a\u00e7\u00e3o faz parte de uma pol\u00edtica do Governo Federal voltada ao [&hellip;]<\/p>\n","protected":false},"author":5,"featured_media":1428,"comment_status":"open","ping_status":"open","sticky":false,"template":"","format":"standard","meta":{"jnews-multi-image_gallery":[],"jnews_single_post":{"format":"standard"},"jnews_primary_category":[],"jnews_social_meta":[],"jnews_post_split":[],"footnotes":""},"categories":[1],"tags":[],"class_list":["post-1427","post","type-post","status-publish","format-standard","has-post-thumbnail","hentry","category-dinheiro"],"yoast_head":"<!-- This site is optimized with the Yoast SEO plugin v25.6 - https:\/\/yoast.com\/wordpress\/plugins\/seo\/ -->\n<title>Saque de R$ 200 foi liberado no Caixa Tem<\/title>\n<meta name=\"description\" content=\"A Caixa come\u00e7a a liberar no final de setembro, um pagamento de R$ 200 para milhares de brasileiros por meio do aplicativo Caixa Tem.\" \/>\n<meta name=\"robots\" content=\"index, follow, max-snippet:-1, max-image-preview:large, max-video-preview:-1\" \/>\n<link rel=\"canonical\" href=\"https:\/\/tribunademinas.audiencelabs.com.br\/saque-de-r-200-foi-liberado-no-caixa-tem\/\" \/>\n<meta property=\"og:locale\" content=\"pt_BR\" \/>\n<meta property=\"og:type\" content=\"article\" \/>\n<meta property=\"og:title\" content=\"Saque de R$ 200 foi liberado no Caixa Tem\" \/>\n<meta property=\"og:description\" content=\"A Caixa come\u00e7a a liberar no final de setembro, um pagamento de R$ 200 para milhares de brasileiros por meio do aplicativo Caixa Tem.\" \/>\n<meta property=\"og:url\" content=\"https:\/\/tribunademinas.audiencelabs.com.br\/saque-de-r-200-foi-liberado-no-caixa-tem\/\" \/>\n<meta property=\"og:site_name\" content=\"Tribuna de Minas - Dinheiro e Cidadania\" \/>\n<meta property=\"article:publisher\" content=\"https:\/\/www.facebook.com\/tribunademinas\/\" \/>\n<meta property=\"article:published_time\" content=\"2025-09-16T11:45:00+00:00\" \/>\n<meta property=\"og:image\" content=\"https:\/\/tribunademinas.audiencelabs.com.br\/wp-content\/uploads\/2025\/09\/Caixa-Tem.jpg\" \/>\n\t<meta property=\"og:image:width\" content=\"1260\" \/>\n\t<meta property=\"og:image:height\" content=\"614\" \/>\n\t<meta property=\"og:image:type\" content=\"image\/jpeg\" \/>\n<meta name=\"author\" content=\"Jeferson Carvalho\" \/>\n<meta name=\"twitter:card\" content=\"summary_large_image\" \/>\n<meta name=\"twitter:creator\" content=\"@tribunademinas\" \/>\n<meta name=\"twitter:site\" content=\"@tribunademinas\" \/>\n<meta name=\"twitter:label1\" content=\"Escrito por\" \/>\n\t<meta name=\"twitter:data1\" content=\"Jeferson Carvalho\" \/>\n\t<meta name=\"twitter:label2\" content=\"Est. tempo de leitura\" \/>\n\t<meta name=\"twitter:data2\" content=\"3 minutos\" \/>\n<!-- \/ Yoast SEO plugin. -->","yoast_head_json":{"title":"Saque de R$ 200 foi liberado no Caixa Tem","description":"A Caixa come\u00e7a a liberar no final de setembro, um pagamento de R$ 200 para milhares de brasileiros por meio do aplicativo Caixa Tem.","robots":{"index":"index","follow":"follow","max-snippet":"max-snippet:-1","max-image-preview":"max-image-preview:large","max-video-preview":"max-video-preview:-1"},"canonical":"https:\/\/tribunademinas.audiencelabs.com.br\/saque-de-r-200-foi-liberado-no-caixa-tem\/","og_locale":"pt_BR","og_type":"article","og_title":"Saque de R$ 200 foi liberado no Caixa Tem","og_description":"A Caixa come\u00e7a a liberar no final de setembro, um pagamento de R$ 200 para milhares de brasileiros por meio do aplicativo Caixa Tem.","og_url":"https:\/\/tribunademinas.audiencelabs.com.br\/saque-de-r-200-foi-liberado-no-caixa-tem\/","og_site_name":"Tribuna de Minas - Dinheiro e Cidadania","article_publisher":"https:\/\/www.facebook.com\/tribunademinas\/","article_published_time":"2025-09-16T11:45:00+00:00","og_image":[{"width":1260,"height":614,"url":"https:\/\/tribunademinas.audiencelabs.com.br\/wp-content\/uploads\/2025\/09\/Caixa-Tem.jpg","type":"image\/jpeg"}],"author":"Jeferson Carvalho","twitter_card":"summary_large_image","twitter_creator":"@tribunademinas","twitter_site":"@tribunademinas","twitter_misc":{"Escrito por":"Jeferson Carvalho","Est. tempo de leitura":"3 minutos"},"schema":{"@context":"https:\/\/schema.org","@graph":[{"@type":"Article","@id":"https:\/\/tribunademinas.audiencelabs.com.br\/saque-de-r-200-foi-liberado-no-caixa-tem\/#article","isPartOf":{"@id":"https:\/\/tribunademinas.audiencelabs.com.br\/saque-de-r-200-foi-liberado-no-caixa-tem\/"},"author":{"name":"Jeferson Carvalho","@id":"https:\/\/tribunademinas.audiencelabs.com.br\/#\/schema\/person\/db18fc40307804bacef94213aa68fd9d"},"headline":"Saque de R$ 200 foi liberado no Caixa Tem","datePublished":"2025-09-16T11:45:00+00:00","mainEntityOfPage":{"@id":"https:\/\/tribunademinas.audiencelabs.com.br\/saque-de-r-200-foi-liberado-no-caixa-tem\/"},"wordCount":391,"commentCount":0,"publisher":{"@id":"https:\/\/tribunademinas.audiencelabs.com.br\/#organization"},"image":{"@id":"https:\/\/tribunademinas.audiencelabs.com.br\/saque-de-r-200-foi-liberado-no-caixa-tem\/#primaryimage"},"thumbnailUrl":"https:\/\/tribunademinas.audiencelabs.com.br\/wp-content\/uploads\/2025\/09\/Caixa-Tem.jpg","articleSection":["Dinheiro"],"inLanguage":"pt-BR","potentialAction":[{"@type":"CommentAction","name":"Comment","target":["https:\/\/tribunademinas.audiencelabs.com.br\/saque-de-r-200-foi-liberado-no-caixa-tem\/#respond"]}]},{"@type":"WebPage","@id":"https:\/\/tribunademinas.audiencelabs.com.br\/saque-de-r-200-foi-liberado-no-caixa-tem\/","url":"https:\/\/tribunademinas.audiencelabs.com.br\/saque-de-r-200-foi-liberado-no-caixa-tem\/","name":"Saque de R$ 200 foi liberado no Caixa Tem","isPartOf":{"@id":"https:\/\/tribunademinas.audiencelabs.com.br\/#website"},"primaryImageOfPage":{"@id":"https:\/\/tribunademinas.audiencelabs.com.br\/saque-de-r-200-foi-liberado-no-caixa-tem\/#primaryimage"},"image":{"@id":"https:\/\/tribunademinas.audiencelabs.com.br\/saque-de-r-200-foi-liberado-no-caixa-tem\/#primaryimage"},"thumbnailUrl":"https:\/\/tribunademinas.audiencelabs.com.br\/wp-content\/uploads\/2025\/09\/Caixa-Tem.jpg","datePublished":"2025-09-16T11:45:00+00:00","description":"A Caixa come\u00e7a a liberar no final de setembro, um pagamento de R$ 200 para milhares de brasileiros por meio do aplicativo Caixa Tem.","breadcrumb":{"@id":"https:\/\/tribunademinas.audiencelabs.com.br\/saque-de-r-200-foi-liberado-no-caixa-tem\/#breadcrumb"},"inLanguage":"pt-BR","potentialAction":[{"@type":"ReadAction","target":["https:\/\/tribunademinas.audiencelabs.com.br\/saque-de-r-200-foi-liberado-no-caixa-tem\/"]}]},{"@type":"ImageObject","inLanguage":"pt-BR","@id":"https:\/\/tribunademinas.audiencelabs.com.br\/saque-de-r-200-foi-liberado-no-caixa-tem\/#primaryimage","url":"https:\/\/tribunademinas.audiencelabs.com.br\/wp-content\/uploads\/2025\/09\/Caixa-Tem.jpg","contentUrl":"https:\/\/tribunademinas.audiencelabs.com.br\/wp-content\/uploads\/2025\/09\/Caixa-Tem.jpg","width":1260,"height":614,"caption":"Saque de R$ 200 foi liberado no Caixa Tem - Imagem: Divulga\u00e7\u00e3o\/Caixa"},{"@type":"BreadcrumbList","@id":"https:\/\/tribunademinas.audiencelabs.com.br\/saque-de-r-200-foi-liberado-no-caixa-tem\/#breadcrumb","itemListElement":[{"@type":"ListItem","position":1,"name":"In\u00edcio","item":"https:\/\/tribunademinas.audiencelabs.com.br\/"},{"@type":"ListItem","position":2,"name":"Saque de R$ 200 foi liberado no Caixa Tem"}]},{"@type":"WebSite","@id":"https:\/\/tribunademinas.audiencelabs.com.br\/#website","url":"https:\/\/tribunademinas.audiencelabs.com.br\/","name":"Tribuna de Minas - Dinheiro e Cidadania","description":"","publisher":{"@id":"https:\/\/tribunademinas.audiencelabs.com.br\/#organization"},"potentialAction":[{"@type":"SearchAction","target":{"@type":"EntryPoint","urlTemplate":"https:\/\/tribunademinas.audiencelabs.com.br\/?s={search_term_string}"},"query-input":{"@type":"PropertyValueSpecification","valueRequired":true,"valueName":"search_term_string"}}],"inLanguage":"pt-BR"},{"@type":"Organization","@id":"https:\/\/tribunademinas.audiencelabs.com.br\/#organization","name":"Tribuna de Minas - Dinheiro e Cidadania","url":"https:\/\/tribunademinas.audiencelabs.com.br\/","logo":{"@type":"ImageObject","inLanguage":"pt-BR","@id":"https:\/\/tribunademinas.audiencelabs.com.br\/#\/schema\/logo\/image\/","url":"https:\/\/tribunademinas.audiencelabs.com.br\/wp-content\/uploads\/2025\/08\/cropped-Tribuna_512x512-96x96-1.png","contentUrl":"https:\/\/tribunademinas.audiencelabs.com.br\/wp-content\/uploads\/2025\/08\/cropped-Tribuna_512x512-96x96-1.png","width":96,"height":96,"caption":"Tribuna de Minas - Dinheiro e Cidadania"},"image":{"@id":"https:\/\/tribunademinas.audiencelabs.com.br\/#\/schema\/logo\/image\/"},"sameAs":["https:\/\/www.facebook.com\/tribunademinas\/","https:\/\/x.com\/tribunademinas","https:\/\/www.instagram.com\/tribunademinas\/","https:\/\/www.youtube.com\/user\/TribunadeMinasJF"]},{"@type":"Person","@id":"https:\/\/tribunademinas.audiencelabs.com.br\/#\/schema\/person\/db18fc40307804bacef94213aa68fd9d","name":"Jeferson Carvalho","image":{"@type":"ImageObject","inLanguage":"pt-BR","@id":"https:\/\/tribunademinas.audiencelabs.com.br\/#\/schema\/person\/image\/","url":"https:\/\/secure.gravatar.com\/avatar\/cd7646e328d9670dad7dea8698522e522745eeffcff5b9d08be858e377ce326b?s=96&d=mm&r=g","contentUrl":"https:\/\/secure.gravatar.com\/avatar\/cd7646e328d9670dad7dea8698522e522745eeffcff5b9d08be858e377ce326b?s=96&d=mm&r=g","caption":"Jeferson Carvalho"},"description":"Jornalista apaixonado pela profiss\u00e3o!","url":"https:\/\/tribunademinas.audiencelabs.com.br\/author\/jeferson\/"}]}},"amp_enabled":true,"_links":{"self":[{"href":"https:\/\/tribunademinas.audiencelabs.com.br\/wp-json\/wp\/v2\/posts\/1427","targetHints":{"allow":["GET"]}}],"collection":[{"href":"https:\/\/tribunademinas.audiencelabs.com.br\/wp-json\/wp\/v2\/posts"}],"about":[{"href":"https:\/\/tribunademinas.audiencelabs.com.br\/wp-json\/wp\/v2\/types\/post"}],"author":[{"embeddable":true,"href":"https:\/\/tribunademinas.audiencelabs.com.br\/wp-json\/wp\/v2\/users\/5"}],"replies":[{"embeddable":true,"href":"https:\/\/tribunademinas.audiencelabs.com.br\/wp-json\/wp\/v2\/comments?post=1427"}],"version-history":[{"count":1,"href":"https:\/\/tribunademinas.audiencelabs.com.br\/wp-json\/wp\/v2\/posts\/1427\/revisions"}],"predecessor-version":[{"id":1429,"href":"https:\/\/tribunademinas.audiencelabs.com.br\/wp-json\/wp\/v2\/posts\/1427\/revisions\/1429"}],"wp:featuredmedia":[{"embeddable":true,"href":"https:\/\/tribunademinas.audiencelabs.com.br\/wp-json\/wp\/v2\/media\/1428"}],"wp:attachment":[{"href":"https:\/\/tribunademinas.audiencelabs.com.br\/wp-json\/wp\/v2\/media?parent=1427"}],"wp:term":[{"taxonomy":"category","embeddable":true,"href":"https:\/\/tribunademinas.audiencelabs.com.br\/wp-json\/wp\/v2\/categories?post=1427"},{"taxonomy":"post_tag","embeddable":true,"href":"https:\/\/tribunademinas.audiencelabs.com.br\/wp-json\/wp\/v2\/tags?post=1427"}],"curies":[{"name":"wp","href":"https:\/\/api.w.org\/{rel}","templated":true}]}}