{"id":1408,"date":"2025-09-15T17:10:43","date_gmt":"2025-09-15T20:10:43","guid":{"rendered":"https:\/\/tribunademinas.audiencelabs.com.br\/?p=1408"},"modified":"2025-09-15T17:10:47","modified_gmt":"2025-09-15T20:10:47","slug":"inss-libera-e-brasileiros-vao-receber-mais-de-r-6-mil","status":"publish","type":"post","link":"https:\/\/tribunademinas.audiencelabs.com.br\/inss-libera-e-brasileiros-vao-receber-mais-de-r-6-mil\/","title":{"rendered":"INSS libera e brasileiros v\u00e3o receber mais de R$ 6 mil"},"content":{"rendered":"\n<p>O Instituto Nacional do Seguro Social (INSS) anunciou duas importantes libera\u00e7\u00f5es financeiras neste m\u00eas de setembro que prometem beneficiar milhares de brasileiros. <\/p>\n\n\n\n<p>De um lado, foi institu\u00eddo um novo benef\u00edcio voltado a fam\u00edlias impactadas por uma condi\u00e7\u00e3o de sa\u00fade grave. Do outro, os pagamentos regulares para quem recebe acima de um sal\u00e1rio m\u00ednimo tamb\u00e9m foram autorizados \u2014 e em alguns casos, os valores superam R$ 6 mil. <\/p>\n\n\n\n<p>As duas medidas representam um al\u00edvio para quem depende da Previd\u00eancia Social, tanto em car\u00e1ter emergencial quanto permanente.<\/p>\n\n\n\n<h2 class=\"wp-block-heading\">INSS libera e brasileiros v\u00e3o receber mais de R$ 6 mil<\/h2>\n\n\n\n<p>A <a href=\"https:\/\/tribunademinas.com.br\/colunas\/dinheiroecidadania\/novo-beneficio-de-r-8-mil-foi-liberado-pelo-inss\/\"><strong>novidade <\/strong><\/a>mais significativa foi oficializada na semana passada por meio de uma portaria publicada no Di\u00e1rio Oficial da Uni\u00e3o. <\/p>\n\n\n\n<p>Trata-se de um benef\u00edcio destinado \u00e0s pessoas com defici\u00eancia permanente causada pela s\u00edndrome cong\u00eanita do v\u00edrus Zika, infec\u00e7\u00e3o que afetou severamente o Brasil entre 2015 e 2016. <\/p>\n\n\n\n<p>Crian\u00e7as nascidas nesse per\u00edodo, expostas ao v\u00edrus durante a gesta\u00e7\u00e3o, desenvolveram graves sequelas neurol\u00f3gicas, como microcefalia, defici\u00eancias motoras, visuais e auditivas.<\/p>\n\n\n\n<p>Para minimizar o impacto financeiro dessas condi\u00e7\u00f5es, o governo federal estabeleceu uma pens\u00e3o mensal no valor de R$ 8.157,41, equivalente ao teto do INSS. Al\u00e9m disso, os benefici\u00e1rios t\u00eam direito a uma indeniza\u00e7\u00e3o \u00fanica de R$ 50 mil, livre de tributa\u00e7\u00e3o. <\/p>\n\n\n\n<p>A medida busca reparar, ao menos parcialmente, os custos com tratamentos, terapias e cuidados cont\u00ednuos enfrentados por essas fam\u00edlias ao longo dos anos. <\/p>\n\n\n\n<p>O pedido pode ser feito pelo app Meu INSS ou presencialmente em uma ag\u00eancia, desde que acompanhado de laudo m\u00e9dico que comprove a rela\u00e7\u00e3o entre a defici\u00eancia e a infec\u00e7\u00e3o pelo Zika v\u00edrus.<\/p>\n\n\n\n<h3 class=\"wp-block-heading\">Pagamentos do INSS de mais de R$ 6 mil come\u00e7am a ser liberados em outubro<\/h3>\n\n\n\n<p>Al\u00e9m disso, o INSS iniciou o cronograma de pagamentos referente a setembro. Benefici\u00e1rios que recebem acima de R$ 1.518, valor do sal\u00e1rio m\u00ednimo atual, come\u00e7am a ter seus dep\u00f3sitos realizados no in\u00edcio de outubro. <\/p>\n\n\n\n<p>Os valores, especialmente para aposentados e pensionistas que recebem benef\u00edcios acumulados ou retroativos, podem ultrapassar os R$ 6 mil, dependendo do caso.<\/p>\n\n\n\n<p>A seguir, o calend\u00e1rio de pagamentos para esse grupo:<\/p>\n\n\n\n<figure class=\"wp-block-table is-style-stripes\"><table class=\"has-fixed-layout\"><thead><tr><th>Final do benef\u00edcio<\/th><th>Data de pagamento<\/th><\/tr><\/thead><tbody><tr><td>1 e 6<\/td><td>1\u00ba de outubro<\/td><\/tr><tr><td>2 e 7<\/td><td>2 de outubro<\/td><\/tr><tr><td>3 e 8<\/td><td>3 de outubro<\/td><\/tr><tr><td>4 e 9<\/td><td>6 de outubro<\/td><\/tr><tr><td>5 e 0<\/td><td>7 de outubro<\/td><\/tr><\/tbody><\/table><\/figure>\n\n\n\n<p>Para mais informa\u00e7\u00f5es, os canais oficiais do INSS est\u00e3o dispon\u00edveis pelo <a href=\"https:\/\/meu.inss.gov.br\/\"><strong>aplicativo, site<\/strong><\/a> ou telefone 135.<\/p>\n\n\n\n<p><\/p>\n","protected":false},"excerpt":{"rendered":"<p>O Instituto Nacional do Seguro Social (INSS) anunciou duas importantes libera\u00e7\u00f5es financeiras neste m\u00eas de setembro que prometem beneficiar milhares de brasileiros. De um lado, foi institu\u00eddo um novo benef\u00edcio voltado a fam\u00edlias impactadas por uma condi\u00e7\u00e3o de sa\u00fade grave. Do outro, os pagamentos regulares para quem recebe acima de um sal\u00e1rio m\u00ednimo tamb\u00e9m foram [&hellip;]<\/p>\n","protected":false},"author":5,"featured_media":1409,"comment_status":"open","ping_status":"open","sticky":false,"template":"","format":"standard","meta":{"jnews-multi-image_gallery":[],"jnews_single_post":{"format":"standard"},"jnews_primary_category":[],"jnews_social_meta":[],"jnews_post_split":[],"footnotes":""},"categories":[1],"tags":[],"class_list":["post-1408","post","type-post","status-publish","format-standard","has-post-thumbnail","hentry","category-dinheiro"],"yoast_head":"<!-- This site is optimized with the Yoast SEO plugin v25.6 - https:\/\/yoast.com\/wordpress\/plugins\/seo\/ -->\n<title>INSS libera e brasileiros v\u00e3o receber mais de R$ 6 mil<\/title>\n<meta name=\"description\" content=\"O INSS anunciou duas importantes libera\u00e7\u00f5es financeiras neste m\u00eas de setembro que prometem beneficiar milhares de brasileiros.\" \/>\n<meta name=\"robots\" content=\"index, follow, max-snippet:-1, max-image-preview:large, max-video-preview:-1\" \/>\n<link rel=\"canonical\" href=\"https:\/\/tribunademinas.audiencelabs.com.br\/inss-libera-e-brasileiros-vao-receber-mais-de-r-6-mil\/\" \/>\n<meta property=\"og:locale\" content=\"pt_BR\" \/>\n<meta property=\"og:type\" content=\"article\" \/>\n<meta property=\"og:title\" content=\"INSS libera e brasileiros v\u00e3o receber mais de R$ 6 mil\" \/>\n<meta property=\"og:description\" content=\"O INSS anunciou duas importantes libera\u00e7\u00f5es financeiras neste m\u00eas de setembro que prometem beneficiar milhares de brasileiros.\" \/>\n<meta property=\"og:url\" content=\"https:\/\/tribunademinas.audiencelabs.com.br\/inss-libera-e-brasileiros-vao-receber-mais-de-r-6-mil\/\" \/>\n<meta property=\"og:site_name\" content=\"Tribuna de Minas - Dinheiro e Cidadania\" \/>\n<meta property=\"article:publisher\" content=\"https:\/\/www.facebook.com\/tribunademinas\/\" \/>\n<meta property=\"article:published_time\" content=\"2025-09-15T20:10:43+00:00\" \/>\n<meta property=\"article:modified_time\" content=\"2025-09-15T20:10:47+00:00\" \/>\n<meta property=\"og:image\" content=\"https:\/\/tribunademinas.audiencelabs.com.br\/wp-content\/uploads\/2025\/09\/INSS-5.webp\" \/>\n\t<meta property=\"og:image:width\" content=\"1170\" \/>\n\t<meta property=\"og:image:height\" content=\"700\" \/>\n\t<meta property=\"og:image:type\" content=\"image\/webp\" \/>\n<meta name=\"author\" content=\"Jeferson Carvalho\" \/>\n<meta name=\"twitter:card\" content=\"summary_large_image\" \/>\n<meta name=\"twitter:creator\" content=\"@tribunademinas\" \/>\n<meta name=\"twitter:site\" content=\"@tribunademinas\" \/>\n<meta name=\"twitter:label1\" content=\"Escrito por\" \/>\n\t<meta name=\"twitter:data1\" content=\"Jeferson Carvalho\" \/>\n\t<meta name=\"twitter:label2\" content=\"Est. tempo de leitura\" \/>\n\t<meta name=\"twitter:data2\" content=\"3 minutos\" \/>\n<!-- \/ Yoast SEO plugin. -->","yoast_head_json":{"title":"INSS libera e brasileiros v\u00e3o receber mais de R$ 6 mil","description":"O INSS anunciou duas importantes libera\u00e7\u00f5es financeiras neste m\u00eas de setembro que prometem beneficiar milhares de brasileiros.","robots":{"index":"index","follow":"follow","max-snippet":"max-snippet:-1","max-image-preview":"max-image-preview:large","max-video-preview":"max-video-preview:-1"},"canonical":"https:\/\/tribunademinas.audiencelabs.com.br\/inss-libera-e-brasileiros-vao-receber-mais-de-r-6-mil\/","og_locale":"pt_BR","og_type":"article","og_title":"INSS libera e brasileiros v\u00e3o receber mais de R$ 6 mil","og_description":"O INSS anunciou duas importantes libera\u00e7\u00f5es financeiras neste m\u00eas de setembro que prometem beneficiar milhares de brasileiros.","og_url":"https:\/\/tribunademinas.audiencelabs.com.br\/inss-libera-e-brasileiros-vao-receber-mais-de-r-6-mil\/","og_site_name":"Tribuna de Minas - Dinheiro e Cidadania","article_publisher":"https:\/\/www.facebook.com\/tribunademinas\/","article_published_time":"2025-09-15T20:10:43+00:00","article_modified_time":"2025-09-15T20:10:47+00:00","og_image":[{"width":1170,"height":700,"url":"https:\/\/tribunademinas.audiencelabs.com.br\/wp-content\/uploads\/2025\/09\/INSS-5.webp","type":"image\/webp"}],"author":"Jeferson Carvalho","twitter_card":"summary_large_image","twitter_creator":"@tribunademinas","twitter_site":"@tribunademinas","twitter_misc":{"Escrito por":"Jeferson Carvalho","Est. tempo de leitura":"3 minutos"},"schema":{"@context":"https:\/\/schema.org","@graph":[{"@type":"Article","@id":"https:\/\/tribunademinas.audiencelabs.com.br\/inss-libera-e-brasileiros-vao-receber-mais-de-r-6-mil\/#article","isPartOf":{"@id":"https:\/\/tribunademinas.audiencelabs.com.br\/inss-libera-e-brasileiros-vao-receber-mais-de-r-6-mil\/"},"author":{"name":"Jeferson Carvalho","@id":"https:\/\/tribunademinas.audiencelabs.com.br\/#\/schema\/person\/db18fc40307804bacef94213aa68fd9d"},"headline":"INSS libera e brasileiros v\u00e3o receber mais de R$ 6 mil","datePublished":"2025-09-15T20:10:43+00:00","dateModified":"2025-09-15T20:10:47+00:00","mainEntityOfPage":{"@id":"https:\/\/tribunademinas.audiencelabs.com.br\/inss-libera-e-brasileiros-vao-receber-mais-de-r-6-mil\/"},"wordCount":435,"commentCount":0,"publisher":{"@id":"https:\/\/tribunademinas.audiencelabs.com.br\/#organization"},"image":{"@id":"https:\/\/tribunademinas.audiencelabs.com.br\/inss-libera-e-brasileiros-vao-receber-mais-de-r-6-mil\/#primaryimage"},"thumbnailUrl":"https:\/\/tribunademinas.audiencelabs.com.br\/wp-content\/uploads\/2025\/09\/INSS-5.webp","articleSection":["Dinheiro"],"inLanguage":"pt-BR","potentialAction":[{"@type":"CommentAction","name":"Comment","target":["https:\/\/tribunademinas.audiencelabs.com.br\/inss-libera-e-brasileiros-vao-receber-mais-de-r-6-mil\/#respond"]}]},{"@type":"WebPage","@id":"https:\/\/tribunademinas.audiencelabs.com.br\/inss-libera-e-brasileiros-vao-receber-mais-de-r-6-mil\/","url":"https:\/\/tribunademinas.audiencelabs.com.br\/inss-libera-e-brasileiros-vao-receber-mais-de-r-6-mil\/","name":"INSS libera e brasileiros v\u00e3o receber mais de R$ 6 mil","isPartOf":{"@id":"https:\/\/tribunademinas.audiencelabs.com.br\/#website"},"primaryImageOfPage":{"@id":"https:\/\/tribunademinas.audiencelabs.com.br\/inss-libera-e-brasileiros-vao-receber-mais-de-r-6-mil\/#primaryimage"},"image":{"@id":"https:\/\/tribunademinas.audiencelabs.com.br\/inss-libera-e-brasileiros-vao-receber-mais-de-r-6-mil\/#primaryimage"},"thumbnailUrl":"https:\/\/tribunademinas.audiencelabs.com.br\/wp-content\/uploads\/2025\/09\/INSS-5.webp","datePublished":"2025-09-15T20:10:43+00:00","dateModified":"2025-09-15T20:10:47+00:00","description":"O INSS anunciou duas importantes libera\u00e7\u00f5es financeiras neste m\u00eas de setembro que prometem beneficiar milhares de brasileiros.","breadcrumb":{"@id":"https:\/\/tribunademinas.audiencelabs.com.br\/inss-libera-e-brasileiros-vao-receber-mais-de-r-6-mil\/#breadcrumb"},"inLanguage":"pt-BR","potentialAction":[{"@type":"ReadAction","target":["https:\/\/tribunademinas.audiencelabs.com.br\/inss-libera-e-brasileiros-vao-receber-mais-de-r-6-mil\/"]}]},{"@type":"ImageObject","inLanguage":"pt-BR","@id":"https:\/\/tribunademinas.audiencelabs.com.br\/inss-libera-e-brasileiros-vao-receber-mais-de-r-6-mil\/#primaryimage","url":"https:\/\/tribunademinas.audiencelabs.com.br\/wp-content\/uploads\/2025\/09\/INSS-5.webp","contentUrl":"https:\/\/tribunademinas.audiencelabs.com.br\/wp-content\/uploads\/2025\/09\/INSS-5.webp","width":1170,"height":700,"caption":"INSS libera e brasileiros v\u00e3o receber mais de R$ 6 mil - Imagem: Rafa Neddermeyer\/Ag\u00eancia Brasil"},{"@type":"BreadcrumbList","@id":"https:\/\/tribunademinas.audiencelabs.com.br\/inss-libera-e-brasileiros-vao-receber-mais-de-r-6-mil\/#breadcrumb","itemListElement":[{"@type":"ListItem","position":1,"name":"In\u00edcio","item":"https:\/\/tribunademinas.audiencelabs.com.br\/"},{"@type":"ListItem","position":2,"name":"INSS libera e brasileiros v\u00e3o receber mais de R$ 6 mil"}]},{"@type":"WebSite","@id":"https:\/\/tribunademinas.audiencelabs.com.br\/#website","url":"https:\/\/tribunademinas.audiencelabs.com.br\/","name":"Tribuna de Minas - Dinheiro e Cidadania","description":"","publisher":{"@id":"https:\/\/tribunademinas.audiencelabs.com.br\/#organization"},"potentialAction":[{"@type":"SearchAction","target":{"@type":"EntryPoint","urlTemplate":"https:\/\/tribunademinas.audiencelabs.com.br\/?s={search_term_string}"},"query-input":{"@type":"PropertyValueSpecification","valueRequired":true,"valueName":"search_term_string"}}],"inLanguage":"pt-BR"},{"@type":"Organization","@id":"https:\/\/tribunademinas.audiencelabs.com.br\/#organization","name":"Tribuna de Minas - Dinheiro e Cidadania","url":"https:\/\/tribunademinas.audiencelabs.com.br\/","logo":{"@type":"ImageObject","inLanguage":"pt-BR","@id":"https:\/\/tribunademinas.audiencelabs.com.br\/#\/schema\/logo\/image\/","url":"https:\/\/tribunademinas.audiencelabs.com.br\/wp-content\/uploads\/2025\/08\/cropped-Tribuna_512x512-96x96-1.png","contentUrl":"https:\/\/tribunademinas.audiencelabs.com.br\/wp-content\/uploads\/2025\/08\/cropped-Tribuna_512x512-96x96-1.png","width":96,"height":96,"caption":"Tribuna de Minas - Dinheiro e Cidadania"},"image":{"@id":"https:\/\/tribunademinas.audiencelabs.com.br\/#\/schema\/logo\/image\/"},"sameAs":["https:\/\/www.facebook.com\/tribunademinas\/","https:\/\/x.com\/tribunademinas","https:\/\/www.instagram.com\/tribunademinas\/","https:\/\/www.youtube.com\/user\/TribunadeMinasJF"]},{"@type":"Person","@id":"https:\/\/tribunademinas.audiencelabs.com.br\/#\/schema\/person\/db18fc40307804bacef94213aa68fd9d","name":"Jeferson Carvalho","image":{"@type":"ImageObject","inLanguage":"pt-BR","@id":"https:\/\/tribunademinas.audiencelabs.com.br\/#\/schema\/person\/image\/","url":"https:\/\/secure.gravatar.com\/avatar\/cd7646e328d9670dad7dea8698522e522745eeffcff5b9d08be858e377ce326b?s=96&d=mm&r=g","contentUrl":"https:\/\/secure.gravatar.com\/avatar\/cd7646e328d9670dad7dea8698522e522745eeffcff5b9d08be858e377ce326b?s=96&d=mm&r=g","caption":"Jeferson Carvalho"},"description":"Jornalista apaixonado pela profiss\u00e3o!","url":"https:\/\/tribunademinas.audiencelabs.com.br\/author\/jeferson\/"}]}},"amp_enabled":true,"_links":{"self":[{"href":"https:\/\/tribunademinas.audiencelabs.com.br\/wp-json\/wp\/v2\/posts\/1408","targetHints":{"allow":["GET"]}}],"collection":[{"href":"https:\/\/tribunademinas.audiencelabs.com.br\/wp-json\/wp\/v2\/posts"}],"about":[{"href":"https:\/\/tribunademinas.audiencelabs.com.br\/wp-json\/wp\/v2\/types\/post"}],"author":[{"embeddable":true,"href":"https:\/\/tribunademinas.audiencelabs.com.br\/wp-json\/wp\/v2\/users\/5"}],"replies":[{"embeddable":true,"href":"https:\/\/tribunademinas.audiencelabs.com.br\/wp-json\/wp\/v2\/comments?post=1408"}],"version-history":[{"count":1,"href":"https:\/\/tribunademinas.audiencelabs.com.br\/wp-json\/wp\/v2\/posts\/1408\/revisions"}],"predecessor-version":[{"id":1413,"href":"https:\/\/tribunademinas.audiencelabs.com.br\/wp-json\/wp\/v2\/posts\/1408\/revisions\/1413"}],"wp:featuredmedia":[{"embeddable":true,"href":"https:\/\/tribunademinas.audiencelabs.com.br\/wp-json\/wp\/v2\/media\/1409"}],"wp:attachment":[{"href":"https:\/\/tribunademinas.audiencelabs.com.br\/wp-json\/wp\/v2\/media?parent=1408"}],"wp:term":[{"taxonomy":"category","embeddable":true,"href":"https:\/\/tribunademinas.audiencelabs.com.br\/wp-json\/wp\/v2\/categories?post=1408"},{"taxonomy":"post_tag","embeddable":true,"href":"https:\/\/tribunademinas.audiencelabs.com.br\/wp-json\/wp\/v2\/tags?post=1408"}],"curies":[{"name":"wp","href":"https:\/\/api.w.org\/{rel}","templated":true}]}}