{"id":1402,"date":"2025-09-15T16:30:23","date_gmt":"2025-09-15T19:30:23","guid":{"rendered":"https:\/\/tribunademinas.audiencelabs.com.br\/?p=1402"},"modified":"2025-09-15T16:30:27","modified_gmt":"2025-09-15T19:30:27","slug":"revelado-quem-sera-o-presidente-do-brasil-em-2026","status":"publish","type":"post","link":"https:\/\/tribunademinas.audiencelabs.com.br\/revelado-quem-sera-o-presidente-do-brasil-em-2026\/","title":{"rendered":"Revelado quem ser\u00e1 o presidente do Brasil em 2026"},"content":{"rendered":"\n<p>Atualmente, o Brasil \u00e9 governado pelo presidente Luiz In\u00e1cio Lula da Silva (PT), figura central da esquerda nacional e um dos pol\u00edticos mais influentes da hist\u00f3ria recente do pa\u00eds. <\/p>\n\n\n\n<p>No campo oposto, liderando a direita, est\u00e1 o ex-presidente <a href=\"https:\/\/tribunademinas.com.br\/colunas\/dinheiroecidadania\/supremo-voltou-atras-na-decisao-sobre-prender-bolsonaro-imediatamente\/\"><strong>Jair Bolsonaro (PL)<\/strong><\/a>, com quem Lula travou uma disputa hist\u00f3rica nas elei\u00e7\u00f5es de 2022. O segundo turno daquele pleito foi marcado por forte polariza\u00e7\u00e3o e margem apertada, evidenciando a divis\u00e3o pol\u00edtica no pa\u00eds. <\/p>\n\n\n\n<p>No entanto, o cen\u00e1rio de 2026 come\u00e7a a se redesenhar com um fato decisivo: na \u00faltima quinta-feira, 11 de setembro, Bolsonaro foi condenado pelo Supremo Tribunal Federal a mais de 27 anos de pris\u00e3o por tentativa de golpe, agravando sua j\u00e1 existente condi\u00e7\u00e3o de ineleg\u00edvel.<\/p>\n\n\n\n<p>Diante disso, cresce a curiosidade sobre quem ocupar\u00e1 a presid\u00eancia nas pr\u00f3ximas elei\u00e7\u00f5es. <\/p>\n\n\n\n<h2 class=\"wp-block-heading\">Revelado quem ser\u00e1 o presidente do Brasil em 2026<\/h2>\n\n\n\n<p>As urnas voltar\u00e3o a funcionar em outubro de 2026, quando os brasileiros escolher\u00e3o o pr\u00f3ximo chefe do Executivo. O vencedor, como prev\u00ea a Constitui\u00e7\u00e3o, assumir\u00e1 o cargo em 1\u00ba de janeiro de 2027 e governar\u00e1 at\u00e9 o fim de 2030. <\/p>\n\n\n\n<p>Isso significa que, independentemente do resultado da elei\u00e7\u00e3o, o presidente do Brasil durante todo o ano de 2026 continuar\u00e1 sendo Lula, a menos que ocorra alguma mudan\u00e7a extraordin\u00e1ria. <\/p>\n\n\n\n<p>A sucess\u00e3o presidencial s\u00f3 se efetiva no primeiro dia do ano seguinte \u00e0 elei\u00e7\u00e3o. Ou seja, Lula segue presidente no ano que vem, pois s\u00f3 completa seus quatro anos de governo no final de 2026, e o pr\u00f3ximo presidente s\u00f3 assume no in\u00edcio de 2027.<\/p>\n\n\n\n<p>Com Bolsonaro fora do p\u00e1reo, preso e impedido legalmente de concorrer, a direita precisar\u00e1 se reorganizar para lan\u00e7ar um nome competitivo. Bolsonaro j\u00e1 estava ineleg\u00edvel desde 2023, antes da condena\u00e7\u00e3o do STF, por ter sido condenado pelo Tribunal Superior Eleitoral (TSE) por abuso de poder pol\u00edtico e econ\u00f4mico.<\/p>\n\n\n\n<p>J\u00e1 Lula, apesar de ainda n\u00e3o ter formalizado sua candidatura, afirmou publicamente que pretende disputar a reelei\u00e7\u00e3o, desde que sua sa\u00fade permita. Ele tem repetido que sua miss\u00e3o ainda n\u00e3o est\u00e1 conclu\u00edda.<\/p>\n\n\n\n<h3 class=\"wp-block-heading\">Lula aparece na frente nas pesquisas de inten\u00e7\u00e3o de votos para presidente<\/h3>\n\n\n\n<p>A pesquisa mais recente do <a href=\"https:\/\/datafolha.folha.uol.com.br\/\"><strong>Datafolha<\/strong><\/a>, divulgada em agosto, mostrou Lula na lideran\u00e7a em todos os cen\u00e1rios testados. Mesmo quando o instituto simulou diferentes candidatos da direita, o petista manteve vantagem s\u00f3lida no primeiro e no segundo turno. <\/p>\n\n\n\n<p>Nomes como Tarc\u00edsio de Freitas, Michelle Bolsonaro, e at\u00e9 filhos do ex-presidente, como Eduardo e Fl\u00e1vio Bolsonaro, apareceram bem atr\u00e1s nas inten\u00e7\u00f5es de voto.<\/p>\n\n\n\n<p>Agora, a expectativa se volta para a pr\u00f3xima pesquisa, desta vez conduzida pelo instituto Quaest, com previs\u00e3o de divulga\u00e7\u00e3o na quarta-feira, 17 de setembro. <\/p>\n\n\n\n<p>Ser\u00e1 o primeiro levantamento a captar a rea\u00e7\u00e3o popular \u00e0 condena\u00e7\u00e3o de Bolsonaro, um fator que pode impactar diretamente o futuro pol\u00edtico da direita e o jogo sucess\u00f3rio de 2026.<\/p>\n","protected":false},"excerpt":{"rendered":"<p>Atualmente, o Brasil \u00e9 governado pelo presidente Luiz In\u00e1cio Lula da Silva (PT), figura central da esquerda nacional e um dos pol\u00edticos mais influentes da hist\u00f3ria recente do pa\u00eds. No campo oposto, liderando a direita, est\u00e1 o ex-presidente Jair Bolsonaro (PL), com quem Lula travou uma disputa hist\u00f3rica nas elei\u00e7\u00f5es de 2022. O segundo turno [&hellip;]<\/p>\n","protected":false},"author":5,"featured_media":1403,"comment_status":"open","ping_status":"open","sticky":false,"template":"","format":"standard","meta":{"jnews-multi-image_gallery":[],"jnews_single_post":{"format":"standard"},"jnews_primary_category":[],"jnews_social_meta":[],"jnews_post_split":[],"footnotes":""},"categories":[159],"tags":[],"class_list":["post-1402","post","type-post","status-publish","format-standard","has-post-thumbnail","hentry","category-cidadania"],"yoast_head":"<!-- This site is optimized with the Yoast SEO plugin v25.6 - https:\/\/yoast.com\/wordpress\/plugins\/seo\/ -->\n<title>Revelado quem ser\u00e1 o presidente do Brasil em 2026<\/title>\n<meta name=\"description\" content=\"Presidente Lula j\u00e1 confirmou candidatura para 2026, e Bolsonaro est\u00e1 ineleg\u00edvel. Portanto, quem ocupar\u00e1 a presid\u00eancia nas pr\u00f3ximas elei\u00e7\u00f5es?\" \/>\n<meta name=\"robots\" content=\"index, follow, max-snippet:-1, max-image-preview:large, max-video-preview:-1\" \/>\n<link rel=\"canonical\" href=\"https:\/\/tribunademinas.audiencelabs.com.br\/revelado-quem-sera-o-presidente-do-brasil-em-2026\/\" \/>\n<meta property=\"og:locale\" content=\"pt_BR\" \/>\n<meta property=\"og:type\" content=\"article\" \/>\n<meta property=\"og:title\" content=\"Revelado quem ser\u00e1 o presidente do Brasil em 2026\" \/>\n<meta property=\"og:description\" content=\"Presidente Lula j\u00e1 confirmou candidatura para 2026, e Bolsonaro est\u00e1 ineleg\u00edvel. Portanto, quem ocupar\u00e1 a presid\u00eancia nas pr\u00f3ximas elei\u00e7\u00f5es?\" \/>\n<meta property=\"og:url\" content=\"https:\/\/tribunademinas.audiencelabs.com.br\/revelado-quem-sera-o-presidente-do-brasil-em-2026\/\" \/>\n<meta property=\"og:site_name\" content=\"Tribuna de Minas - Dinheiro e Cidadania\" \/>\n<meta property=\"article:publisher\" content=\"https:\/\/www.facebook.com\/tribunademinas\/\" \/>\n<meta property=\"article:published_time\" content=\"2025-09-15T19:30:23+00:00\" \/>\n<meta property=\"article:modified_time\" content=\"2025-09-15T19:30:27+00:00\" \/>\n<meta property=\"og:image\" content=\"https:\/\/tribunademinas.audiencelabs.com.br\/wp-content\/uploads\/2025\/09\/presidente.jpg\" \/>\n\t<meta property=\"og:image:width\" content=\"1200\" \/>\n\t<meta property=\"og:image:height\" content=\"701\" \/>\n\t<meta property=\"og:image:type\" content=\"image\/jpeg\" \/>\n<meta name=\"author\" content=\"Jeferson Carvalho\" \/>\n<meta name=\"twitter:card\" content=\"summary_large_image\" \/>\n<meta name=\"twitter:creator\" content=\"@tribunademinas\" \/>\n<meta name=\"twitter:site\" content=\"@tribunademinas\" \/>\n<meta name=\"twitter:label1\" content=\"Escrito por\" \/>\n\t<meta name=\"twitter:data1\" content=\"Jeferson Carvalho\" \/>\n\t<meta name=\"twitter:label2\" content=\"Est. tempo de leitura\" \/>\n\t<meta name=\"twitter:data2\" content=\"3 minutos\" \/>\n<!-- \/ Yoast SEO plugin. -->","yoast_head_json":{"title":"Revelado quem ser\u00e1 o presidente do Brasil em 2026","description":"Presidente Lula j\u00e1 confirmou candidatura para 2026, e Bolsonaro est\u00e1 ineleg\u00edvel. Portanto, quem ocupar\u00e1 a presid\u00eancia nas pr\u00f3ximas elei\u00e7\u00f5es?","robots":{"index":"index","follow":"follow","max-snippet":"max-snippet:-1","max-image-preview":"max-image-preview:large","max-video-preview":"max-video-preview:-1"},"canonical":"https:\/\/tribunademinas.audiencelabs.com.br\/revelado-quem-sera-o-presidente-do-brasil-em-2026\/","og_locale":"pt_BR","og_type":"article","og_title":"Revelado quem ser\u00e1 o presidente do Brasil em 2026","og_description":"Presidente Lula j\u00e1 confirmou candidatura para 2026, e Bolsonaro est\u00e1 ineleg\u00edvel. Portanto, quem ocupar\u00e1 a presid\u00eancia nas pr\u00f3ximas elei\u00e7\u00f5es?","og_url":"https:\/\/tribunademinas.audiencelabs.com.br\/revelado-quem-sera-o-presidente-do-brasil-em-2026\/","og_site_name":"Tribuna de Minas - Dinheiro e Cidadania","article_publisher":"https:\/\/www.facebook.com\/tribunademinas\/","article_published_time":"2025-09-15T19:30:23+00:00","article_modified_time":"2025-09-15T19:30:27+00:00","og_image":[{"width":1200,"height":701,"url":"https:\/\/tribunademinas.audiencelabs.com.br\/wp-content\/uploads\/2025\/09\/presidente.jpg","type":"image\/jpeg"}],"author":"Jeferson Carvalho","twitter_card":"summary_large_image","twitter_creator":"@tribunademinas","twitter_site":"@tribunademinas","twitter_misc":{"Escrito por":"Jeferson Carvalho","Est. tempo de leitura":"3 minutos"},"schema":{"@context":"https:\/\/schema.org","@graph":[{"@type":"Article","@id":"https:\/\/tribunademinas.audiencelabs.com.br\/revelado-quem-sera-o-presidente-do-brasil-em-2026\/#article","isPartOf":{"@id":"https:\/\/tribunademinas.audiencelabs.com.br\/revelado-quem-sera-o-presidente-do-brasil-em-2026\/"},"author":{"name":"Jeferson Carvalho","@id":"https:\/\/tribunademinas.audiencelabs.com.br\/#\/schema\/person\/db18fc40307804bacef94213aa68fd9d"},"headline":"Revelado quem ser\u00e1 o presidente do Brasil em 2026","datePublished":"2025-09-15T19:30:23+00:00","dateModified":"2025-09-15T19:30:27+00:00","mainEntityOfPage":{"@id":"https:\/\/tribunademinas.audiencelabs.com.br\/revelado-quem-sera-o-presidente-do-brasil-em-2026\/"},"wordCount":505,"commentCount":0,"publisher":{"@id":"https:\/\/tribunademinas.audiencelabs.com.br\/#organization"},"image":{"@id":"https:\/\/tribunademinas.audiencelabs.com.br\/revelado-quem-sera-o-presidente-do-brasil-em-2026\/#primaryimage"},"thumbnailUrl":"https:\/\/tribunademinas.audiencelabs.com.br\/wp-content\/uploads\/2025\/09\/presidente.jpg","articleSection":["Cidadania"],"inLanguage":"pt-BR","potentialAction":[{"@type":"CommentAction","name":"Comment","target":["https:\/\/tribunademinas.audiencelabs.com.br\/revelado-quem-sera-o-presidente-do-brasil-em-2026\/#respond"]}]},{"@type":"WebPage","@id":"https:\/\/tribunademinas.audiencelabs.com.br\/revelado-quem-sera-o-presidente-do-brasil-em-2026\/","url":"https:\/\/tribunademinas.audiencelabs.com.br\/revelado-quem-sera-o-presidente-do-brasil-em-2026\/","name":"Revelado quem ser\u00e1 o presidente do Brasil em 2026","isPartOf":{"@id":"https:\/\/tribunademinas.audiencelabs.com.br\/#website"},"primaryImageOfPage":{"@id":"https:\/\/tribunademinas.audiencelabs.com.br\/revelado-quem-sera-o-presidente-do-brasil-em-2026\/#primaryimage"},"image":{"@id":"https:\/\/tribunademinas.audiencelabs.com.br\/revelado-quem-sera-o-presidente-do-brasil-em-2026\/#primaryimage"},"thumbnailUrl":"https:\/\/tribunademinas.audiencelabs.com.br\/wp-content\/uploads\/2025\/09\/presidente.jpg","datePublished":"2025-09-15T19:30:23+00:00","dateModified":"2025-09-15T19:30:27+00:00","description":"Presidente Lula j\u00e1 confirmou candidatura para 2026, e Bolsonaro est\u00e1 ineleg\u00edvel. Portanto, quem ocupar\u00e1 a presid\u00eancia nas pr\u00f3ximas elei\u00e7\u00f5es?","breadcrumb":{"@id":"https:\/\/tribunademinas.audiencelabs.com.br\/revelado-quem-sera-o-presidente-do-brasil-em-2026\/#breadcrumb"},"inLanguage":"pt-BR","potentialAction":[{"@type":"ReadAction","target":["https:\/\/tribunademinas.audiencelabs.com.br\/revelado-quem-sera-o-presidente-do-brasil-em-2026\/"]}]},{"@type":"ImageObject","inLanguage":"pt-BR","@id":"https:\/\/tribunademinas.audiencelabs.com.br\/revelado-quem-sera-o-presidente-do-brasil-em-2026\/#primaryimage","url":"https:\/\/tribunademinas.audiencelabs.com.br\/wp-content\/uploads\/2025\/09\/presidente.jpg","contentUrl":"https:\/\/tribunademinas.audiencelabs.com.br\/wp-content\/uploads\/2025\/09\/presidente.jpg","width":1200,"height":701,"caption":"Revelado quem ser\u00e1 o presidente do Brasil em 2026 - Imagem: Reprodu\u00e7\u00e3o\/Band"},{"@type":"BreadcrumbList","@id":"https:\/\/tribunademinas.audiencelabs.com.br\/revelado-quem-sera-o-presidente-do-brasil-em-2026\/#breadcrumb","itemListElement":[{"@type":"ListItem","position":1,"name":"In\u00edcio","item":"https:\/\/tribunademinas.audiencelabs.com.br\/"},{"@type":"ListItem","position":2,"name":"Revelado quem ser\u00e1 o presidente do Brasil em 2026"}]},{"@type":"WebSite","@id":"https:\/\/tribunademinas.audiencelabs.com.br\/#website","url":"https:\/\/tribunademinas.audiencelabs.com.br\/","name":"Tribuna de Minas - Dinheiro e Cidadania","description":"","publisher":{"@id":"https:\/\/tribunademinas.audiencelabs.com.br\/#organization"},"potentialAction":[{"@type":"SearchAction","target":{"@type":"EntryPoint","urlTemplate":"https:\/\/tribunademinas.audiencelabs.com.br\/?s={search_term_string}"},"query-input":{"@type":"PropertyValueSpecification","valueRequired":true,"valueName":"search_term_string"}}],"inLanguage":"pt-BR"},{"@type":"Organization","@id":"https:\/\/tribunademinas.audiencelabs.com.br\/#organization","name":"Tribuna de Minas - Dinheiro e Cidadania","url":"https:\/\/tribunademinas.audiencelabs.com.br\/","logo":{"@type":"ImageObject","inLanguage":"pt-BR","@id":"https:\/\/tribunademinas.audiencelabs.com.br\/#\/schema\/logo\/image\/","url":"https:\/\/tribunademinas.audiencelabs.com.br\/wp-content\/uploads\/2025\/08\/cropped-Tribuna_512x512-96x96-1.png","contentUrl":"https:\/\/tribunademinas.audiencelabs.com.br\/wp-content\/uploads\/2025\/08\/cropped-Tribuna_512x512-96x96-1.png","width":96,"height":96,"caption":"Tribuna de Minas - Dinheiro e Cidadania"},"image":{"@id":"https:\/\/tribunademinas.audiencelabs.com.br\/#\/schema\/logo\/image\/"},"sameAs":["https:\/\/www.facebook.com\/tribunademinas\/","https:\/\/x.com\/tribunademinas","https:\/\/www.instagram.com\/tribunademinas\/","https:\/\/www.youtube.com\/user\/TribunadeMinasJF"]},{"@type":"Person","@id":"https:\/\/tribunademinas.audiencelabs.com.br\/#\/schema\/person\/db18fc40307804bacef94213aa68fd9d","name":"Jeferson Carvalho","image":{"@type":"ImageObject","inLanguage":"pt-BR","@id":"https:\/\/tribunademinas.audiencelabs.com.br\/#\/schema\/person\/image\/","url":"https:\/\/secure.gravatar.com\/avatar\/cd7646e328d9670dad7dea8698522e522745eeffcff5b9d08be858e377ce326b?s=96&d=mm&r=g","contentUrl":"https:\/\/secure.gravatar.com\/avatar\/cd7646e328d9670dad7dea8698522e522745eeffcff5b9d08be858e377ce326b?s=96&d=mm&r=g","caption":"Jeferson Carvalho"},"description":"Jornalista apaixonado pela profiss\u00e3o!","url":"https:\/\/tribunademinas.audiencelabs.com.br\/author\/jeferson\/"}]}},"amp_enabled":true,"_links":{"self":[{"href":"https:\/\/tribunademinas.audiencelabs.com.br\/wp-json\/wp\/v2\/posts\/1402","targetHints":{"allow":["GET"]}}],"collection":[{"href":"https:\/\/tribunademinas.audiencelabs.com.br\/wp-json\/wp\/v2\/posts"}],"about":[{"href":"https:\/\/tribunademinas.audiencelabs.com.br\/wp-json\/wp\/v2\/types\/post"}],"author":[{"embeddable":true,"href":"https:\/\/tribunademinas.audiencelabs.com.br\/wp-json\/wp\/v2\/users\/5"}],"replies":[{"embeddable":true,"href":"https:\/\/tribunademinas.audiencelabs.com.br\/wp-json\/wp\/v2\/comments?post=1402"}],"version-history":[{"count":1,"href":"https:\/\/tribunademinas.audiencelabs.com.br\/wp-json\/wp\/v2\/posts\/1402\/revisions"}],"predecessor-version":[{"id":1407,"href":"https:\/\/tribunademinas.audiencelabs.com.br\/wp-json\/wp\/v2\/posts\/1402\/revisions\/1407"}],"wp:featuredmedia":[{"embeddable":true,"href":"https:\/\/tribunademinas.audiencelabs.com.br\/wp-json\/wp\/v2\/media\/1403"}],"wp:attachment":[{"href":"https:\/\/tribunademinas.audiencelabs.com.br\/wp-json\/wp\/v2\/media?parent=1402"}],"wp:term":[{"taxonomy":"category","embeddable":true,"href":"https:\/\/tribunademinas.audiencelabs.com.br\/wp-json\/wp\/v2\/categories?post=1402"},{"taxonomy":"post_tag","embeddable":true,"href":"https:\/\/tribunademinas.audiencelabs.com.br\/wp-json\/wp\/v2\/tags?post=1402"}],"curies":[{"name":"wp","href":"https:\/\/api.w.org\/{rel}","templated":true}]}}