{"id":1374,"date":"2025-09-13T05:44:00","date_gmt":"2025-09-13T08:44:00","guid":{"rendered":"https:\/\/tribunademinas.audiencelabs.com.br\/?p=1374"},"modified":"2025-09-12T19:43:27","modified_gmt":"2025-09-12T22:43:27","slug":"oficial-politicos-mudam-de-decisao-em-brasilia-e-brasileiros-ficam-chocados","status":"publish","type":"post","link":"https:\/\/tribunademinas.audiencelabs.com.br\/oficial-politicos-mudam-de-decisao-em-brasilia-e-brasileiros-ficam-chocados\/","title":{"rendered":"Oficial! Pol\u00edticos mudam de decis\u00e3o em Bras\u00edlia e brasileiros ficam chocados"},"content":{"rendered":"\n<p>Bras\u00edlia virou palco de reviravolta pol\u00edtica que surpreendeu milh\u00f5es de brasileiros. Deputados e senadores decidiram voltar atr\u00e1s em uma medida que havia restringido o acesso a empr\u00e9stimos consignados para aposentados e pensionistas do <a href=\"https:\/\/tribunademinas.com.br\/colunas\/maistendencias\/brasileiros-aposentados-nao-vao-receber-precatorio-em-2026-entenda\/\"><strong>INSS<\/strong><\/a>. <\/p>\n\n\n\n<p>A mudan\u00e7a ocorre meses ap\u00f3s uma investiga\u00e7\u00e3o da Pol\u00edcia Federal revelar um esquema bilion\u00e1rio de descontos ilegais em benef\u00edcios previdenci\u00e1rios, o que havia levado \u00e0 suspens\u00e3o dessas opera\u00e7\u00f5es. <\/p>\n\n\n\n<p>Agora, o Congresso articula um novo modelo para reabilitar esse tipo de cr\u00e9dito, e reacende o alerta sobre o risco de endividamento entre os idosos.<\/p>\n\n\n\n<h2 class=\"wp-block-heading\">Oficial! Pol\u00edticos mudam de decis\u00e3o em Bras\u00edlia e brasileiros ficam chocados<\/h2>\n\n\n\n<p>A crise come\u00e7ou quando a Pol\u00edcia Federal, em conjunto com a Controladoria-Geral da Uni\u00e3o, deflagrou a chamada \u201c<a href=\"https:\/\/agenciabrasil.ebc.com.br\/geral\/noticia\/2025-09\/pf-deflagra-nova-fase-de-operacao-que-apura-fraudes-no-inss\"><strong>Opera\u00e7\u00e3o Sem Desconto<\/strong><\/a>\u201d. A investiga\u00e7\u00e3o revelou que milhares de benefici\u00e1rios estavam sofrendo descontos mensais em seus pagamentos sem qualquer autoriza\u00e7\u00e3o pr\u00e9via. <\/p>\n\n\n\n<p>O esquema envolvia associa\u00e7\u00f5es e empresas de cr\u00e9dito que usavam dados pessoais obtidos de forma irregular para aplicar cobran\u00e7as autom\u00e1ticas, desviando valores que, somados, chegaram a ultrapassar R$ 6 bilh\u00f5es ao longo de cinco anos.<\/p>\n\n\n\n<p>Com a repercuss\u00e3o do caso, o governo federal suspendeu temporariamente os empr\u00e9stimos consignados via INSS, incluindo adiantamentos salariais, enquanto medidas de prote\u00e7\u00e3o eram avaliadas. <\/p>\n\n\n\n<p>A interrup\u00e7\u00e3o foi bem recebida por entidades de defesa do consumidor, mas gerou press\u00e3o de setores do sistema financeiro, que perderam uma das principais fontes de lucro junto ao p\u00fablico idoso. <\/p>\n\n\n\n<p>Diante disso, deputados e senadores, de diferentes partidos pol\u00edticos, voltaram \u00e0 mesa de negocia\u00e7\u00e3o.<\/p>\n\n\n\n<h3 class=\"wp-block-heading\">Pol\u00edticos tentam liberar novamente consignados do INSS<\/h3>\n\n\n\n<p>O projeto de lei aprovado na C\u00e2mara marca uma virada no tratamento do tema. <\/p>\n\n\n\n<p>Embora pro\u00edba cobran\u00e7as autom\u00e1ticas de associa\u00e7\u00f5es em benef\u00edcios, a proposta libera novamente os chamados adiantamentos, mesmo sem as mesmas garantias que existiam no modelo anterior de consignado. <\/p>\n\n\n\n<p>Isso significa que bancos e institui\u00e7\u00f5es financeiras podem oferecer novas linhas de cr\u00e9dito, agora sob menos restri\u00e7\u00f5es.<\/p>\n\n\n\n<p>A promessa dos parlamentares \u00e9 criar um modelo mais seguro e transparente. No entanto, especialistas alertam que a flexibiliza\u00e7\u00e3o abre espa\u00e7o para novos abusos, especialmente diante da fragilidade financeira de muitos aposentados. <\/p>\n\n\n\n<p>O texto ainda n\u00e3o est\u00e1 valendo oficialmente, pois precisa ser aprovado pelo Senado, mas j\u00e1 provocou rea\u00e7\u00e3o nas redes sociais e entre organiza\u00e7\u00f5es da sociedade civil. Para muitos brasileiros, a sensa\u00e7\u00e3o \u00e9 de d\u00e9j\u00e0 vu: uma tentativa de resolver o problema pode, na pr\u00e1tica, estar reabrindo a porta para outro.<\/p>\n\n\n\n<p><\/p>\n","protected":false},"excerpt":{"rendered":"<p>Bras\u00edlia virou palco de reviravolta pol\u00edtica que surpreendeu milh\u00f5es de brasileiros. Deputados e senadores decidiram voltar atr\u00e1s em uma medida que havia restringido o acesso a empr\u00e9stimos consignados para aposentados e pensionistas do INSS. A mudan\u00e7a ocorre meses ap\u00f3s uma investiga\u00e7\u00e3o da Pol\u00edcia Federal revelar um esquema bilion\u00e1rio de descontos ilegais em benef\u00edcios previdenci\u00e1rios, o [&hellip;]<\/p>\n","protected":false},"author":5,"featured_media":1375,"comment_status":"open","ping_status":"open","sticky":false,"template":"","format":"standard","meta":{"jnews-multi-image_gallery":[],"jnews_single_post":{"format":"standard"},"jnews_primary_category":[],"jnews_social_meta":[],"jnews_post_split":[],"footnotes":""},"categories":[159],"tags":[],"class_list":["post-1374","post","type-post","status-publish","format-standard","has-post-thumbnail","hentry","category-cidadania"],"yoast_head":"<!-- This site is optimized with the Yoast SEO plugin v25.6 - https:\/\/yoast.com\/wordpress\/plugins\/seo\/ -->\n<title>Oficial! Pol\u00edticos mudam de decis\u00e3o em Bras\u00edlia e brasileiros ficam chocados<\/title>\n<meta name=\"description\" content=\"Bras\u00edlia virou palco de reviravolta pol\u00edtica que surpreendeu milh\u00f5es de brasileiros. Pol\u00edticos decidiram liberar consignado do INSS.\" \/>\n<meta name=\"robots\" content=\"index, follow, max-snippet:-1, max-image-preview:large, max-video-preview:-1\" \/>\n<link rel=\"canonical\" href=\"https:\/\/tribunademinas.audiencelabs.com.br\/oficial-politicos-mudam-de-decisao-em-brasilia-e-brasileiros-ficam-chocados\/\" \/>\n<meta property=\"og:locale\" content=\"pt_BR\" \/>\n<meta property=\"og:type\" content=\"article\" \/>\n<meta property=\"og:title\" content=\"Oficial! Pol\u00edticos mudam de decis\u00e3o em Bras\u00edlia e brasileiros ficam chocados\" \/>\n<meta property=\"og:description\" content=\"Bras\u00edlia virou palco de reviravolta pol\u00edtica que surpreendeu milh\u00f5es de brasileiros. Pol\u00edticos decidiram liberar consignado do INSS.\" \/>\n<meta property=\"og:url\" content=\"https:\/\/tribunademinas.audiencelabs.com.br\/oficial-politicos-mudam-de-decisao-em-brasilia-e-brasileiros-ficam-chocados\/\" \/>\n<meta property=\"og:site_name\" content=\"Tribuna de Minas - Dinheiro e Cidadania\" \/>\n<meta property=\"article:publisher\" content=\"https:\/\/www.facebook.com\/tribunademinas\/\" \/>\n<meta property=\"article:published_time\" content=\"2025-09-13T08:44:00+00:00\" \/>\n<meta property=\"og:image\" content=\"https:\/\/tribunademinas.audiencelabs.com.br\/wp-content\/uploads\/2025\/09\/politicos.webp\" \/>\n\t<meta property=\"og:image:width\" content=\"1170\" \/>\n\t<meta property=\"og:image:height\" content=\"700\" \/>\n\t<meta property=\"og:image:type\" content=\"image\/webp\" \/>\n<meta name=\"author\" content=\"Jeferson Carvalho\" \/>\n<meta name=\"twitter:card\" content=\"summary_large_image\" \/>\n<meta name=\"twitter:creator\" content=\"@tribunademinas\" \/>\n<meta name=\"twitter:site\" content=\"@tribunademinas\" \/>\n<meta name=\"twitter:label1\" content=\"Escrito por\" \/>\n\t<meta name=\"twitter:data1\" content=\"Jeferson Carvalho\" \/>\n\t<meta name=\"twitter:label2\" content=\"Est. tempo de leitura\" \/>\n\t<meta name=\"twitter:data2\" content=\"3 minutos\" \/>\n<!-- \/ Yoast SEO plugin. -->","yoast_head_json":{"title":"Oficial! Pol\u00edticos mudam de decis\u00e3o em Bras\u00edlia e brasileiros ficam chocados","description":"Bras\u00edlia virou palco de reviravolta pol\u00edtica que surpreendeu milh\u00f5es de brasileiros. Pol\u00edticos decidiram liberar consignado do INSS.","robots":{"index":"index","follow":"follow","max-snippet":"max-snippet:-1","max-image-preview":"max-image-preview:large","max-video-preview":"max-video-preview:-1"},"canonical":"https:\/\/tribunademinas.audiencelabs.com.br\/oficial-politicos-mudam-de-decisao-em-brasilia-e-brasileiros-ficam-chocados\/","og_locale":"pt_BR","og_type":"article","og_title":"Oficial! Pol\u00edticos mudam de decis\u00e3o em Bras\u00edlia e brasileiros ficam chocados","og_description":"Bras\u00edlia virou palco de reviravolta pol\u00edtica que surpreendeu milh\u00f5es de brasileiros. Pol\u00edticos decidiram liberar consignado do INSS.","og_url":"https:\/\/tribunademinas.audiencelabs.com.br\/oficial-politicos-mudam-de-decisao-em-brasilia-e-brasileiros-ficam-chocados\/","og_site_name":"Tribuna de Minas - Dinheiro e Cidadania","article_publisher":"https:\/\/www.facebook.com\/tribunademinas\/","article_published_time":"2025-09-13T08:44:00+00:00","og_image":[{"width":1170,"height":700,"url":"https:\/\/tribunademinas.audiencelabs.com.br\/wp-content\/uploads\/2025\/09\/politicos.webp","type":"image\/webp"}],"author":"Jeferson Carvalho","twitter_card":"summary_large_image","twitter_creator":"@tribunademinas","twitter_site":"@tribunademinas","twitter_misc":{"Escrito por":"Jeferson Carvalho","Est. tempo de leitura":"3 minutos"},"schema":{"@context":"https:\/\/schema.org","@graph":[{"@type":"Article","@id":"https:\/\/tribunademinas.audiencelabs.com.br\/oficial-politicos-mudam-de-decisao-em-brasilia-e-brasileiros-ficam-chocados\/#article","isPartOf":{"@id":"https:\/\/tribunademinas.audiencelabs.com.br\/oficial-politicos-mudam-de-decisao-em-brasilia-e-brasileiros-ficam-chocados\/"},"author":{"name":"Jeferson Carvalho","@id":"https:\/\/tribunademinas.audiencelabs.com.br\/#\/schema\/person\/db18fc40307804bacef94213aa68fd9d"},"headline":"Oficial! Pol\u00edticos mudam de decis\u00e3o em Bras\u00edlia e brasileiros ficam chocados","datePublished":"2025-09-13T08:44:00+00:00","mainEntityOfPage":{"@id":"https:\/\/tribunademinas.audiencelabs.com.br\/oficial-politicos-mudam-de-decisao-em-brasilia-e-brasileiros-ficam-chocados\/"},"wordCount":453,"commentCount":0,"publisher":{"@id":"https:\/\/tribunademinas.audiencelabs.com.br\/#organization"},"image":{"@id":"https:\/\/tribunademinas.audiencelabs.com.br\/oficial-politicos-mudam-de-decisao-em-brasilia-e-brasileiros-ficam-chocados\/#primaryimage"},"thumbnailUrl":"https:\/\/tribunademinas.audiencelabs.com.br\/wp-content\/uploads\/2025\/09\/politicos.webp","articleSection":["Cidadania"],"inLanguage":"pt-BR","potentialAction":[{"@type":"CommentAction","name":"Comment","target":["https:\/\/tribunademinas.audiencelabs.com.br\/oficial-politicos-mudam-de-decisao-em-brasilia-e-brasileiros-ficam-chocados\/#respond"]}]},{"@type":"WebPage","@id":"https:\/\/tribunademinas.audiencelabs.com.br\/oficial-politicos-mudam-de-decisao-em-brasilia-e-brasileiros-ficam-chocados\/","url":"https:\/\/tribunademinas.audiencelabs.com.br\/oficial-politicos-mudam-de-decisao-em-brasilia-e-brasileiros-ficam-chocados\/","name":"Oficial! Pol\u00edticos mudam de decis\u00e3o em Bras\u00edlia e brasileiros ficam chocados","isPartOf":{"@id":"https:\/\/tribunademinas.audiencelabs.com.br\/#website"},"primaryImageOfPage":{"@id":"https:\/\/tribunademinas.audiencelabs.com.br\/oficial-politicos-mudam-de-decisao-em-brasilia-e-brasileiros-ficam-chocados\/#primaryimage"},"image":{"@id":"https:\/\/tribunademinas.audiencelabs.com.br\/oficial-politicos-mudam-de-decisao-em-brasilia-e-brasileiros-ficam-chocados\/#primaryimage"},"thumbnailUrl":"https:\/\/tribunademinas.audiencelabs.com.br\/wp-content\/uploads\/2025\/09\/politicos.webp","datePublished":"2025-09-13T08:44:00+00:00","description":"Bras\u00edlia virou palco de reviravolta pol\u00edtica que surpreendeu milh\u00f5es de brasileiros. Pol\u00edticos decidiram liberar consignado do INSS.","breadcrumb":{"@id":"https:\/\/tribunademinas.audiencelabs.com.br\/oficial-politicos-mudam-de-decisao-em-brasilia-e-brasileiros-ficam-chocados\/#breadcrumb"},"inLanguage":"pt-BR","potentialAction":[{"@type":"ReadAction","target":["https:\/\/tribunademinas.audiencelabs.com.br\/oficial-politicos-mudam-de-decisao-em-brasilia-e-brasileiros-ficam-chocados\/"]}]},{"@type":"ImageObject","inLanguage":"pt-BR","@id":"https:\/\/tribunademinas.audiencelabs.com.br\/oficial-politicos-mudam-de-decisao-em-brasilia-e-brasileiros-ficam-chocados\/#primaryimage","url":"https:\/\/tribunademinas.audiencelabs.com.br\/wp-content\/uploads\/2025\/09\/politicos.webp","contentUrl":"https:\/\/tribunademinas.audiencelabs.com.br\/wp-content\/uploads\/2025\/09\/politicos.webp","width":1170,"height":700,"caption":"Oficial! Pol\u00edticos mudam de decis\u00e3o em Bras\u00edlia e brasileiros ficam chocados - Imagem: Lula Marques\/Ag\u00eancia Brasil"},{"@type":"BreadcrumbList","@id":"https:\/\/tribunademinas.audiencelabs.com.br\/oficial-politicos-mudam-de-decisao-em-brasilia-e-brasileiros-ficam-chocados\/#breadcrumb","itemListElement":[{"@type":"ListItem","position":1,"name":"In\u00edcio","item":"https:\/\/tribunademinas.audiencelabs.com.br\/"},{"@type":"ListItem","position":2,"name":"Oficial! Pol\u00edticos mudam de decis\u00e3o em Bras\u00edlia e brasileiros ficam chocados"}]},{"@type":"WebSite","@id":"https:\/\/tribunademinas.audiencelabs.com.br\/#website","url":"https:\/\/tribunademinas.audiencelabs.com.br\/","name":"Tribuna de Minas - Dinheiro e Cidadania","description":"","publisher":{"@id":"https:\/\/tribunademinas.audiencelabs.com.br\/#organization"},"potentialAction":[{"@type":"SearchAction","target":{"@type":"EntryPoint","urlTemplate":"https:\/\/tribunademinas.audiencelabs.com.br\/?s={search_term_string}"},"query-input":{"@type":"PropertyValueSpecification","valueRequired":true,"valueName":"search_term_string"}}],"inLanguage":"pt-BR"},{"@type":"Organization","@id":"https:\/\/tribunademinas.audiencelabs.com.br\/#organization","name":"Tribuna de Minas - Dinheiro e Cidadania","url":"https:\/\/tribunademinas.audiencelabs.com.br\/","logo":{"@type":"ImageObject","inLanguage":"pt-BR","@id":"https:\/\/tribunademinas.audiencelabs.com.br\/#\/schema\/logo\/image\/","url":"https:\/\/tribunademinas.audiencelabs.com.br\/wp-content\/uploads\/2025\/08\/cropped-Tribuna_512x512-96x96-1.png","contentUrl":"https:\/\/tribunademinas.audiencelabs.com.br\/wp-content\/uploads\/2025\/08\/cropped-Tribuna_512x512-96x96-1.png","width":96,"height":96,"caption":"Tribuna de Minas - Dinheiro e Cidadania"},"image":{"@id":"https:\/\/tribunademinas.audiencelabs.com.br\/#\/schema\/logo\/image\/"},"sameAs":["https:\/\/www.facebook.com\/tribunademinas\/","https:\/\/x.com\/tribunademinas","https:\/\/www.instagram.com\/tribunademinas\/","https:\/\/www.youtube.com\/user\/TribunadeMinasJF"]},{"@type":"Person","@id":"https:\/\/tribunademinas.audiencelabs.com.br\/#\/schema\/person\/db18fc40307804bacef94213aa68fd9d","name":"Jeferson Carvalho","image":{"@type":"ImageObject","inLanguage":"pt-BR","@id":"https:\/\/tribunademinas.audiencelabs.com.br\/#\/schema\/person\/image\/","url":"https:\/\/secure.gravatar.com\/avatar\/cd7646e328d9670dad7dea8698522e522745eeffcff5b9d08be858e377ce326b?s=96&d=mm&r=g","contentUrl":"https:\/\/secure.gravatar.com\/avatar\/cd7646e328d9670dad7dea8698522e522745eeffcff5b9d08be858e377ce326b?s=96&d=mm&r=g","caption":"Jeferson Carvalho"},"description":"Jornalista apaixonado pela profiss\u00e3o!","url":"https:\/\/tribunademinas.audiencelabs.com.br\/author\/jeferson\/"}]}},"amp_enabled":true,"_links":{"self":[{"href":"https:\/\/tribunademinas.audiencelabs.com.br\/wp-json\/wp\/v2\/posts\/1374","targetHints":{"allow":["GET"]}}],"collection":[{"href":"https:\/\/tribunademinas.audiencelabs.com.br\/wp-json\/wp\/v2\/posts"}],"about":[{"href":"https:\/\/tribunademinas.audiencelabs.com.br\/wp-json\/wp\/v2\/types\/post"}],"author":[{"embeddable":true,"href":"https:\/\/tribunademinas.audiencelabs.com.br\/wp-json\/wp\/v2\/users\/5"}],"replies":[{"embeddable":true,"href":"https:\/\/tribunademinas.audiencelabs.com.br\/wp-json\/wp\/v2\/comments?post=1374"}],"version-history":[{"count":1,"href":"https:\/\/tribunademinas.audiencelabs.com.br\/wp-json\/wp\/v2\/posts\/1374\/revisions"}],"predecessor-version":[{"id":1376,"href":"https:\/\/tribunademinas.audiencelabs.com.br\/wp-json\/wp\/v2\/posts\/1374\/revisions\/1376"}],"wp:featuredmedia":[{"embeddable":true,"href":"https:\/\/tribunademinas.audiencelabs.com.br\/wp-json\/wp\/v2\/media\/1375"}],"wp:attachment":[{"href":"https:\/\/tribunademinas.audiencelabs.com.br\/wp-json\/wp\/v2\/media?parent=1374"}],"wp:term":[{"taxonomy":"category","embeddable":true,"href":"https:\/\/tribunademinas.audiencelabs.com.br\/wp-json\/wp\/v2\/categories?post=1374"},{"taxonomy":"post_tag","embeddable":true,"href":"https:\/\/tribunademinas.audiencelabs.com.br\/wp-json\/wp\/v2\/tags?post=1374"}],"curies":[{"name":"wp","href":"https:\/\/api.w.org\/{rel}","templated":true}]}}