{"id":1368,"date":"2025-09-15T08:45:00","date_gmt":"2025-09-15T11:45:00","guid":{"rendered":"https:\/\/tribunademinas.audiencelabs.com.br\/?p=1368"},"modified":"2025-09-12T19:22:22","modified_gmt":"2025-09-12T22:22:22","slug":"noticia-assustadora-sobre-caos-fiscal-chegou-para-todos","status":"publish","type":"post","link":"https:\/\/tribunademinas.audiencelabs.com.br\/noticia-assustadora-sobre-caos-fiscal-chegou-para-todos\/","title":{"rendered":"Not\u00edcia assustadora sobre caos fiscal chegou para todos"},"content":{"rendered":"\n<p>Uma not\u00edcia preocupante sobre poss\u00edvel caos fiscal vinda da Associa\u00e7\u00e3o Brasileira de Mobilidade e Tecnologia (<a href=\"https:\/\/amobitec.org\/\"><strong>Amobitec<\/strong><\/a>) acendeu o alerta no setor de tecnologia e servi\u00e7os digitais no Brasil. <\/p>\n\n\n\n<p>A entidade divulgou que mudan\u00e7as previstas na Reforma Tribut\u00e1ria, programadas para entrar em vigor em 2026, podem levar as empresas do setor no pa\u00eds a um cen\u00e1rio sem precedentes. <\/p>\n\n\n\n<p>A preocupa\u00e7\u00e3o central gira em torno da obrigatoriedade de emiss\u00e3o individualizada de notas fiscais para cada transa\u00e7\u00e3o, o que, segundo representantes do setor, tornaria invi\u00e1vel a opera\u00e7\u00e3o de empresas que lidam com grandes volumes de microtransa\u00e7\u00f5es.<\/p>\n\n\n\n<h2 class=\"wp-block-heading\">Not\u00edcia assustadora sobre caos fiscal chegou para todos<\/h2>\n\n\n\n<p>A proposta faz parte da promessa do governo de modernizar o sistema tribut\u00e1rio nacional, considerado um dos mais complexos do mundo. <\/p>\n\n\n\n<p>O objetivo declarado da Reforma Tribut\u00e1ria \u00e9 simplificar a arrecada\u00e7\u00e3o, evitar sobreposi\u00e7\u00f5es de impostos e aumentar a transpar\u00eancia tanto para o fisco quanto para a popula\u00e7\u00e3o.<\/p>\n\n\n\n<p> No entanto, o efeito pr\u00e1tico dessa nova exig\u00eancia pode ser o oposto do pretendido.<\/p>\n\n\n\n<p>Hoje, empresas que operam no universo digital, como <a href=\"https:\/\/tribunademinas.com.br\/colunas\/maistendencias\/motoristas-da-uber-descobriram-nova-forma-de-ganhar-r-2-000-com-aplicativo\/\"><strong>plataformas de transporte<\/strong><\/a>, servi\u00e7os de streaming e marketplaces, conseguem agrupar milh\u00f5es de opera\u00e7\u00f5es em documentos fiscais consolidados. <\/p>\n\n\n\n<p>Com a mudan\u00e7a, cada servi\u00e7o individual prestado dever\u00e1 gerar uma nota fiscal separada. A Amobitec estima que, apenas no setor de tecnologia, essa exig\u00eancia poder\u00e1 resultar na emiss\u00e3o de mais de 2 bilh\u00f5es de notas fiscais por m\u00eas. <\/p>\n\n\n\n<p>Isso exigiria investimentos massivos em infraestrutura tecnol\u00f3gica, al\u00e9m de aumento na contrata\u00e7\u00e3o de equipes especializadas para lidar com a nova carga burocr\u00e1tica.<\/p>\n\n\n\n<h3 class=\"wp-block-heading\">Amobitec pede que governo reavalie decis\u00e3o de obrigar emiss\u00e3o de nota fiscal individualizada para cada servi\u00e7o <\/h3>\n\n\n\n<p>As companhias afetadas alertam que os custos adicionais poder\u00e3o ser repassados aos consumidores, com tarifas mais altas em aplicativos e valores mais elevados em assinaturas digitais. <\/p>\n\n\n\n<p>Al\u00e9m disso, h\u00e1 o risco de empresas, especialmente startups e pequenos neg\u00f3cios, n\u00e3o conseguirem se adaptar \u00e0 nova realidade, o que pode frear a inova\u00e7\u00e3o e comprometer a competitividade do Brasil no cen\u00e1rio internacional.<\/p>\n\n\n\n<p>A Amobitec defende que a inten\u00e7\u00e3o de modernizar o sistema tribut\u00e1rio \u00e9 v\u00e1lida, mas argumenta que a forma como est\u00e1 sendo conduzida ignora a natureza altamente digital e automatizada do setor. <\/p>\n\n\n\n<p>A entidade pede que o governo reavalie a proposta, buscando alternativas que permitam um equil\u00edbrio entre transpar\u00eancia fiscal e viabilidade operacional, antes que o pa\u00eds mergulhe num colapso tribut\u00e1rio anunciado.<\/p>\n\n\n\n<p><\/p>\n","protected":false},"excerpt":{"rendered":"<p>Uma not\u00edcia preocupante sobre poss\u00edvel caos fiscal vinda da Associa\u00e7\u00e3o Brasileira de Mobilidade e Tecnologia (Amobitec) acendeu o alerta no setor de tecnologia e servi\u00e7os digitais no Brasil. A entidade divulgou que mudan\u00e7as previstas na Reforma Tribut\u00e1ria, programadas para entrar em vigor em 2026, podem levar as empresas do setor no pa\u00eds a um cen\u00e1rio [&hellip;]<\/p>\n","protected":false},"author":5,"featured_media":1369,"comment_status":"open","ping_status":"open","sticky":false,"template":"","format":"standard","meta":{"jnews-multi-image_gallery":[],"jnews_single_post":{"format":"standard"},"jnews_primary_category":[],"jnews_social_meta":[],"jnews_post_split":[],"footnotes":""},"categories":[159],"tags":[],"class_list":["post-1368","post","type-post","status-publish","format-standard","has-post-thumbnail","hentry","category-cidadania"],"yoast_head":"<!-- This site is optimized with the Yoast SEO plugin v25.6 - https:\/\/yoast.com\/wordpress\/plugins\/seo\/ -->\n<title>Not\u00edcia assustadora sobre caos fiscal chegou para todos<\/title>\n<meta name=\"description\" content=\"Uma not\u00edcia preocupante sobre poss\u00edvel caos fiscal vinda da Amobitec acendeu o alerta no setor de tecnologia e servi\u00e7os digitais no Brasil.\" \/>\n<meta name=\"robots\" content=\"index, follow, max-snippet:-1, max-image-preview:large, max-video-preview:-1\" \/>\n<link rel=\"canonical\" href=\"https:\/\/tribunademinas.audiencelabs.com.br\/noticia-assustadora-sobre-caos-fiscal-chegou-para-todos\/\" \/>\n<meta property=\"og:locale\" content=\"pt_BR\" \/>\n<meta property=\"og:type\" content=\"article\" \/>\n<meta property=\"og:title\" content=\"Not\u00edcia assustadora sobre caos fiscal chegou para todos\" \/>\n<meta property=\"og:description\" content=\"Uma not\u00edcia preocupante sobre poss\u00edvel caos fiscal vinda da Amobitec acendeu o alerta no setor de tecnologia e servi\u00e7os digitais no Brasil.\" \/>\n<meta property=\"og:url\" content=\"https:\/\/tribunademinas.audiencelabs.com.br\/noticia-assustadora-sobre-caos-fiscal-chegou-para-todos\/\" \/>\n<meta property=\"og:site_name\" content=\"Tribuna de Minas - Dinheiro e Cidadania\" \/>\n<meta property=\"article:publisher\" content=\"https:\/\/www.facebook.com\/tribunademinas\/\" \/>\n<meta property=\"article:published_time\" content=\"2025-09-15T11:45:00+00:00\" \/>\n<meta property=\"og:image\" content=\"https:\/\/tribunademinas.audiencelabs.com.br\/wp-content\/uploads\/2025\/09\/fiscal.webp\" \/>\n\t<meta property=\"og:image:width\" content=\"1600\" \/>\n\t<meta property=\"og:image:height\" content=\"800\" \/>\n\t<meta property=\"og:image:type\" content=\"image\/webp\" \/>\n<meta name=\"author\" content=\"Jeferson Carvalho\" \/>\n<meta name=\"twitter:card\" content=\"summary_large_image\" \/>\n<meta name=\"twitter:creator\" content=\"@tribunademinas\" \/>\n<meta name=\"twitter:site\" content=\"@tribunademinas\" \/>\n<meta name=\"twitter:label1\" content=\"Escrito por\" \/>\n\t<meta name=\"twitter:data1\" content=\"Jeferson Carvalho\" \/>\n\t<meta name=\"twitter:label2\" content=\"Est. tempo de leitura\" \/>\n\t<meta name=\"twitter:data2\" content=\"3 minutos\" \/>\n<!-- \/ Yoast SEO plugin. -->","yoast_head_json":{"title":"Not\u00edcia assustadora sobre caos fiscal chegou para todos","description":"Uma not\u00edcia preocupante sobre poss\u00edvel caos fiscal vinda da Amobitec acendeu o alerta no setor de tecnologia e servi\u00e7os digitais no Brasil.","robots":{"index":"index","follow":"follow","max-snippet":"max-snippet:-1","max-image-preview":"max-image-preview:large","max-video-preview":"max-video-preview:-1"},"canonical":"https:\/\/tribunademinas.audiencelabs.com.br\/noticia-assustadora-sobre-caos-fiscal-chegou-para-todos\/","og_locale":"pt_BR","og_type":"article","og_title":"Not\u00edcia assustadora sobre caos fiscal chegou para todos","og_description":"Uma not\u00edcia preocupante sobre poss\u00edvel caos fiscal vinda da Amobitec acendeu o alerta no setor de tecnologia e servi\u00e7os digitais no Brasil.","og_url":"https:\/\/tribunademinas.audiencelabs.com.br\/noticia-assustadora-sobre-caos-fiscal-chegou-para-todos\/","og_site_name":"Tribuna de Minas - Dinheiro e Cidadania","article_publisher":"https:\/\/www.facebook.com\/tribunademinas\/","article_published_time":"2025-09-15T11:45:00+00:00","og_image":[{"width":1600,"height":800,"url":"https:\/\/tribunademinas.audiencelabs.com.br\/wp-content\/uploads\/2025\/09\/fiscal.webp","type":"image\/webp"}],"author":"Jeferson Carvalho","twitter_card":"summary_large_image","twitter_creator":"@tribunademinas","twitter_site":"@tribunademinas","twitter_misc":{"Escrito por":"Jeferson Carvalho","Est. tempo de leitura":"3 minutos"},"schema":{"@context":"https:\/\/schema.org","@graph":[{"@type":"Article","@id":"https:\/\/tribunademinas.audiencelabs.com.br\/noticia-assustadora-sobre-caos-fiscal-chegou-para-todos\/#article","isPartOf":{"@id":"https:\/\/tribunademinas.audiencelabs.com.br\/noticia-assustadora-sobre-caos-fiscal-chegou-para-todos\/"},"author":{"name":"Jeferson Carvalho","@id":"https:\/\/tribunademinas.audiencelabs.com.br\/#\/schema\/person\/db18fc40307804bacef94213aa68fd9d"},"headline":"Not\u00edcia assustadora sobre caos fiscal chegou para todos","datePublished":"2025-09-15T11:45:00+00:00","mainEntityOfPage":{"@id":"https:\/\/tribunademinas.audiencelabs.com.br\/noticia-assustadora-sobre-caos-fiscal-chegou-para-todos\/"},"wordCount":440,"commentCount":0,"publisher":{"@id":"https:\/\/tribunademinas.audiencelabs.com.br\/#organization"},"image":{"@id":"https:\/\/tribunademinas.audiencelabs.com.br\/noticia-assustadora-sobre-caos-fiscal-chegou-para-todos\/#primaryimage"},"thumbnailUrl":"https:\/\/tribunademinas.audiencelabs.com.br\/wp-content\/uploads\/2025\/09\/fiscal.webp","articleSection":["Cidadania"],"inLanguage":"pt-BR","potentialAction":[{"@type":"CommentAction","name":"Comment","target":["https:\/\/tribunademinas.audiencelabs.com.br\/noticia-assustadora-sobre-caos-fiscal-chegou-para-todos\/#respond"]}]},{"@type":"WebPage","@id":"https:\/\/tribunademinas.audiencelabs.com.br\/noticia-assustadora-sobre-caos-fiscal-chegou-para-todos\/","url":"https:\/\/tribunademinas.audiencelabs.com.br\/noticia-assustadora-sobre-caos-fiscal-chegou-para-todos\/","name":"Not\u00edcia assustadora sobre caos fiscal chegou para todos","isPartOf":{"@id":"https:\/\/tribunademinas.audiencelabs.com.br\/#website"},"primaryImageOfPage":{"@id":"https:\/\/tribunademinas.audiencelabs.com.br\/noticia-assustadora-sobre-caos-fiscal-chegou-para-todos\/#primaryimage"},"image":{"@id":"https:\/\/tribunademinas.audiencelabs.com.br\/noticia-assustadora-sobre-caos-fiscal-chegou-para-todos\/#primaryimage"},"thumbnailUrl":"https:\/\/tribunademinas.audiencelabs.com.br\/wp-content\/uploads\/2025\/09\/fiscal.webp","datePublished":"2025-09-15T11:45:00+00:00","description":"Uma not\u00edcia preocupante sobre poss\u00edvel caos fiscal vinda da Amobitec acendeu o alerta no setor de tecnologia e servi\u00e7os digitais no Brasil.","breadcrumb":{"@id":"https:\/\/tribunademinas.audiencelabs.com.br\/noticia-assustadora-sobre-caos-fiscal-chegou-para-todos\/#breadcrumb"},"inLanguage":"pt-BR","potentialAction":[{"@type":"ReadAction","target":["https:\/\/tribunademinas.audiencelabs.com.br\/noticia-assustadora-sobre-caos-fiscal-chegou-para-todos\/"]}]},{"@type":"ImageObject","inLanguage":"pt-BR","@id":"https:\/\/tribunademinas.audiencelabs.com.br\/noticia-assustadora-sobre-caos-fiscal-chegou-para-todos\/#primaryimage","url":"https:\/\/tribunademinas.audiencelabs.com.br\/wp-content\/uploads\/2025\/09\/fiscal.webp","contentUrl":"https:\/\/tribunademinas.audiencelabs.com.br\/wp-content\/uploads\/2025\/09\/fiscal.webp","width":1600,"height":800,"caption":"Not\u00edcia assustadora sobre caos fiscal chegou para todos - Imagem: Marcello Casal Jr\/Ag\u00eancia Brasil"},{"@type":"BreadcrumbList","@id":"https:\/\/tribunademinas.audiencelabs.com.br\/noticia-assustadora-sobre-caos-fiscal-chegou-para-todos\/#breadcrumb","itemListElement":[{"@type":"ListItem","position":1,"name":"In\u00edcio","item":"https:\/\/tribunademinas.audiencelabs.com.br\/"},{"@type":"ListItem","position":2,"name":"Not\u00edcia assustadora sobre caos fiscal chegou para todos"}]},{"@type":"WebSite","@id":"https:\/\/tribunademinas.audiencelabs.com.br\/#website","url":"https:\/\/tribunademinas.audiencelabs.com.br\/","name":"Tribuna de Minas - Dinheiro e Cidadania","description":"","publisher":{"@id":"https:\/\/tribunademinas.audiencelabs.com.br\/#organization"},"potentialAction":[{"@type":"SearchAction","target":{"@type":"EntryPoint","urlTemplate":"https:\/\/tribunademinas.audiencelabs.com.br\/?s={search_term_string}"},"query-input":{"@type":"PropertyValueSpecification","valueRequired":true,"valueName":"search_term_string"}}],"inLanguage":"pt-BR"},{"@type":"Organization","@id":"https:\/\/tribunademinas.audiencelabs.com.br\/#organization","name":"Tribuna de Minas - Dinheiro e Cidadania","url":"https:\/\/tribunademinas.audiencelabs.com.br\/","logo":{"@type":"ImageObject","inLanguage":"pt-BR","@id":"https:\/\/tribunademinas.audiencelabs.com.br\/#\/schema\/logo\/image\/","url":"https:\/\/tribunademinas.audiencelabs.com.br\/wp-content\/uploads\/2025\/08\/cropped-Tribuna_512x512-96x96-1.png","contentUrl":"https:\/\/tribunademinas.audiencelabs.com.br\/wp-content\/uploads\/2025\/08\/cropped-Tribuna_512x512-96x96-1.png","width":96,"height":96,"caption":"Tribuna de Minas - Dinheiro e Cidadania"},"image":{"@id":"https:\/\/tribunademinas.audiencelabs.com.br\/#\/schema\/logo\/image\/"},"sameAs":["https:\/\/www.facebook.com\/tribunademinas\/","https:\/\/x.com\/tribunademinas","https:\/\/www.instagram.com\/tribunademinas\/","https:\/\/www.youtube.com\/user\/TribunadeMinasJF"]},{"@type":"Person","@id":"https:\/\/tribunademinas.audiencelabs.com.br\/#\/schema\/person\/db18fc40307804bacef94213aa68fd9d","name":"Jeferson Carvalho","image":{"@type":"ImageObject","inLanguage":"pt-BR","@id":"https:\/\/tribunademinas.audiencelabs.com.br\/#\/schema\/person\/image\/","url":"https:\/\/secure.gravatar.com\/avatar\/cd7646e328d9670dad7dea8698522e522745eeffcff5b9d08be858e377ce326b?s=96&d=mm&r=g","contentUrl":"https:\/\/secure.gravatar.com\/avatar\/cd7646e328d9670dad7dea8698522e522745eeffcff5b9d08be858e377ce326b?s=96&d=mm&r=g","caption":"Jeferson Carvalho"},"description":"Jornalista apaixonado pela profiss\u00e3o!","url":"https:\/\/tribunademinas.audiencelabs.com.br\/author\/jeferson\/"}]}},"amp_enabled":true,"_links":{"self":[{"href":"https:\/\/tribunademinas.audiencelabs.com.br\/wp-json\/wp\/v2\/posts\/1368","targetHints":{"allow":["GET"]}}],"collection":[{"href":"https:\/\/tribunademinas.audiencelabs.com.br\/wp-json\/wp\/v2\/posts"}],"about":[{"href":"https:\/\/tribunademinas.audiencelabs.com.br\/wp-json\/wp\/v2\/types\/post"}],"author":[{"embeddable":true,"href":"https:\/\/tribunademinas.audiencelabs.com.br\/wp-json\/wp\/v2\/users\/5"}],"replies":[{"embeddable":true,"href":"https:\/\/tribunademinas.audiencelabs.com.br\/wp-json\/wp\/v2\/comments?post=1368"}],"version-history":[{"count":1,"href":"https:\/\/tribunademinas.audiencelabs.com.br\/wp-json\/wp\/v2\/posts\/1368\/revisions"}],"predecessor-version":[{"id":1370,"href":"https:\/\/tribunademinas.audiencelabs.com.br\/wp-json\/wp\/v2\/posts\/1368\/revisions\/1370"}],"wp:featuredmedia":[{"embeddable":true,"href":"https:\/\/tribunademinas.audiencelabs.com.br\/wp-json\/wp\/v2\/media\/1369"}],"wp:attachment":[{"href":"https:\/\/tribunademinas.audiencelabs.com.br\/wp-json\/wp\/v2\/media?parent=1368"}],"wp:term":[{"taxonomy":"category","embeddable":true,"href":"https:\/\/tribunademinas.audiencelabs.com.br\/wp-json\/wp\/v2\/categories?post=1368"},{"taxonomy":"post_tag","embeddable":true,"href":"https:\/\/tribunademinas.audiencelabs.com.br\/wp-json\/wp\/v2\/tags?post=1368"}],"curies":[{"name":"wp","href":"https:\/\/api.w.org\/{rel}","templated":true}]}}