{"id":1365,"date":"2025-09-15T07:45:00","date_gmt":"2025-09-15T10:45:00","guid":{"rendered":"https:\/\/tribunademinas.audiencelabs.com.br\/?p=1365"},"modified":"2025-09-12T18:51:57","modified_gmt":"2025-09-12T21:51:57","slug":"revelado-quem-e-o-suspeito-de-assassinar-charlie-kirk","status":"publish","type":"post","link":"https:\/\/tribunademinas.audiencelabs.com.br\/revelado-quem-e-o-suspeito-de-assassinar-charlie-kirk\/","title":{"rendered":"Revelado quem \u00e9 o suspeito de assassinar Charlie Kirk"},"content":{"rendered":"\n<p>O FBI anunciou na \u00faltima sexta-feira (12) a pris\u00e3o de Tyler Robinson, de 22 anos, apontado como principal suspeito de ter assassinado o ativista de extrema direita Charlie Kirk, conhecido por seu apoio a <a href=\"https:\/\/tribunademinas.com.br\/colunas\/maistendencias\/trump-quer-remover-moradores-de-rua-para-longe-da-capital\/\"><strong>Donald Trump<\/strong><\/a>. <\/p>\n\n\n\n<p>A deten\u00e7\u00e3o encerra tr\u00eas dias de buscas intensas, que envolveram agentes federais, policiais locais e mobiliza\u00e7\u00e3o nacional ap\u00f3s o crime de grande repercuss\u00e3o ocorrido em uma universidade no estado de Utah.<\/p>\n\n\n\n<h2 class=\"wp-block-heading\">Revelado quem \u00e9 o suspeito de assassinar Charlie Kirk<\/h2>\n\n\n\n<p>O atentado aconteceu na quarta-feira (10), durante uma apresenta\u00e7\u00e3o p\u00fablica de Charlie Kirk no campus da <a href=\"https:\/\/www.uvu.edu\/\"><strong>Utah Valley University<\/strong><\/a>. Enquanto discursava para estudantes, o ativista foi atingido por um disparo no pesco\u00e7o, feito a longa dist\u00e2ncia. <\/p>\n\n\n\n<p>A per\u00edcia indica que o tiro partiu de um telhado pr\u00f3ximo ao local do evento, de uma dist\u00e2ncia estimada de quase 200 metros. <\/p>\n\n\n\n<p>Imediatamente ap\u00f3s o ataque, c\u00e2meras de seguran\u00e7a registraram um homem saltando do telhado e fugindo correndo. A divulga\u00e7\u00e3o dessas imagens foi decisiva para avan\u00e7ar na investiga\u00e7\u00e3o.<\/p>\n\n\n\n<p>As imagens do suspeito rapidamente circularam entre as autoridades e a imprensa. Usando uma camiseta preta com uma bandeira dos Estados Unidos estampada, o indiv\u00edduo foi identificado por seus pr\u00f3prios pais, que reconheceram o filho e decidiram agir. <\/p>\n\n\n\n<p>Segundo o governador de Utah, Spencer Cox, ap\u00f3s ser confrontado pela fam\u00edlia, Tyler Robinson teria admitido a autoria do disparo. A confiss\u00e3o foi feita a amigos e familiares, e um pastor local, que tamb\u00e9m atua como policial, e intermediou o contato com as autoridades. <\/p>\n\n\n\n<p>O jovem foi localizado a cerca de 400 quil\u00f4metros do local do crime e preso em uma opera\u00e7\u00e3o conjunta da pol\u00edcia estadual e do FBI.<\/p>\n\n\n\n<h3 class=\"wp-block-heading\">Tyler Robinson: o suspeito de assassinar Charlie Kirk<\/h3>\n\n\n\n<p>O perfil do acusado revela um estudante de curso t\u00e9cnico em el\u00e9trica, reservado, mas que nos \u00faltimos anos passou a manifestar interesse crescente por temas pol\u00edticos, com postagens sobre armas de fogo e conte\u00fados radicais em redes sociais. <\/p>\n\n\n\n<p>Investiga\u00e7\u00f5es apontam que Robinson trocava mensagens suspeitas em aplicativos como Discord, nas quais sugeria a inten\u00e7\u00e3o de executar um atentado. <\/p>\n\n\n\n<p>A arma utilizada, um fuzil de alta pot\u00eancia, foi encontrada em uma \u00e1rea de mata pr\u00f3xima \u00e0 universidade, junto a cartuchos com inscri\u00e7\u00f5es e outros ind\u00edcios f\u00edsicos que ligam o material ao crime.<\/p>\n\n\n\n<h3 class=\"wp-block-heading\">Charlie Kirk era conhecido por defender ideias de extrema direita<\/h3>\n\n\n\n<p>Charlie Kirk, de 31 anos, era uma das figuras mais influentes do movimento da extrema direita norte-americana. <\/p>\n\n\n\n<p>Fundador da organiza\u00e7\u00e3o Turning Point USA, ganhou destaque por sua presen\u00e7a constante em universidades, onde promovia debates acalorados com estudantes, sempre defendendo o que ele acreditava ser valores crist\u00e3os, al\u00e9m de ideias de extrema direita e, sobretudo, o direito irrestrito ao porte de armas. <\/p>\n\n\n\n<p>Em um debate de 2023, Kirk chegou a afirmar que a liberdade garantida pela Segunda Emenda da Constitui\u00e7\u00e3o dos EUA justificava, mesmo que tragicamente, algumas mortes por armas de fogo todos os anos.<\/p>\n\n\n\n<p>A morte de Kirk ocorre em um momento delicado nos Estados Unidos, marcado por um aumento significativo de epis\u00f3dios de viol\u00eancia pol\u00edtica. O pa\u00eds vive uma escalada de tens\u00e3o ideol\u00f3gica, com atentados direcionados tanto a representantes da direita quanto da esquerda. <\/p>\n\n\n\n<p>O assassinato do ativista reacende o debate sobre os limites da ret\u00f3rica extremista, a polariza\u00e7\u00e3o crescente e o acesso facilitado a armamentos de alto calibre.<\/p>\n\n\n\n<p><\/p>\n","protected":false},"excerpt":{"rendered":"<p>O FBI anunciou na \u00faltima sexta-feira (12) a pris\u00e3o de Tyler Robinson, de 22 anos, apontado como principal suspeito de ter assassinado o ativista de extrema direita Charlie Kirk, conhecido por seu apoio a Donald Trump. A deten\u00e7\u00e3o encerra tr\u00eas dias de buscas intensas, que envolveram agentes federais, policiais locais e mobiliza\u00e7\u00e3o nacional ap\u00f3s o [&hellip;]<\/p>\n","protected":false},"author":5,"featured_media":1366,"comment_status":"open","ping_status":"open","sticky":false,"template":"","format":"standard","meta":{"jnews-multi-image_gallery":[],"jnews_single_post":{"format":"standard"},"jnews_primary_category":[],"jnews_social_meta":[],"jnews_post_split":[],"footnotes":""},"categories":[159],"tags":[],"class_list":["post-1365","post","type-post","status-publish","format-standard","has-post-thumbnail","hentry","category-cidadania"],"yoast_head":"<!-- This site is optimized with the Yoast SEO plugin v25.6 - https:\/\/yoast.com\/wordpress\/plugins\/seo\/ -->\n<title>Revelado quem \u00e9 o suspeito de assassinar Charlie Kirk<\/title>\n<meta name=\"description\" content=\"O FBI anunciou a pris\u00e3o de Tyler Robinson, apontado como principal suspeito de ter assassinado o ativista de extrema direita Charlie Kirk.\" \/>\n<meta name=\"robots\" content=\"index, follow, max-snippet:-1, max-image-preview:large, max-video-preview:-1\" \/>\n<link rel=\"canonical\" href=\"https:\/\/tribunademinas.audiencelabs.com.br\/revelado-quem-e-o-suspeito-de-assassinar-charlie-kirk\/\" \/>\n<meta property=\"og:locale\" content=\"pt_BR\" \/>\n<meta property=\"og:type\" content=\"article\" \/>\n<meta property=\"og:title\" content=\"Revelado quem \u00e9 o suspeito de assassinar Charlie Kirk\" \/>\n<meta property=\"og:description\" content=\"O FBI anunciou a pris\u00e3o de Tyler Robinson, apontado como principal suspeito de ter assassinado o ativista de extrema direita Charlie Kirk.\" \/>\n<meta property=\"og:url\" content=\"https:\/\/tribunademinas.audiencelabs.com.br\/revelado-quem-e-o-suspeito-de-assassinar-charlie-kirk\/\" \/>\n<meta property=\"og:site_name\" content=\"Tribuna de Minas - Dinheiro e Cidadania\" \/>\n<meta property=\"article:publisher\" content=\"https:\/\/www.facebook.com\/tribunademinas\/\" \/>\n<meta property=\"article:published_time\" content=\"2025-09-15T10:45:00+00:00\" \/>\n<meta property=\"og:image\" content=\"https:\/\/tribunademinas.audiencelabs.com.br\/wp-content\/uploads\/2025\/09\/Charlie-Kirk-1.webp\" \/>\n\t<meta property=\"og:image:width\" content=\"800\" \/>\n\t<meta property=\"og:image:height\" content=\"450\" \/>\n\t<meta property=\"og:image:type\" content=\"image\/webp\" \/>\n<meta name=\"author\" content=\"Jeferson Carvalho\" \/>\n<meta name=\"twitter:card\" content=\"summary_large_image\" \/>\n<meta name=\"twitter:creator\" content=\"@tribunademinas\" \/>\n<meta name=\"twitter:site\" content=\"@tribunademinas\" \/>\n<meta name=\"twitter:label1\" content=\"Escrito por\" \/>\n\t<meta name=\"twitter:data1\" content=\"Jeferson Carvalho\" \/>\n\t<meta name=\"twitter:label2\" content=\"Est. tempo de leitura\" \/>\n\t<meta name=\"twitter:data2\" content=\"4 minutos\" \/>\n<!-- \/ Yoast SEO plugin. -->","yoast_head_json":{"title":"Revelado quem \u00e9 o suspeito de assassinar Charlie Kirk","description":"O FBI anunciou a pris\u00e3o de Tyler Robinson, apontado como principal suspeito de ter assassinado o ativista de extrema direita Charlie Kirk.","robots":{"index":"index","follow":"follow","max-snippet":"max-snippet:-1","max-image-preview":"max-image-preview:large","max-video-preview":"max-video-preview:-1"},"canonical":"https:\/\/tribunademinas.audiencelabs.com.br\/revelado-quem-e-o-suspeito-de-assassinar-charlie-kirk\/","og_locale":"pt_BR","og_type":"article","og_title":"Revelado quem \u00e9 o suspeito de assassinar Charlie Kirk","og_description":"O FBI anunciou a pris\u00e3o de Tyler Robinson, apontado como principal suspeito de ter assassinado o ativista de extrema direita Charlie Kirk.","og_url":"https:\/\/tribunademinas.audiencelabs.com.br\/revelado-quem-e-o-suspeito-de-assassinar-charlie-kirk\/","og_site_name":"Tribuna de Minas - Dinheiro e Cidadania","article_publisher":"https:\/\/www.facebook.com\/tribunademinas\/","article_published_time":"2025-09-15T10:45:00+00:00","og_image":[{"width":800,"height":450,"url":"https:\/\/tribunademinas.audiencelabs.com.br\/wp-content\/uploads\/2025\/09\/Charlie-Kirk-1.webp","type":"image\/webp"}],"author":"Jeferson Carvalho","twitter_card":"summary_large_image","twitter_creator":"@tribunademinas","twitter_site":"@tribunademinas","twitter_misc":{"Escrito por":"Jeferson Carvalho","Est. tempo de leitura":"4 minutos"},"schema":{"@context":"https:\/\/schema.org","@graph":[{"@type":"Article","@id":"https:\/\/tribunademinas.audiencelabs.com.br\/revelado-quem-e-o-suspeito-de-assassinar-charlie-kirk\/#article","isPartOf":{"@id":"https:\/\/tribunademinas.audiencelabs.com.br\/revelado-quem-e-o-suspeito-de-assassinar-charlie-kirk\/"},"author":{"name":"Jeferson Carvalho","@id":"https:\/\/tribunademinas.audiencelabs.com.br\/#\/schema\/person\/db18fc40307804bacef94213aa68fd9d"},"headline":"Revelado quem \u00e9 o suspeito de assassinar Charlie Kirk","datePublished":"2025-09-15T10:45:00+00:00","mainEntityOfPage":{"@id":"https:\/\/tribunademinas.audiencelabs.com.br\/revelado-quem-e-o-suspeito-de-assassinar-charlie-kirk\/"},"wordCount":588,"commentCount":0,"publisher":{"@id":"https:\/\/tribunademinas.audiencelabs.com.br\/#organization"},"image":{"@id":"https:\/\/tribunademinas.audiencelabs.com.br\/revelado-quem-e-o-suspeito-de-assassinar-charlie-kirk\/#primaryimage"},"thumbnailUrl":"https:\/\/tribunademinas.audiencelabs.com.br\/wp-content\/uploads\/2025\/09\/Charlie-Kirk-1.webp","articleSection":["Cidadania"],"inLanguage":"pt-BR","potentialAction":[{"@type":"CommentAction","name":"Comment","target":["https:\/\/tribunademinas.audiencelabs.com.br\/revelado-quem-e-o-suspeito-de-assassinar-charlie-kirk\/#respond"]}]},{"@type":"WebPage","@id":"https:\/\/tribunademinas.audiencelabs.com.br\/revelado-quem-e-o-suspeito-de-assassinar-charlie-kirk\/","url":"https:\/\/tribunademinas.audiencelabs.com.br\/revelado-quem-e-o-suspeito-de-assassinar-charlie-kirk\/","name":"Revelado quem \u00e9 o suspeito de assassinar Charlie Kirk","isPartOf":{"@id":"https:\/\/tribunademinas.audiencelabs.com.br\/#website"},"primaryImageOfPage":{"@id":"https:\/\/tribunademinas.audiencelabs.com.br\/revelado-quem-e-o-suspeito-de-assassinar-charlie-kirk\/#primaryimage"},"image":{"@id":"https:\/\/tribunademinas.audiencelabs.com.br\/revelado-quem-e-o-suspeito-de-assassinar-charlie-kirk\/#primaryimage"},"thumbnailUrl":"https:\/\/tribunademinas.audiencelabs.com.br\/wp-content\/uploads\/2025\/09\/Charlie-Kirk-1.webp","datePublished":"2025-09-15T10:45:00+00:00","description":"O FBI anunciou a pris\u00e3o de Tyler Robinson, apontado como principal suspeito de ter assassinado o ativista de extrema direita Charlie Kirk.","breadcrumb":{"@id":"https:\/\/tribunademinas.audiencelabs.com.br\/revelado-quem-e-o-suspeito-de-assassinar-charlie-kirk\/#breadcrumb"},"inLanguage":"pt-BR","potentialAction":[{"@type":"ReadAction","target":["https:\/\/tribunademinas.audiencelabs.com.br\/revelado-quem-e-o-suspeito-de-assassinar-charlie-kirk\/"]}]},{"@type":"ImageObject","inLanguage":"pt-BR","@id":"https:\/\/tribunademinas.audiencelabs.com.br\/revelado-quem-e-o-suspeito-de-assassinar-charlie-kirk\/#primaryimage","url":"https:\/\/tribunademinas.audiencelabs.com.br\/wp-content\/uploads\/2025\/09\/Charlie-Kirk-1.webp","contentUrl":"https:\/\/tribunademinas.audiencelabs.com.br\/wp-content\/uploads\/2025\/09\/Charlie-Kirk-1.webp","width":800,"height":450,"caption":"Revelado quem \u00e9 o suspeito de assassinar Charlie Kirk - Imagem: Divulga\u00e7\u00e3o\/FBI"},{"@type":"BreadcrumbList","@id":"https:\/\/tribunademinas.audiencelabs.com.br\/revelado-quem-e-o-suspeito-de-assassinar-charlie-kirk\/#breadcrumb","itemListElement":[{"@type":"ListItem","position":1,"name":"In\u00edcio","item":"https:\/\/tribunademinas.audiencelabs.com.br\/"},{"@type":"ListItem","position":2,"name":"Revelado quem \u00e9 o suspeito de assassinar Charlie Kirk"}]},{"@type":"WebSite","@id":"https:\/\/tribunademinas.audiencelabs.com.br\/#website","url":"https:\/\/tribunademinas.audiencelabs.com.br\/","name":"Tribuna de Minas - Dinheiro e Cidadania","description":"","publisher":{"@id":"https:\/\/tribunademinas.audiencelabs.com.br\/#organization"},"potentialAction":[{"@type":"SearchAction","target":{"@type":"EntryPoint","urlTemplate":"https:\/\/tribunademinas.audiencelabs.com.br\/?s={search_term_string}"},"query-input":{"@type":"PropertyValueSpecification","valueRequired":true,"valueName":"search_term_string"}}],"inLanguage":"pt-BR"},{"@type":"Organization","@id":"https:\/\/tribunademinas.audiencelabs.com.br\/#organization","name":"Tribuna de Minas - Dinheiro e Cidadania","url":"https:\/\/tribunademinas.audiencelabs.com.br\/","logo":{"@type":"ImageObject","inLanguage":"pt-BR","@id":"https:\/\/tribunademinas.audiencelabs.com.br\/#\/schema\/logo\/image\/","url":"https:\/\/tribunademinas.audiencelabs.com.br\/wp-content\/uploads\/2025\/08\/cropped-Tribuna_512x512-96x96-1.png","contentUrl":"https:\/\/tribunademinas.audiencelabs.com.br\/wp-content\/uploads\/2025\/08\/cropped-Tribuna_512x512-96x96-1.png","width":96,"height":96,"caption":"Tribuna de Minas - Dinheiro e Cidadania"},"image":{"@id":"https:\/\/tribunademinas.audiencelabs.com.br\/#\/schema\/logo\/image\/"},"sameAs":["https:\/\/www.facebook.com\/tribunademinas\/","https:\/\/x.com\/tribunademinas","https:\/\/www.instagram.com\/tribunademinas\/","https:\/\/www.youtube.com\/user\/TribunadeMinasJF"]},{"@type":"Person","@id":"https:\/\/tribunademinas.audiencelabs.com.br\/#\/schema\/person\/db18fc40307804bacef94213aa68fd9d","name":"Jeferson Carvalho","image":{"@type":"ImageObject","inLanguage":"pt-BR","@id":"https:\/\/tribunademinas.audiencelabs.com.br\/#\/schema\/person\/image\/","url":"https:\/\/secure.gravatar.com\/avatar\/cd7646e328d9670dad7dea8698522e522745eeffcff5b9d08be858e377ce326b?s=96&d=mm&r=g","contentUrl":"https:\/\/secure.gravatar.com\/avatar\/cd7646e328d9670dad7dea8698522e522745eeffcff5b9d08be858e377ce326b?s=96&d=mm&r=g","caption":"Jeferson Carvalho"},"description":"Jornalista apaixonado pela profiss\u00e3o!","url":"https:\/\/tribunademinas.audiencelabs.com.br\/author\/jeferson\/"}]}},"amp_enabled":true,"_links":{"self":[{"href":"https:\/\/tribunademinas.audiencelabs.com.br\/wp-json\/wp\/v2\/posts\/1365","targetHints":{"allow":["GET"]}}],"collection":[{"href":"https:\/\/tribunademinas.audiencelabs.com.br\/wp-json\/wp\/v2\/posts"}],"about":[{"href":"https:\/\/tribunademinas.audiencelabs.com.br\/wp-json\/wp\/v2\/types\/post"}],"author":[{"embeddable":true,"href":"https:\/\/tribunademinas.audiencelabs.com.br\/wp-json\/wp\/v2\/users\/5"}],"replies":[{"embeddable":true,"href":"https:\/\/tribunademinas.audiencelabs.com.br\/wp-json\/wp\/v2\/comments?post=1365"}],"version-history":[{"count":1,"href":"https:\/\/tribunademinas.audiencelabs.com.br\/wp-json\/wp\/v2\/posts\/1365\/revisions"}],"predecessor-version":[{"id":1367,"href":"https:\/\/tribunademinas.audiencelabs.com.br\/wp-json\/wp\/v2\/posts\/1365\/revisions\/1367"}],"wp:featuredmedia":[{"embeddable":true,"href":"https:\/\/tribunademinas.audiencelabs.com.br\/wp-json\/wp\/v2\/media\/1366"}],"wp:attachment":[{"href":"https:\/\/tribunademinas.audiencelabs.com.br\/wp-json\/wp\/v2\/media?parent=1365"}],"wp:term":[{"taxonomy":"category","embeddable":true,"href":"https:\/\/tribunademinas.audiencelabs.com.br\/wp-json\/wp\/v2\/categories?post=1365"},{"taxonomy":"post_tag","embeddable":true,"href":"https:\/\/tribunademinas.audiencelabs.com.br\/wp-json\/wp\/v2\/tags?post=1365"}],"curies":[{"name":"wp","href":"https:\/\/api.w.org\/{rel}","templated":true}]}}