{"id":1343,"date":"2025-09-12T16:55:23","date_gmt":"2025-09-12T19:55:23","guid":{"rendered":"https:\/\/tribunademinas.audiencelabs.com.br\/?p=1343"},"modified":"2025-09-12T16:55:27","modified_gmt":"2025-09-12T19:55:27","slug":"nova-lei-aprovada-brasileiros-podem-se-aposentar-aos-40-anos-de-idade","status":"publish","type":"post","link":"https:\/\/tribunademinas.audiencelabs.com.br\/nova-lei-aprovada-brasileiros-podem-se-aposentar-aos-40-anos-de-idade\/","title":{"rendered":"Nova lei aprovada: brasileiros podem se aposentar aos 40 anos de idade"},"content":{"rendered":"\n<p>Um projeto de lei que pode permitir a determinados trabalhadores brasileiros se aposentador a partir dos 40 anos deu um passo importante no Congresso. <\/p>\n\n\n\n<p>A <a href=\"https:\/\/www2.camara.leg.br\/atividade-legislativa\/comissoes\/comissoes-permanentes\/cpasf\"><strong>Comiss\u00e3o de Previd\u00eancia, Assist\u00eancia Social, Inf\u00e2ncia, Adolesc\u00eancia e Fam\u00edlia<\/strong><\/a> da C\u00e2mara dos Deputados aprovou recentemente o texto, que prop\u00f5e mudan\u00e7as significativas nas regras da aposentadoria especial. <\/p>\n\n\n\n<p>Apesar de ainda estar em tramita\u00e7\u00e3o e precisar da aprova\u00e7\u00e3o de outras comiss\u00f5es e do plen\u00e1rio da C\u00e2mara e do Senado, a proposta avan\u00e7a com apoio consider\u00e1vel e promete alterar a vida de quem exerce profiss\u00f5es de alto risco.<\/p>\n\n\n\n<h2 class=\"wp-block-heading\">Nova lei aprovada: brasileiros podem se aposentar aos 40 anos de idade<\/h2>\n\n\n\n<p>A medida busca flexibilizar os crit\u00e9rios de idade m\u00ednima para se aposentar para trabalhadores que exercem atividades expostos a agentes nocivos \u00e0 sa\u00fade, como subst\u00e2ncias qu\u00edmicas, riscos biol\u00f3gicos e condi\u00e7\u00f5es extremas. <\/p>\n\n\n\n<p>Caso a proposta seja transformada em lei, profissionais com 15 anos de trabalho em minera\u00e7\u00e3o subterr\u00e2nea na linha de frente poder\u00e3o se aposentar aos 40 anos. <\/p>\n\n\n\n<p>J\u00e1 aqueles com 20 anos de atividade em \u00e1reas como minera\u00e7\u00e3o fora da frente de produ\u00e7\u00e3o ou com exposi\u00e7\u00e3o ao amianto teriam direito ao <a href=\"https:\/\/tribunademinas.com.br\/colunas\/maistendencias\/brasileiros-aposentados-nao-vao-receber-precatorio-em-2026-entenda\/\"><strong>benef\u00edcio<\/strong><\/a> a partir dos 45 anos. <\/p>\n\n\n\n<p>Outras profiss\u00f5es como metal\u00fargicos, radiologistas, aeronautas, agentes de fiscaliza\u00e7\u00e3o agropecu\u00e1ria e ambiental, al\u00e9m de trabalhadores de transporte de emerg\u00eancia, poder\u00e3o se aposentar aos 48 anos ap\u00f3s 25 anos de atividade cont\u00ednua.<\/p>\n\n\n\n<p>Hoje, a idade m\u00ednima exigida para esses mesmos grupos varia de 55 a 60 anos, conforme as regras estabelecidas pela reforma da Previd\u00eancia de 2019. Al\u00e9m da redu\u00e7\u00e3o de idade, o texto aprovado modifica o c\u00e1lculo do valor da aposentadoria. <\/p>\n\n\n\n<p>A nova f\u00f3rmula prop\u00f5e que o benef\u00edcio seja de 100% da m\u00e9dia salarial das contribui\u00e7\u00f5es feitas durante a vida laboral. Atualmente, o c\u00e1lculo parte de 60% dessa m\u00e9dia, com acr\u00e9scimos que dependem do tempo adicional de contribui\u00e7\u00e3o.<\/p>\n\n\n\n<h3 class=\"wp-block-heading\">Trabalhadores de outras profiss\u00f5es poder\u00e3o se aposentar mais cedo, caso lei seja aprovada<\/h3>\n\n\n\n<p>Outra inova\u00e7\u00e3o trazida pelo projeto \u00e9 a amplia\u00e7\u00e3o do reconhecimento de profiss\u00f5es de risco. <\/p>\n\n\n\n<p>Atividades como vigil\u00e2ncia armada, transporte de valores, agentes de tr\u00e2nsito, guardas municipais, eletricistas de alta tens\u00e3o e trabalhadores envolvidos diretamente em transporte hospitalar de emerg\u00eancia passam a ser inclu\u00eddas na categoria de exposi\u00e7\u00e3o permanente a perigos.<\/p>\n\n\n\n<p>Apesar do avan\u00e7o, \u00e9 importante lembrar que a proposta ainda est\u00e1 em fase de an\u00e1lise no Parlamento. <\/p>\n\n\n\n<p>Depois de passar por novas comiss\u00f5es, precisar\u00e1 ser aprovada na C\u00e2mara dos Deputados e no Senado antes de se tornar lei. At\u00e9 l\u00e1, as regras atuais continuam valendo.<\/p>\n","protected":false},"excerpt":{"rendered":"<p>Um projeto de lei que pode permitir a determinados trabalhadores brasileiros se aposentador a partir dos 40 anos deu um passo importante no Congresso. A Comiss\u00e3o de Previd\u00eancia, Assist\u00eancia Social, Inf\u00e2ncia, Adolesc\u00eancia e Fam\u00edlia da C\u00e2mara dos Deputados aprovou recentemente o texto, que prop\u00f5e mudan\u00e7as significativas nas regras da aposentadoria especial. Apesar de ainda estar [&hellip;]<\/p>\n","protected":false},"author":5,"featured_media":1344,"comment_status":"open","ping_status":"open","sticky":false,"template":"","format":"standard","meta":{"jnews-multi-image_gallery":[],"jnews_single_post":{"format":"standard"},"jnews_primary_category":[],"jnews_social_meta":[],"jnews_post_split":[],"footnotes":""},"categories":[159],"tags":[],"class_list":["post-1343","post","type-post","status-publish","format-standard","has-post-thumbnail","hentry","category-cidadania"],"yoast_head":"<!-- This site is optimized with the Yoast SEO plugin v25.6 - https:\/\/yoast.com\/wordpress\/plugins\/seo\/ -->\n<title>Nova lei aprovada: brasileiros podem se aposentar aos 40 anos de idade<\/title>\n<meta name=\"description\" content=\"Lei que pode permitir a determinados trabalhadores brasileiros se aposentador a partir dos 40 anos deu um passo importante no Congresso.\" \/>\n<meta name=\"robots\" content=\"index, follow, max-snippet:-1, max-image-preview:large, max-video-preview:-1\" \/>\n<link rel=\"canonical\" href=\"https:\/\/tribunademinas.audiencelabs.com.br\/nova-lei-aprovada-brasileiros-podem-se-aposentar-aos-40-anos-de-idade\/\" \/>\n<meta property=\"og:locale\" content=\"pt_BR\" \/>\n<meta property=\"og:type\" content=\"article\" \/>\n<meta property=\"og:title\" content=\"Nova lei aprovada: brasileiros podem se aposentar aos 40 anos de idade\" \/>\n<meta property=\"og:description\" content=\"Lei que pode permitir a determinados trabalhadores brasileiros se aposentador a partir dos 40 anos deu um passo importante no Congresso.\" \/>\n<meta property=\"og:url\" content=\"https:\/\/tribunademinas.audiencelabs.com.br\/nova-lei-aprovada-brasileiros-podem-se-aposentar-aos-40-anos-de-idade\/\" \/>\n<meta property=\"og:site_name\" content=\"Tribuna de Minas - Dinheiro e Cidadania\" \/>\n<meta property=\"article:publisher\" content=\"https:\/\/www.facebook.com\/tribunademinas\/\" \/>\n<meta property=\"article:published_time\" content=\"2025-09-12T19:55:23+00:00\" \/>\n<meta property=\"article:modified_time\" content=\"2025-09-12T19:55:27+00:00\" \/>\n<meta property=\"og:image\" content=\"https:\/\/tribunademinas.audiencelabs.com.br\/wp-content\/uploads\/2025\/09\/aposentar.webp\" \/>\n\t<meta property=\"og:image:width\" content=\"1170\" \/>\n\t<meta property=\"og:image:height\" content=\"700\" \/>\n\t<meta property=\"og:image:type\" content=\"image\/webp\" \/>\n<meta name=\"author\" content=\"Jeferson Carvalho\" \/>\n<meta name=\"twitter:card\" content=\"summary_large_image\" \/>\n<meta name=\"twitter:creator\" content=\"@tribunademinas\" \/>\n<meta name=\"twitter:site\" content=\"@tribunademinas\" \/>\n<meta name=\"twitter:label1\" content=\"Escrito por\" \/>\n\t<meta name=\"twitter:data1\" content=\"Jeferson Carvalho\" \/>\n\t<meta name=\"twitter:label2\" content=\"Est. tempo de leitura\" \/>\n\t<meta name=\"twitter:data2\" content=\"3 minutos\" \/>\n<!-- \/ Yoast SEO plugin. -->","yoast_head_json":{"title":"Nova lei aprovada: brasileiros podem se aposentar aos 40 anos de idade","description":"Lei que pode permitir a determinados trabalhadores brasileiros se aposentador a partir dos 40 anos deu um passo importante no Congresso.","robots":{"index":"index","follow":"follow","max-snippet":"max-snippet:-1","max-image-preview":"max-image-preview:large","max-video-preview":"max-video-preview:-1"},"canonical":"https:\/\/tribunademinas.audiencelabs.com.br\/nova-lei-aprovada-brasileiros-podem-se-aposentar-aos-40-anos-de-idade\/","og_locale":"pt_BR","og_type":"article","og_title":"Nova lei aprovada: brasileiros podem se aposentar aos 40 anos de idade","og_description":"Lei que pode permitir a determinados trabalhadores brasileiros se aposentador a partir dos 40 anos deu um passo importante no Congresso.","og_url":"https:\/\/tribunademinas.audiencelabs.com.br\/nova-lei-aprovada-brasileiros-podem-se-aposentar-aos-40-anos-de-idade\/","og_site_name":"Tribuna de Minas - Dinheiro e Cidadania","article_publisher":"https:\/\/www.facebook.com\/tribunademinas\/","article_published_time":"2025-09-12T19:55:23+00:00","article_modified_time":"2025-09-12T19:55:27+00:00","og_image":[{"width":1170,"height":700,"url":"https:\/\/tribunademinas.audiencelabs.com.br\/wp-content\/uploads\/2025\/09\/aposentar.webp","type":"image\/webp"}],"author":"Jeferson Carvalho","twitter_card":"summary_large_image","twitter_creator":"@tribunademinas","twitter_site":"@tribunademinas","twitter_misc":{"Escrito por":"Jeferson Carvalho","Est. tempo de leitura":"3 minutos"},"schema":{"@context":"https:\/\/schema.org","@graph":[{"@type":"Article","@id":"https:\/\/tribunademinas.audiencelabs.com.br\/nova-lei-aprovada-brasileiros-podem-se-aposentar-aos-40-anos-de-idade\/#article","isPartOf":{"@id":"https:\/\/tribunademinas.audiencelabs.com.br\/nova-lei-aprovada-brasileiros-podem-se-aposentar-aos-40-anos-de-idade\/"},"author":{"name":"Jeferson Carvalho","@id":"https:\/\/tribunademinas.audiencelabs.com.br\/#\/schema\/person\/db18fc40307804bacef94213aa68fd9d"},"headline":"Nova lei aprovada: brasileiros podem se aposentar aos 40 anos de idade","datePublished":"2025-09-12T19:55:23+00:00","dateModified":"2025-09-12T19:55:27+00:00","mainEntityOfPage":{"@id":"https:\/\/tribunademinas.audiencelabs.com.br\/nova-lei-aprovada-brasileiros-podem-se-aposentar-aos-40-anos-de-idade\/"},"wordCount":469,"commentCount":0,"publisher":{"@id":"https:\/\/tribunademinas.audiencelabs.com.br\/#organization"},"image":{"@id":"https:\/\/tribunademinas.audiencelabs.com.br\/nova-lei-aprovada-brasileiros-podem-se-aposentar-aos-40-anos-de-idade\/#primaryimage"},"thumbnailUrl":"https:\/\/tribunademinas.audiencelabs.com.br\/wp-content\/uploads\/2025\/09\/aposentar.webp","articleSection":["Cidadania"],"inLanguage":"pt-BR","potentialAction":[{"@type":"CommentAction","name":"Comment","target":["https:\/\/tribunademinas.audiencelabs.com.br\/nova-lei-aprovada-brasileiros-podem-se-aposentar-aos-40-anos-de-idade\/#respond"]}]},{"@type":"WebPage","@id":"https:\/\/tribunademinas.audiencelabs.com.br\/nova-lei-aprovada-brasileiros-podem-se-aposentar-aos-40-anos-de-idade\/","url":"https:\/\/tribunademinas.audiencelabs.com.br\/nova-lei-aprovada-brasileiros-podem-se-aposentar-aos-40-anos-de-idade\/","name":"Nova lei aprovada: brasileiros podem se aposentar aos 40 anos de idade","isPartOf":{"@id":"https:\/\/tribunademinas.audiencelabs.com.br\/#website"},"primaryImageOfPage":{"@id":"https:\/\/tribunademinas.audiencelabs.com.br\/nova-lei-aprovada-brasileiros-podem-se-aposentar-aos-40-anos-de-idade\/#primaryimage"},"image":{"@id":"https:\/\/tribunademinas.audiencelabs.com.br\/nova-lei-aprovada-brasileiros-podem-se-aposentar-aos-40-anos-de-idade\/#primaryimage"},"thumbnailUrl":"https:\/\/tribunademinas.audiencelabs.com.br\/wp-content\/uploads\/2025\/09\/aposentar.webp","datePublished":"2025-09-12T19:55:23+00:00","dateModified":"2025-09-12T19:55:27+00:00","description":"Lei que pode permitir a determinados trabalhadores brasileiros se aposentador a partir dos 40 anos deu um passo importante no Congresso.","breadcrumb":{"@id":"https:\/\/tribunademinas.audiencelabs.com.br\/nova-lei-aprovada-brasileiros-podem-se-aposentar-aos-40-anos-de-idade\/#breadcrumb"},"inLanguage":"pt-BR","potentialAction":[{"@type":"ReadAction","target":["https:\/\/tribunademinas.audiencelabs.com.br\/nova-lei-aprovada-brasileiros-podem-se-aposentar-aos-40-anos-de-idade\/"]}]},{"@type":"ImageObject","inLanguage":"pt-BR","@id":"https:\/\/tribunademinas.audiencelabs.com.br\/nova-lei-aprovada-brasileiros-podem-se-aposentar-aos-40-anos-de-idade\/#primaryimage","url":"https:\/\/tribunademinas.audiencelabs.com.br\/wp-content\/uploads\/2025\/09\/aposentar.webp","contentUrl":"https:\/\/tribunademinas.audiencelabs.com.br\/wp-content\/uploads\/2025\/09\/aposentar.webp","width":1170,"height":700,"caption":"Nova lei aprovada: brasileiros podem se aposentar aos 40 anos de idade - Imagem: Marcelo Camargo\/Ag\u00eancia Brasil"},{"@type":"BreadcrumbList","@id":"https:\/\/tribunademinas.audiencelabs.com.br\/nova-lei-aprovada-brasileiros-podem-se-aposentar-aos-40-anos-de-idade\/#breadcrumb","itemListElement":[{"@type":"ListItem","position":1,"name":"In\u00edcio","item":"https:\/\/tribunademinas.audiencelabs.com.br\/"},{"@type":"ListItem","position":2,"name":"Nova lei aprovada: brasileiros podem se aposentar aos 40 anos de idade"}]},{"@type":"WebSite","@id":"https:\/\/tribunademinas.audiencelabs.com.br\/#website","url":"https:\/\/tribunademinas.audiencelabs.com.br\/","name":"Tribuna de Minas - Dinheiro e Cidadania","description":"","publisher":{"@id":"https:\/\/tribunademinas.audiencelabs.com.br\/#organization"},"potentialAction":[{"@type":"SearchAction","target":{"@type":"EntryPoint","urlTemplate":"https:\/\/tribunademinas.audiencelabs.com.br\/?s={search_term_string}"},"query-input":{"@type":"PropertyValueSpecification","valueRequired":true,"valueName":"search_term_string"}}],"inLanguage":"pt-BR"},{"@type":"Organization","@id":"https:\/\/tribunademinas.audiencelabs.com.br\/#organization","name":"Tribuna de Minas - Dinheiro e Cidadania","url":"https:\/\/tribunademinas.audiencelabs.com.br\/","logo":{"@type":"ImageObject","inLanguage":"pt-BR","@id":"https:\/\/tribunademinas.audiencelabs.com.br\/#\/schema\/logo\/image\/","url":"https:\/\/tribunademinas.audiencelabs.com.br\/wp-content\/uploads\/2025\/08\/cropped-Tribuna_512x512-96x96-1.png","contentUrl":"https:\/\/tribunademinas.audiencelabs.com.br\/wp-content\/uploads\/2025\/08\/cropped-Tribuna_512x512-96x96-1.png","width":96,"height":96,"caption":"Tribuna de Minas - Dinheiro e Cidadania"},"image":{"@id":"https:\/\/tribunademinas.audiencelabs.com.br\/#\/schema\/logo\/image\/"},"sameAs":["https:\/\/www.facebook.com\/tribunademinas\/","https:\/\/x.com\/tribunademinas","https:\/\/www.instagram.com\/tribunademinas\/","https:\/\/www.youtube.com\/user\/TribunadeMinasJF"]},{"@type":"Person","@id":"https:\/\/tribunademinas.audiencelabs.com.br\/#\/schema\/person\/db18fc40307804bacef94213aa68fd9d","name":"Jeferson Carvalho","image":{"@type":"ImageObject","inLanguage":"pt-BR","@id":"https:\/\/tribunademinas.audiencelabs.com.br\/#\/schema\/person\/image\/","url":"https:\/\/secure.gravatar.com\/avatar\/cd7646e328d9670dad7dea8698522e522745eeffcff5b9d08be858e377ce326b?s=96&d=mm&r=g","contentUrl":"https:\/\/secure.gravatar.com\/avatar\/cd7646e328d9670dad7dea8698522e522745eeffcff5b9d08be858e377ce326b?s=96&d=mm&r=g","caption":"Jeferson Carvalho"},"description":"Jornalista apaixonado pela profiss\u00e3o!","url":"https:\/\/tribunademinas.audiencelabs.com.br\/author\/jeferson\/"}]}},"amp_enabled":true,"_links":{"self":[{"href":"https:\/\/tribunademinas.audiencelabs.com.br\/wp-json\/wp\/v2\/posts\/1343","targetHints":{"allow":["GET"]}}],"collection":[{"href":"https:\/\/tribunademinas.audiencelabs.com.br\/wp-json\/wp\/v2\/posts"}],"about":[{"href":"https:\/\/tribunademinas.audiencelabs.com.br\/wp-json\/wp\/v2\/types\/post"}],"author":[{"embeddable":true,"href":"https:\/\/tribunademinas.audiencelabs.com.br\/wp-json\/wp\/v2\/users\/5"}],"replies":[{"embeddable":true,"href":"https:\/\/tribunademinas.audiencelabs.com.br\/wp-json\/wp\/v2\/comments?post=1343"}],"version-history":[{"count":1,"href":"https:\/\/tribunademinas.audiencelabs.com.br\/wp-json\/wp\/v2\/posts\/1343\/revisions"}],"predecessor-version":[{"id":1348,"href":"https:\/\/tribunademinas.audiencelabs.com.br\/wp-json\/wp\/v2\/posts\/1343\/revisions\/1348"}],"wp:featuredmedia":[{"embeddable":true,"href":"https:\/\/tribunademinas.audiencelabs.com.br\/wp-json\/wp\/v2\/media\/1344"}],"wp:attachment":[{"href":"https:\/\/tribunademinas.audiencelabs.com.br\/wp-json\/wp\/v2\/media?parent=1343"}],"wp:term":[{"taxonomy":"category","embeddable":true,"href":"https:\/\/tribunademinas.audiencelabs.com.br\/wp-json\/wp\/v2\/categories?post=1343"},{"taxonomy":"post_tag","embeddable":true,"href":"https:\/\/tribunademinas.audiencelabs.com.br\/wp-json\/wp\/v2\/tags?post=1343"}],"curies":[{"name":"wp","href":"https:\/\/api.w.org\/{rel}","templated":true}]}}