{"id":1341,"date":"2025-09-15T18:00:00","date_gmt":"2025-09-15T21:00:00","guid":{"rendered":"https:\/\/tribunademinas.audiencelabs.com.br\/?p=1341"},"modified":"2025-09-12T16:45:10","modified_gmt":"2025-09-12T19:45:10","slug":"bolsonaro-ja-tem-lugar-confirmado-para-cumprir-prisao","status":"publish","type":"post","link":"https:\/\/tribunademinas.audiencelabs.com.br\/bolsonaro-ja-tem-lugar-confirmado-para-cumprir-prisao\/","title":{"rendered":"Bolsonaro j\u00e1 tem lugar confirmado para cumprir pris\u00e3o?"},"content":{"rendered":"\n<p>Nesta quinta-feira (11), a Primeira Turma do Supremo Tribunal Federal (STF) condenou o <strong>ex-presidente Jair Messias Bolsonaro<\/strong> e outros sete r\u00e9us por tentativa de golpe de Estado e outros crimes, por quatro votos a um.<\/p>\n\n\n\n<p>O ministro Luiz Fux foi o \u00fanico a votar pela absolvi\u00e7\u00e3o de Bolsonaro e da grande maioria dos r\u00e9us, enquanto Alexandre de Moraes, Fl\u00e1vio Dino, C\u00e1rmen L\u00facia e Cristiano Zanin convergiram pela condena\u00e7\u00e3o.<\/p>\n\n\n\n<p>No entanto, considerando que o ex-presidente j\u00e1 cumpre pris\u00e3o domiciliar desde o m\u00eas passado, a condena\u00e7\u00e3o gerou d\u00favidas sobre a manuten\u00e7\u00e3o do regime ou a possibilidade de transfer\u00eancia para um pres\u00eddio espec\u00edfico.<\/p>\n\n\n\n<p>De acordo com o artigo 33 do C\u00f3digo Penal, <strong>condena\u00e7\u00f5es acima de oito anos exigem in\u00edcio de cumprimento em regime fechado<\/strong>. E tendo em vista que Bolsonaro foi sentenciado a 27 anos e tr\u00eas meses, existe a possibilidade de ele ser encaminhado para o\u00a0<strong>Complexo Penitenci\u00e1rio da Papuda<\/strong>\u00a0ou uma\u00a0<strong>sala na superintend\u00eancia da Pol\u00edcia Federal em Bras\u00edlia<\/strong>.<\/p>\n\n\n\n<p>Contudo, vale lembrar que, al\u00e9m de j\u00e1 ter 70 anos, Bolsonaro tamb\u00e9m sofre de problemas de sa\u00fade, que incluem crises de solu\u00e7o que levam a v\u00f4mitos, e apresenta duas infec\u00e7\u00f5es pulmonares, esofagite e gastrite. Neste caso, a <strong>possibilidade de pris\u00e3o domiciliar<\/strong> n\u00e3o pode ser descartada, mas a decis\u00e3o final ficar\u00e1 a cargo dos ministros.<\/p>\n\n\n\n<h2 class=\"wp-block-heading\">Condena\u00e7\u00e3o de Bolsonaro: entenda a pena do ex-presidente<\/h2>\n\n\n\n<p>Conforme mencionado anteriormente, Jair Bolsonaro foi condenado a 27 anos e tr\u00eas meses de pris\u00e3o, al\u00e9m de 124 dias multa com valor de dois sal\u00e1rios m\u00ednimos cada, por todos os crimes dos quais era r\u00e9u. S\u00e3o eles:<\/p>\n\n\n\n<ul class=\"wp-block-list\">\n<li><strong>Organiza\u00e7\u00e3o criminosa armada (7 anos e 7 meses);<\/strong><\/li>\n\n\n\n<li><strong>Tentativa aboli\u00e7\u00e3o violenta do Estado Democr\u00e1tico de Direito (6 anos e 6 meses);<\/strong><\/li>\n\n\n\n<li><strong>Golpe de estado (8 anos e 2 meses);<\/strong><\/li>\n\n\n\n<li><strong>Dano qualificado contra o patrim\u00f4nio da Uni\u00e3o (2 anos e seis meses de deten\u00e7\u00e3o e 62 dias multa);<\/strong><\/li>\n\n\n\n<li><strong>Deteriora\u00e7\u00e3o de patrim\u00f4nio tombado (2 anos e 6 meses de deten\u00e7\u00e3o e 62 dias multa).<\/strong><\/li>\n<\/ul>\n\n\n\n<p>Al\u00e9m do ex-presidente, todos os integrantes do chamado &#8220;n\u00facleo crucial&#8221; receberam condena\u00e7\u00f5es semelhantes, com exce\u00e7\u00e3o do deputado federal e ex-diretor geral da Abin Alexandre Ramagem (PL-RJ).<\/p>\n","protected":false},"excerpt":{"rendered":"<p>Nesta quinta-feira (11), a Primeira Turma do Supremo Tribunal Federal (STF) condenou o ex-presidente Jair Messias Bolsonaro e outros sete r\u00e9us por tentativa de golpe de Estado e outros crimes, por quatro votos a um. O ministro Luiz Fux foi o \u00fanico a votar pela absolvi\u00e7\u00e3o de Bolsonaro e da grande maioria dos r\u00e9us, enquanto [&hellip;]<\/p>\n","protected":false},"author":3,"featured_media":1342,"comment_status":"open","ping_status":"open","sticky":false,"template":"","format":"standard","meta":{"jnews-multi-image_gallery":[],"jnews_single_post":{"format":"standard"},"jnews_primary_category":[],"jnews_social_meta":[],"jnews_post_split":[],"footnotes":""},"categories":[159],"tags":[],"class_list":["post-1341","post","type-post","status-publish","format-standard","has-post-thumbnail","hentry","category-cidadania"],"yoast_head":"<!-- This site is optimized with the Yoast SEO plugin v25.6 - https:\/\/yoast.com\/wordpress\/plugins\/seo\/ -->\n<title>Bolsonaro j\u00e1 tem lugar confirmado para cumprir pris\u00e3o?<\/title>\n<meta name=\"robots\" content=\"index, follow, max-snippet:-1, max-image-preview:large, max-video-preview:-1\" \/>\n<link rel=\"canonical\" href=\"https:\/\/tribunademinas.audiencelabs.com.br\/bolsonaro-ja-tem-lugar-confirmado-para-cumprir-prisao\/\" \/>\n<meta property=\"og:locale\" content=\"pt_BR\" \/>\n<meta property=\"og:type\" content=\"article\" \/>\n<meta property=\"og:title\" content=\"Bolsonaro j\u00e1 tem lugar confirmado para cumprir pris\u00e3o?\" \/>\n<meta property=\"og:description\" content=\"Nesta quinta-feira (11), a Primeira Turma do Supremo Tribunal Federal (STF) condenou o ex-presidente Jair Messias Bolsonaro e outros sete r\u00e9us por tentativa de golpe de Estado e outros crimes, por quatro votos a um. O ministro Luiz Fux foi o \u00fanico a votar pela absolvi\u00e7\u00e3o de Bolsonaro e da grande maioria dos r\u00e9us, enquanto [&hellip;]\" \/>\n<meta property=\"og:url\" content=\"https:\/\/tribunademinas.audiencelabs.com.br\/bolsonaro-ja-tem-lugar-confirmado-para-cumprir-prisao\/\" \/>\n<meta property=\"og:site_name\" content=\"Tribuna de Minas - Dinheiro e Cidadania\" \/>\n<meta property=\"article:publisher\" content=\"https:\/\/www.facebook.com\/tribunademinas\/\" \/>\n<meta property=\"article:published_time\" content=\"2025-09-15T21:00:00+00:00\" \/>\n<meta property=\"og:image\" content=\"https:\/\/tribunademinas.audiencelabs.com.br\/wp-content\/uploads\/2025\/09\/bolsonaro-lugar-confirmado-cumprir-prisao.webp\" \/>\n\t<meta property=\"og:image:width\" content=\"1280\" \/>\n\t<meta property=\"og:image:height\" content=\"720\" \/>\n\t<meta property=\"og:image:type\" content=\"image\/webp\" \/>\n<meta name=\"author\" content=\"Jo\u00e3o Carlos Gomes\" \/>\n<meta name=\"twitter:card\" content=\"summary_large_image\" \/>\n<meta name=\"twitter:creator\" content=\"@tribunademinas\" \/>\n<meta name=\"twitter:site\" content=\"@tribunademinas\" \/>\n<meta name=\"twitter:label1\" content=\"Escrito por\" \/>\n\t<meta name=\"twitter:data1\" content=\"Jo\u00e3o Carlos Gomes\" \/>\n\t<meta name=\"twitter:label2\" content=\"Est. tempo de leitura\" \/>\n\t<meta name=\"twitter:data2\" content=\"3 minutos\" \/>\n<!-- \/ Yoast SEO plugin. -->","yoast_head_json":{"title":"Bolsonaro j\u00e1 tem lugar confirmado para cumprir pris\u00e3o?","robots":{"index":"index","follow":"follow","max-snippet":"max-snippet:-1","max-image-preview":"max-image-preview:large","max-video-preview":"max-video-preview:-1"},"canonical":"https:\/\/tribunademinas.audiencelabs.com.br\/bolsonaro-ja-tem-lugar-confirmado-para-cumprir-prisao\/","og_locale":"pt_BR","og_type":"article","og_title":"Bolsonaro j\u00e1 tem lugar confirmado para cumprir pris\u00e3o?","og_description":"Nesta quinta-feira (11), a Primeira Turma do Supremo Tribunal Federal (STF) condenou o ex-presidente Jair Messias Bolsonaro e outros sete r\u00e9us por tentativa de golpe de Estado e outros crimes, por quatro votos a um. O ministro Luiz Fux foi o \u00fanico a votar pela absolvi\u00e7\u00e3o de Bolsonaro e da grande maioria dos r\u00e9us, enquanto [&hellip;]","og_url":"https:\/\/tribunademinas.audiencelabs.com.br\/bolsonaro-ja-tem-lugar-confirmado-para-cumprir-prisao\/","og_site_name":"Tribuna de Minas - Dinheiro e Cidadania","article_publisher":"https:\/\/www.facebook.com\/tribunademinas\/","article_published_time":"2025-09-15T21:00:00+00:00","og_image":[{"width":1280,"height":720,"url":"https:\/\/tribunademinas.audiencelabs.com.br\/wp-content\/uploads\/2025\/09\/bolsonaro-lugar-confirmado-cumprir-prisao.webp","type":"image\/webp"}],"author":"Jo\u00e3o Carlos Gomes","twitter_card":"summary_large_image","twitter_creator":"@tribunademinas","twitter_site":"@tribunademinas","twitter_misc":{"Escrito por":"Jo\u00e3o Carlos Gomes","Est. tempo de leitura":"3 minutos"},"schema":{"@context":"https:\/\/schema.org","@graph":[{"@type":"Article","@id":"https:\/\/tribunademinas.audiencelabs.com.br\/bolsonaro-ja-tem-lugar-confirmado-para-cumprir-prisao\/#article","isPartOf":{"@id":"https:\/\/tribunademinas.audiencelabs.com.br\/bolsonaro-ja-tem-lugar-confirmado-para-cumprir-prisao\/"},"author":{"name":"Jo\u00e3o Carlos Gomes","@id":"https:\/\/tribunademinas.audiencelabs.com.br\/#\/schema\/person\/37af466a64a722fadb8ef6841c52114f"},"headline":"Bolsonaro j\u00e1 tem lugar confirmado para cumprir pris\u00e3o?","datePublished":"2025-09-15T21:00:00+00:00","mainEntityOfPage":{"@id":"https:\/\/tribunademinas.audiencelabs.com.br\/bolsonaro-ja-tem-lugar-confirmado-para-cumprir-prisao\/"},"wordCount":390,"commentCount":0,"publisher":{"@id":"https:\/\/tribunademinas.audiencelabs.com.br\/#organization"},"image":{"@id":"https:\/\/tribunademinas.audiencelabs.com.br\/bolsonaro-ja-tem-lugar-confirmado-para-cumprir-prisao\/#primaryimage"},"thumbnailUrl":"https:\/\/tribunademinas.audiencelabs.com.br\/wp-content\/uploads\/2025\/09\/bolsonaro-lugar-confirmado-cumprir-prisao.webp","articleSection":["Cidadania"],"inLanguage":"pt-BR","potentialAction":[{"@type":"CommentAction","name":"Comment","target":["https:\/\/tribunademinas.audiencelabs.com.br\/bolsonaro-ja-tem-lugar-confirmado-para-cumprir-prisao\/#respond"]}]},{"@type":"WebPage","@id":"https:\/\/tribunademinas.audiencelabs.com.br\/bolsonaro-ja-tem-lugar-confirmado-para-cumprir-prisao\/","url":"https:\/\/tribunademinas.audiencelabs.com.br\/bolsonaro-ja-tem-lugar-confirmado-para-cumprir-prisao\/","name":"Bolsonaro j\u00e1 tem lugar confirmado para cumprir pris\u00e3o?","isPartOf":{"@id":"https:\/\/tribunademinas.audiencelabs.com.br\/#website"},"primaryImageOfPage":{"@id":"https:\/\/tribunademinas.audiencelabs.com.br\/bolsonaro-ja-tem-lugar-confirmado-para-cumprir-prisao\/#primaryimage"},"image":{"@id":"https:\/\/tribunademinas.audiencelabs.com.br\/bolsonaro-ja-tem-lugar-confirmado-para-cumprir-prisao\/#primaryimage"},"thumbnailUrl":"https:\/\/tribunademinas.audiencelabs.com.br\/wp-content\/uploads\/2025\/09\/bolsonaro-lugar-confirmado-cumprir-prisao.webp","datePublished":"2025-09-15T21:00:00+00:00","breadcrumb":{"@id":"https:\/\/tribunademinas.audiencelabs.com.br\/bolsonaro-ja-tem-lugar-confirmado-para-cumprir-prisao\/#breadcrumb"},"inLanguage":"pt-BR","potentialAction":[{"@type":"ReadAction","target":["https:\/\/tribunademinas.audiencelabs.com.br\/bolsonaro-ja-tem-lugar-confirmado-para-cumprir-prisao\/"]}]},{"@type":"ImageObject","inLanguage":"pt-BR","@id":"https:\/\/tribunademinas.audiencelabs.com.br\/bolsonaro-ja-tem-lugar-confirmado-para-cumprir-prisao\/#primaryimage","url":"https:\/\/tribunademinas.audiencelabs.com.br\/wp-content\/uploads\/2025\/09\/bolsonaro-lugar-confirmado-cumprir-prisao.webp","contentUrl":"https:\/\/tribunademinas.audiencelabs.com.br\/wp-content\/uploads\/2025\/09\/bolsonaro-lugar-confirmado-cumprir-prisao.webp","width":1280,"height":720,"caption":"Foto: Marcelo Camargo\/Ag\u00eancia Brasil"},{"@type":"BreadcrumbList","@id":"https:\/\/tribunademinas.audiencelabs.com.br\/bolsonaro-ja-tem-lugar-confirmado-para-cumprir-prisao\/#breadcrumb","itemListElement":[{"@type":"ListItem","position":1,"name":"In\u00edcio","item":"https:\/\/tribunademinas.audiencelabs.com.br\/"},{"@type":"ListItem","position":2,"name":"Bolsonaro j\u00e1 tem lugar confirmado para cumprir pris\u00e3o?"}]},{"@type":"WebSite","@id":"https:\/\/tribunademinas.audiencelabs.com.br\/#website","url":"https:\/\/tribunademinas.audiencelabs.com.br\/","name":"Tribuna de Minas - Dinheiro e Cidadania","description":"","publisher":{"@id":"https:\/\/tribunademinas.audiencelabs.com.br\/#organization"},"potentialAction":[{"@type":"SearchAction","target":{"@type":"EntryPoint","urlTemplate":"https:\/\/tribunademinas.audiencelabs.com.br\/?s={search_term_string}"},"query-input":{"@type":"PropertyValueSpecification","valueRequired":true,"valueName":"search_term_string"}}],"inLanguage":"pt-BR"},{"@type":"Organization","@id":"https:\/\/tribunademinas.audiencelabs.com.br\/#organization","name":"Tribuna de Minas - Dinheiro e Cidadania","url":"https:\/\/tribunademinas.audiencelabs.com.br\/","logo":{"@type":"ImageObject","inLanguage":"pt-BR","@id":"https:\/\/tribunademinas.audiencelabs.com.br\/#\/schema\/logo\/image\/","url":"https:\/\/tribunademinas.audiencelabs.com.br\/wp-content\/uploads\/2025\/08\/cropped-Tribuna_512x512-96x96-1.png","contentUrl":"https:\/\/tribunademinas.audiencelabs.com.br\/wp-content\/uploads\/2025\/08\/cropped-Tribuna_512x512-96x96-1.png","width":96,"height":96,"caption":"Tribuna de Minas - Dinheiro e Cidadania"},"image":{"@id":"https:\/\/tribunademinas.audiencelabs.com.br\/#\/schema\/logo\/image\/"},"sameAs":["https:\/\/www.facebook.com\/tribunademinas\/","https:\/\/x.com\/tribunademinas","https:\/\/www.instagram.com\/tribunademinas\/","https:\/\/www.youtube.com\/user\/TribunadeMinasJF"]},{"@type":"Person","@id":"https:\/\/tribunademinas.audiencelabs.com.br\/#\/schema\/person\/37af466a64a722fadb8ef6841c52114f","name":"Jo\u00e3o Carlos Gomes","image":{"@type":"ImageObject","inLanguage":"pt-BR","@id":"https:\/\/tribunademinas.audiencelabs.com.br\/#\/schema\/person\/image\/","url":"https:\/\/secure.gravatar.com\/avatar\/4ce4672dbdd694b329cd6fdb51bee7d1409be1f0ff76a537e4c4a737b2c7d1a9?s=96&d=mm&r=g","contentUrl":"https:\/\/secure.gravatar.com\/avatar\/4ce4672dbdd694b329cd6fdb51bee7d1409be1f0ff76a537e4c4a737b2c7d1a9?s=96&d=mm&r=g","caption":"Jo\u00e3o Carlos Gomes"},"description":"Jornalista formado pelo Centro Universit\u00e1rio Carioca, apreciador da Bossa Nova ao Metal Extremo, criador de conte\u00fado e m\u00fasico independente nas horas vagas.","url":"https:\/\/tribunademinas.audiencelabs.com.br\/author\/joaoc-junior\/"}]}},"amp_enabled":true,"_links":{"self":[{"href":"https:\/\/tribunademinas.audiencelabs.com.br\/wp-json\/wp\/v2\/posts\/1341","targetHints":{"allow":["GET"]}}],"collection":[{"href":"https:\/\/tribunademinas.audiencelabs.com.br\/wp-json\/wp\/v2\/posts"}],"about":[{"href":"https:\/\/tribunademinas.audiencelabs.com.br\/wp-json\/wp\/v2\/types\/post"}],"author":[{"embeddable":true,"href":"https:\/\/tribunademinas.audiencelabs.com.br\/wp-json\/wp\/v2\/users\/3"}],"replies":[{"embeddable":true,"href":"https:\/\/tribunademinas.audiencelabs.com.br\/wp-json\/wp\/v2\/comments?post=1341"}],"version-history":[{"count":1,"href":"https:\/\/tribunademinas.audiencelabs.com.br\/wp-json\/wp\/v2\/posts\/1341\/revisions"}],"predecessor-version":[{"id":1345,"href":"https:\/\/tribunademinas.audiencelabs.com.br\/wp-json\/wp\/v2\/posts\/1341\/revisions\/1345"}],"wp:featuredmedia":[{"embeddable":true,"href":"https:\/\/tribunademinas.audiencelabs.com.br\/wp-json\/wp\/v2\/media\/1342"}],"wp:attachment":[{"href":"https:\/\/tribunademinas.audiencelabs.com.br\/wp-json\/wp\/v2\/media?parent=1341"}],"wp:term":[{"taxonomy":"category","embeddable":true,"href":"https:\/\/tribunademinas.audiencelabs.com.br\/wp-json\/wp\/v2\/categories?post=1341"},{"taxonomy":"post_tag","embeddable":true,"href":"https:\/\/tribunademinas.audiencelabs.com.br\/wp-json\/wp\/v2\/tags?post=1341"}],"curies":[{"name":"wp","href":"https:\/\/api.w.org\/{rel}","templated":true}]}}