{"id":1332,"date":"2025-09-15T12:00:00","date_gmt":"2025-09-15T15:00:00","guid":{"rendered":"https:\/\/tribunademinas.audiencelabs.com.br\/?p=1332"},"modified":"2025-09-12T14:08:08","modified_gmt":"2025-09-12T17:08:08","slug":"maior-jornal-do-brasil-confirma-melhor-noticia-do-ano-para-aposentados","status":"publish","type":"post","link":"https:\/\/tribunademinas.audiencelabs.com.br\/maior-jornal-do-brasil-confirma-melhor-noticia-do-ano-para-aposentados\/","title":{"rendered":"Maior jornal do Brasil confirma melhor not\u00edcia do ano para aposentados"},"content":{"rendered":"\n<p>Visando evitar fraudes nas solicita\u00e7\u00f5es, o Instituto Nacional do Seguro Social (INSS) passou a exigir reconhecimento facial, com base nas informa\u00e7\u00f5es biom\u00e9tricas armazenadas pelo Tribunal Superior Eleitoral (TSE), para<strong> libera\u00e7\u00e3o de cr\u00e9dito consignado para aposentados<\/strong>.<\/p>\n\n\n\n<p>E apesar da obrigatoriedade da biometria, muitos idosos ainda n\u00e3o conseguiram se cadastrar, dificultando a solicita\u00e7\u00e3o do cr\u00e9dito. No entanto, uma not\u00edcia divulgada recentemente pelo <em>Jornal da Globo<\/em> trouxe tranquilidade aos segurados.<\/p>\n\n\n\n<p>Atendendo a uma solicita\u00e7\u00e3o da Dataprev, respons\u00e1vel pelo processamento dos dados da Previd\u00eancia Social, o INSS autorizou a libera\u00e7\u00e3o do cr\u00e9dito consignado utilizando a credencial de autentica\u00e7\u00e3o banc\u00e1ria (senha do banco) como alternativa ao reconhecimento facial.<\/p>\n\n\n\n<p>Desta forma, estima-se que pelo menos 70 mil benefici\u00e1rios poder\u00e3o realizar a solicita\u00e7\u00e3o normalmente, mesmo ainda n\u00e3o tendo cadastrado a biometria facial. E para isso, basta utilizar o passo a passo abaixo:<\/p>\n\n\n\n<ul class=\"wp-block-list\">\n<li>Acessar o portal Gov.br e localizar o servi\u00e7o de cr\u00e9dito consignado;<\/li>\n\n\n\n<li>Realizar o desbloqueio do benef\u00edcio na op\u00e7\u00e3o espec\u00edfica, usando a credencial banc\u00e1ria como autentica\u00e7\u00e3o;<\/li>\n\n\n\n<li>Com o benef\u00edcio desbloqueado, o segurado pode ent\u00e3o solicitar o empr\u00e9stimo normalmente nas institui\u00e7\u00f5es financeiras disponibilizadas.<\/li>\n<\/ul>\n\n\n\n<h2 class=\"wp-block-heading\">Biometria ainda \u00e9 obrigat\u00f3ria para aposentados<\/h2>\n\n\n\n<p>Apesar da recente libera\u00e7\u00e3o para cr\u00e9dito consignado, o INSS segue exigindo o cadastro da biometria para assegurar o acesso a benef\u00edcios como aposentadorias, pens\u00f5es e o Benef\u00edcio de Presta\u00e7\u00e3o Continuada (BPC).<\/p>\n\n\n\n<p>Contudo, aposentados e pensionistas ainda n\u00e3o precisam ter pressa para realizar o cadastro. Inicialmente, <strong>ser\u00e3o encaminhadas convoca\u00e7\u00f5es<\/strong> conforme a necessidade do procedimento.<\/p>\n\n\n\n<p>Entretanto, os segurados podem optar por realizar o cadastro da biometria de forma antecipada. Para isso, basta comparecer a um cart\u00f3rio eleitoral, ao Departamento de Tr\u00e2nsito (DETRAN) ou ao \u00f3rg\u00e3o respons\u00e1vel pela emiss\u00e3o de identidades.<\/p>\n\n\n\n<p>\u00c9 importante lembrar que aposentados e pensionistas que j\u00e1 solicitaram a nova Carteira de Identidade Nacional (CIN), renovaram a Carteira Nacional de Habilita\u00e7\u00e3o (CNH) recentemente ou j\u00e1 cadastraram a biometria no t\u00edtulo de eleitor j\u00e1 cumprem o requisito.\u00a0<\/p>\n","protected":false},"excerpt":{"rendered":"<p>Visando evitar fraudes nas solicita\u00e7\u00f5es, o Instituto Nacional do Seguro Social (INSS) passou a exigir reconhecimento facial, com base nas informa\u00e7\u00f5es biom\u00e9tricas armazenadas pelo Tribunal Superior Eleitoral (TSE), para libera\u00e7\u00e3o de cr\u00e9dito consignado para aposentados. E apesar da obrigatoriedade da biometria, muitos idosos ainda n\u00e3o conseguiram se cadastrar, dificultando a solicita\u00e7\u00e3o do cr\u00e9dito. No entanto, [&hellip;]<\/p>\n","protected":false},"author":3,"featured_media":1333,"comment_status":"open","ping_status":"open","sticky":false,"template":"","format":"standard","meta":{"jnews-multi-image_gallery":[],"jnews_single_post":{"format":"standard"},"jnews_primary_category":[],"jnews_social_meta":[],"jnews_post_split":[],"footnotes":""},"categories":[1],"tags":[],"class_list":["post-1332","post","type-post","status-publish","format-standard","has-post-thumbnail","hentry","category-dinheiro"],"yoast_head":"<!-- This site is optimized with the Yoast SEO plugin v25.6 - https:\/\/yoast.com\/wordpress\/plugins\/seo\/ -->\n<title>Maior jornal do Brasil confirma melhor not\u00edcia do ano para aposentados<\/title>\n<meta name=\"robots\" content=\"index, follow, max-snippet:-1, max-image-preview:large, max-video-preview:-1\" \/>\n<link rel=\"canonical\" href=\"https:\/\/tribunademinas.audiencelabs.com.br\/maior-jornal-do-brasil-confirma-melhor-noticia-do-ano-para-aposentados\/\" \/>\n<meta property=\"og:locale\" content=\"pt_BR\" \/>\n<meta property=\"og:type\" content=\"article\" \/>\n<meta property=\"og:title\" content=\"Maior jornal do Brasil confirma melhor not\u00edcia do ano para aposentados\" \/>\n<meta property=\"og:description\" content=\"Visando evitar fraudes nas solicita\u00e7\u00f5es, o Instituto Nacional do Seguro Social (INSS) passou a exigir reconhecimento facial, com base nas informa\u00e7\u00f5es biom\u00e9tricas armazenadas pelo Tribunal Superior Eleitoral (TSE), para libera\u00e7\u00e3o de cr\u00e9dito consignado para aposentados. E apesar da obrigatoriedade da biometria, muitos idosos ainda n\u00e3o conseguiram se cadastrar, dificultando a solicita\u00e7\u00e3o do cr\u00e9dito. No entanto, [&hellip;]\" \/>\n<meta property=\"og:url\" content=\"https:\/\/tribunademinas.audiencelabs.com.br\/maior-jornal-do-brasil-confirma-melhor-noticia-do-ano-para-aposentados\/\" \/>\n<meta property=\"og:site_name\" content=\"Tribuna de Minas - Dinheiro e Cidadania\" \/>\n<meta property=\"article:publisher\" content=\"https:\/\/www.facebook.com\/tribunademinas\/\" \/>\n<meta property=\"article:published_time\" content=\"2025-09-15T15:00:00+00:00\" \/>\n<meta property=\"og:image\" content=\"https:\/\/tribunademinas.audiencelabs.com.br\/wp-content\/uploads\/2025\/09\/maior-jornal-brasil-confirma-noticia-do-ano-aposentados.jpg\" \/>\n\t<meta property=\"og:image:width\" content=\"2000\" \/>\n\t<meta property=\"og:image:height\" content=\"1125\" \/>\n\t<meta property=\"og:image:type\" content=\"image\/jpeg\" \/>\n<meta name=\"author\" content=\"Jo\u00e3o Carlos Gomes\" \/>\n<meta name=\"twitter:card\" content=\"summary_large_image\" \/>\n<meta name=\"twitter:creator\" content=\"@tribunademinas\" \/>\n<meta name=\"twitter:site\" content=\"@tribunademinas\" \/>\n<meta name=\"twitter:label1\" content=\"Escrito por\" \/>\n\t<meta name=\"twitter:data1\" content=\"Jo\u00e3o Carlos Gomes\" \/>\n\t<meta name=\"twitter:label2\" content=\"Est. tempo de leitura\" \/>\n\t<meta name=\"twitter:data2\" content=\"2 minutos\" \/>\n<!-- \/ Yoast SEO plugin. -->","yoast_head_json":{"title":"Maior jornal do Brasil confirma melhor not\u00edcia do ano para aposentados","robots":{"index":"index","follow":"follow","max-snippet":"max-snippet:-1","max-image-preview":"max-image-preview:large","max-video-preview":"max-video-preview:-1"},"canonical":"https:\/\/tribunademinas.audiencelabs.com.br\/maior-jornal-do-brasil-confirma-melhor-noticia-do-ano-para-aposentados\/","og_locale":"pt_BR","og_type":"article","og_title":"Maior jornal do Brasil confirma melhor not\u00edcia do ano para aposentados","og_description":"Visando evitar fraudes nas solicita\u00e7\u00f5es, o Instituto Nacional do Seguro Social (INSS) passou a exigir reconhecimento facial, com base nas informa\u00e7\u00f5es biom\u00e9tricas armazenadas pelo Tribunal Superior Eleitoral (TSE), para libera\u00e7\u00e3o de cr\u00e9dito consignado para aposentados. E apesar da obrigatoriedade da biometria, muitos idosos ainda n\u00e3o conseguiram se cadastrar, dificultando a solicita\u00e7\u00e3o do cr\u00e9dito. No entanto, [&hellip;]","og_url":"https:\/\/tribunademinas.audiencelabs.com.br\/maior-jornal-do-brasil-confirma-melhor-noticia-do-ano-para-aposentados\/","og_site_name":"Tribuna de Minas - Dinheiro e Cidadania","article_publisher":"https:\/\/www.facebook.com\/tribunademinas\/","article_published_time":"2025-09-15T15:00:00+00:00","og_image":[{"width":2000,"height":1125,"url":"https:\/\/tribunademinas.audiencelabs.com.br\/wp-content\/uploads\/2025\/09\/maior-jornal-brasil-confirma-noticia-do-ano-aposentados.jpg","type":"image\/jpeg"}],"author":"Jo\u00e3o Carlos Gomes","twitter_card":"summary_large_image","twitter_creator":"@tribunademinas","twitter_site":"@tribunademinas","twitter_misc":{"Escrito por":"Jo\u00e3o Carlos Gomes","Est. tempo de leitura":"2 minutos"},"schema":{"@context":"https:\/\/schema.org","@graph":[{"@type":"Article","@id":"https:\/\/tribunademinas.audiencelabs.com.br\/maior-jornal-do-brasil-confirma-melhor-noticia-do-ano-para-aposentados\/#article","isPartOf":{"@id":"https:\/\/tribunademinas.audiencelabs.com.br\/maior-jornal-do-brasil-confirma-melhor-noticia-do-ano-para-aposentados\/"},"author":{"name":"Jo\u00e3o Carlos Gomes","@id":"https:\/\/tribunademinas.audiencelabs.com.br\/#\/schema\/person\/37af466a64a722fadb8ef6841c52114f"},"headline":"Maior jornal do Brasil confirma melhor not\u00edcia do ano para aposentados","datePublished":"2025-09-15T15:00:00+00:00","mainEntityOfPage":{"@id":"https:\/\/tribunademinas.audiencelabs.com.br\/maior-jornal-do-brasil-confirma-melhor-noticia-do-ano-para-aposentados\/"},"wordCount":366,"commentCount":0,"publisher":{"@id":"https:\/\/tribunademinas.audiencelabs.com.br\/#organization"},"image":{"@id":"https:\/\/tribunademinas.audiencelabs.com.br\/maior-jornal-do-brasil-confirma-melhor-noticia-do-ano-para-aposentados\/#primaryimage"},"thumbnailUrl":"https:\/\/tribunademinas.audiencelabs.com.br\/wp-content\/uploads\/2025\/09\/maior-jornal-brasil-confirma-noticia-do-ano-aposentados.jpg","articleSection":["Dinheiro"],"inLanguage":"pt-BR","potentialAction":[{"@type":"CommentAction","name":"Comment","target":["https:\/\/tribunademinas.audiencelabs.com.br\/maior-jornal-do-brasil-confirma-melhor-noticia-do-ano-para-aposentados\/#respond"]}]},{"@type":"WebPage","@id":"https:\/\/tribunademinas.audiencelabs.com.br\/maior-jornal-do-brasil-confirma-melhor-noticia-do-ano-para-aposentados\/","url":"https:\/\/tribunademinas.audiencelabs.com.br\/maior-jornal-do-brasil-confirma-melhor-noticia-do-ano-para-aposentados\/","name":"Maior jornal do Brasil confirma melhor not\u00edcia do ano para aposentados","isPartOf":{"@id":"https:\/\/tribunademinas.audiencelabs.com.br\/#website"},"primaryImageOfPage":{"@id":"https:\/\/tribunademinas.audiencelabs.com.br\/maior-jornal-do-brasil-confirma-melhor-noticia-do-ano-para-aposentados\/#primaryimage"},"image":{"@id":"https:\/\/tribunademinas.audiencelabs.com.br\/maior-jornal-do-brasil-confirma-melhor-noticia-do-ano-para-aposentados\/#primaryimage"},"thumbnailUrl":"https:\/\/tribunademinas.audiencelabs.com.br\/wp-content\/uploads\/2025\/09\/maior-jornal-brasil-confirma-noticia-do-ano-aposentados.jpg","datePublished":"2025-09-15T15:00:00+00:00","breadcrumb":{"@id":"https:\/\/tribunademinas.audiencelabs.com.br\/maior-jornal-do-brasil-confirma-melhor-noticia-do-ano-para-aposentados\/#breadcrumb"},"inLanguage":"pt-BR","potentialAction":[{"@type":"ReadAction","target":["https:\/\/tribunademinas.audiencelabs.com.br\/maior-jornal-do-brasil-confirma-melhor-noticia-do-ano-para-aposentados\/"]}]},{"@type":"ImageObject","inLanguage":"pt-BR","@id":"https:\/\/tribunademinas.audiencelabs.com.br\/maior-jornal-do-brasil-confirma-melhor-noticia-do-ano-para-aposentados\/#primaryimage","url":"https:\/\/tribunademinas.audiencelabs.com.br\/wp-content\/uploads\/2025\/09\/maior-jornal-brasil-confirma-noticia-do-ano-aposentados.jpg","contentUrl":"https:\/\/tribunademinas.audiencelabs.com.br\/wp-content\/uploads\/2025\/09\/maior-jornal-brasil-confirma-noticia-do-ano-aposentados.jpg","width":2000,"height":1125,"caption":"Foto: Freepik"},{"@type":"BreadcrumbList","@id":"https:\/\/tribunademinas.audiencelabs.com.br\/maior-jornal-do-brasil-confirma-melhor-noticia-do-ano-para-aposentados\/#breadcrumb","itemListElement":[{"@type":"ListItem","position":1,"name":"In\u00edcio","item":"https:\/\/tribunademinas.audiencelabs.com.br\/"},{"@type":"ListItem","position":2,"name":"Maior jornal do Brasil confirma melhor not\u00edcia do ano para aposentados"}]},{"@type":"WebSite","@id":"https:\/\/tribunademinas.audiencelabs.com.br\/#website","url":"https:\/\/tribunademinas.audiencelabs.com.br\/","name":"Tribuna de Minas - Dinheiro e Cidadania","description":"","publisher":{"@id":"https:\/\/tribunademinas.audiencelabs.com.br\/#organization"},"potentialAction":[{"@type":"SearchAction","target":{"@type":"EntryPoint","urlTemplate":"https:\/\/tribunademinas.audiencelabs.com.br\/?s={search_term_string}"},"query-input":{"@type":"PropertyValueSpecification","valueRequired":true,"valueName":"search_term_string"}}],"inLanguage":"pt-BR"},{"@type":"Organization","@id":"https:\/\/tribunademinas.audiencelabs.com.br\/#organization","name":"Tribuna de Minas - Dinheiro e Cidadania","url":"https:\/\/tribunademinas.audiencelabs.com.br\/","logo":{"@type":"ImageObject","inLanguage":"pt-BR","@id":"https:\/\/tribunademinas.audiencelabs.com.br\/#\/schema\/logo\/image\/","url":"https:\/\/tribunademinas.audiencelabs.com.br\/wp-content\/uploads\/2025\/08\/cropped-Tribuna_512x512-96x96-1.png","contentUrl":"https:\/\/tribunademinas.audiencelabs.com.br\/wp-content\/uploads\/2025\/08\/cropped-Tribuna_512x512-96x96-1.png","width":96,"height":96,"caption":"Tribuna de Minas - Dinheiro e Cidadania"},"image":{"@id":"https:\/\/tribunademinas.audiencelabs.com.br\/#\/schema\/logo\/image\/"},"sameAs":["https:\/\/www.facebook.com\/tribunademinas\/","https:\/\/x.com\/tribunademinas","https:\/\/www.instagram.com\/tribunademinas\/","https:\/\/www.youtube.com\/user\/TribunadeMinasJF"]},{"@type":"Person","@id":"https:\/\/tribunademinas.audiencelabs.com.br\/#\/schema\/person\/37af466a64a722fadb8ef6841c52114f","name":"Jo\u00e3o Carlos Gomes","image":{"@type":"ImageObject","inLanguage":"pt-BR","@id":"https:\/\/tribunademinas.audiencelabs.com.br\/#\/schema\/person\/image\/","url":"https:\/\/secure.gravatar.com\/avatar\/4ce4672dbdd694b329cd6fdb51bee7d1409be1f0ff76a537e4c4a737b2c7d1a9?s=96&d=mm&r=g","contentUrl":"https:\/\/secure.gravatar.com\/avatar\/4ce4672dbdd694b329cd6fdb51bee7d1409be1f0ff76a537e4c4a737b2c7d1a9?s=96&d=mm&r=g","caption":"Jo\u00e3o Carlos Gomes"},"description":"Jornalista formado pelo Centro Universit\u00e1rio Carioca, apreciador da Bossa Nova ao Metal Extremo, criador de conte\u00fado e m\u00fasico independente nas horas vagas.","url":"https:\/\/tribunademinas.audiencelabs.com.br\/author\/joaoc-junior\/"}]}},"amp_enabled":true,"_links":{"self":[{"href":"https:\/\/tribunademinas.audiencelabs.com.br\/wp-json\/wp\/v2\/posts\/1332","targetHints":{"allow":["GET"]}}],"collection":[{"href":"https:\/\/tribunademinas.audiencelabs.com.br\/wp-json\/wp\/v2\/posts"}],"about":[{"href":"https:\/\/tribunademinas.audiencelabs.com.br\/wp-json\/wp\/v2\/types\/post"}],"author":[{"embeddable":true,"href":"https:\/\/tribunademinas.audiencelabs.com.br\/wp-json\/wp\/v2\/users\/3"}],"replies":[{"embeddable":true,"href":"https:\/\/tribunademinas.audiencelabs.com.br\/wp-json\/wp\/v2\/comments?post=1332"}],"version-history":[{"count":1,"href":"https:\/\/tribunademinas.audiencelabs.com.br\/wp-json\/wp\/v2\/posts\/1332\/revisions"}],"predecessor-version":[{"id":1334,"href":"https:\/\/tribunademinas.audiencelabs.com.br\/wp-json\/wp\/v2\/posts\/1332\/revisions\/1334"}],"wp:featuredmedia":[{"embeddable":true,"href":"https:\/\/tribunademinas.audiencelabs.com.br\/wp-json\/wp\/v2\/media\/1333"}],"wp:attachment":[{"href":"https:\/\/tribunademinas.audiencelabs.com.br\/wp-json\/wp\/v2\/media?parent=1332"}],"wp:term":[{"taxonomy":"category","embeddable":true,"href":"https:\/\/tribunademinas.audiencelabs.com.br\/wp-json\/wp\/v2\/categories?post=1332"},{"taxonomy":"post_tag","embeddable":true,"href":"https:\/\/tribunademinas.audiencelabs.com.br\/wp-json\/wp\/v2\/tags?post=1332"}],"curies":[{"name":"wp","href":"https:\/\/api.w.org\/{rel}","templated":true}]}}