{"id":1316,"date":"2025-09-14T03:26:00","date_gmt":"2025-09-14T06:26:00","guid":{"rendered":"https:\/\/tribunademinas.audiencelabs.com.br\/?p=1316"},"modified":"2025-09-11T18:00:44","modified_gmt":"2025-09-11T21:00:44","slug":"melhor-noticia-do-ano-sobre-o-salario-minimo-chegou-no-brasil","status":"publish","type":"post","link":"https:\/\/tribunademinas.audiencelabs.com.br\/melhor-noticia-do-ano-sobre-o-salario-minimo-chegou-no-brasil\/","title":{"rendered":"Melhor not\u00edcia do ano sobre o sal\u00e1rio m\u00ednimo chegou no Brasil"},"content":{"rendered":"\n<p>Os trabalhadores brasileiros come\u00e7aram 2025 com uma das melhores not\u00edcias do ano: o sal\u00e1rio m\u00ednimo teve um reajuste que representa al\u00edvio no bolso, especialmente para os mais pobres, aposentados e pensionistas do INSS. <\/p>\n\n\n\n<p>Em janeiro, o governo federal oficializou o novo valor, garantindo um aumento em rela\u00e7\u00e3o ao piso anterior, de 2024. E mais: o Projeto de Lei Or\u00e7ament\u00e1ria Anual (<a href=\"https:\/\/www.gov.br\/planejamento\/pt-br\/assuntos\/orcamento\/orcamentos-anuais\/2026\"><strong>PLOA<\/strong><\/a>) para 2026 j\u00e1 prev\u00ea um novo reajuste no pr\u00f3ximo ano, com previs\u00e3o de alta de R$ 113. <\/p>\n\n\n\n<p>No entanto, segundo o Dieese, o valor ideal para cobrir as necessidades reais do trabalhador e sua fam\u00edlia deveria ser muito maior do que o atual e o previsto para 2026.<\/p>\n\n\n\n<h2 class=\"wp-block-heading\">Melhor not\u00edcia do ano sobre o sal\u00e1rio m\u00ednimo chegou no Brasil<\/h2>\n\n\n\n<p>Neste ano, o sal\u00e1rio m\u00ednimo passou de R$ 1.412,00 para R$ 1.518,00, representando um acr\u00e9scimo de R$ 106,00. <\/p>\n\n\n\n<p>O reajuste seguiu a pol\u00edtica de valoriza\u00e7\u00e3o do m\u00ednimo, que considera a infla\u00e7\u00e3o acumulada e o crescimento do Produto Interno Bruto (PIB), garantindo um pequeno ganho real no poder de compra. <\/p>\n\n\n\n<p>Para 2026, o <a href=\"https:\/\/tribunademinas.com.br\/colunas\/dinheiroecidadania\/novo-valor-do-salario-minimo-brasileiros-estao-pulando-de-alegria\/\"><strong>governo projeta um novo piso de R$ 1.631,00,<\/strong><\/a> o que significaria um reajuste de 7,44%. Esse c\u00e1lculo tem como base uma infla\u00e7\u00e3o estimada em 3,6% e crescimento do PIB de 2,44%.<\/p>\n\n\n\n<p>Esse aumento \u00e9 fundamental para milh\u00f5es de brasileiros que dependem diretamente do sal\u00e1rio m\u00ednimo como refer\u00eancia. <\/p>\n\n\n\n<p>N\u00e3o s\u00e3o apenas os trabalhadores formais que s\u00e3o beneficiados: aposentadorias, pens\u00f5es, o Benef\u00edcio de Presta\u00e7\u00e3o Continuada (BPC) e outros aux\u00edlios vinculados ao piso nacional tamb\u00e9m s\u00e3o impactados positivamente. Em tempos de infla\u00e7\u00e3o e perda de poder aquisitivo, cada centavo a mais tem peso.<\/p>\n\n\n\n<h3 class=\"wp-block-heading\">Novo sal\u00e1rio m\u00ednimo para 2026 precisa de aprova\u00e7\u00e3o de deputados e senadores<\/h3>\n\n\n\n<p>Apesar da proposta otimista, o novo valor previsto ainda n\u00e3o \u00e9 definitivo. Para que entre em vigor a partir de janeiro de 2026, deputados e senadores precisam aprovar o Or\u00e7amento sugerido pelo governo at\u00e9 o fim de dezembro. <\/p>\n\n\n\n<p>O debate no Congresso ser\u00e1 crucial para definir se o valor proposto ser\u00e1 mantido, ampliado ou alterado conforme o cen\u00e1rio fiscal.<\/p>\n\n\n\n<p>Mesmo com os avan\u00e7os, o valor do sal\u00e1rio m\u00ednimo ainda est\u00e1 muito distante do que seria necess\u00e1rio para cobrir todas as necessidades b\u00e1sicas de uma fam\u00edlia brasileira. <\/p>\n\n\n\n<p>Segundo estudo do Dieese, o valor ideal em janeiro de 2025 seria de R$ 7.156,15, mais de R$ 5,6 mil acima do piso atual. Esse c\u00e1lculo leva em conta alimenta\u00e7\u00e3o, moradia, sa\u00fade, educa\u00e7\u00e3o e outros direitos essenciais garantidos pela Constitui\u00e7\u00e3o. <\/p>\n\n\n\n<p>A dist\u00e2ncia entre o m\u00ednimo real e o m\u00ednimo necess\u00e1rio ainda \u00e9 grande, e continua sendo um desafio estrutural no pa\u00eds.<\/p>\n","protected":false},"excerpt":{"rendered":"<p>Os trabalhadores brasileiros come\u00e7aram 2025 com uma das melhores not\u00edcias do ano: o sal\u00e1rio m\u00ednimo teve um reajuste que representa al\u00edvio no bolso, especialmente para os mais pobres, aposentados e pensionistas do INSS. Em janeiro, o governo federal oficializou o novo valor, garantindo um aumento em rela\u00e7\u00e3o ao piso anterior, de 2024. E mais: o [&hellip;]<\/p>\n","protected":false},"author":5,"featured_media":1317,"comment_status":"open","ping_status":"open","sticky":false,"template":"","format":"standard","meta":{"jnews-multi-image_gallery":[],"jnews_single_post":{"format":"standard"},"jnews_primary_category":[],"jnews_social_meta":[],"jnews_post_split":[],"footnotes":""},"categories":[159],"tags":[],"class_list":["post-1316","post","type-post","status-publish","format-standard","has-post-thumbnail","hentry","category-cidadania"],"yoast_head":"<!-- This site is optimized with the Yoast SEO plugin v25.6 - https:\/\/yoast.com\/wordpress\/plugins\/seo\/ -->\n<title>Melhor not\u00edcia do ano sobre o sal\u00e1rio m\u00ednimo chegou no Brasil<\/title>\n<meta name=\"description\" content=\"Os trabalhadores brasileiros come\u00e7aram 2025 com uma \u00f3tima not\u00edcia: o sal\u00e1rio m\u00ednimo subiu. E agora, outra novidade foi apresentada.\" \/>\n<meta name=\"robots\" content=\"index, follow, max-snippet:-1, max-image-preview:large, max-video-preview:-1\" \/>\n<link rel=\"canonical\" href=\"https:\/\/tribunademinas.audiencelabs.com.br\/melhor-noticia-do-ano-sobre-o-salario-minimo-chegou-no-brasil\/\" \/>\n<meta property=\"og:locale\" content=\"pt_BR\" \/>\n<meta property=\"og:type\" content=\"article\" \/>\n<meta property=\"og:title\" content=\"Melhor not\u00edcia do ano sobre o sal\u00e1rio m\u00ednimo chegou no Brasil\" \/>\n<meta property=\"og:description\" content=\"Os trabalhadores brasileiros come\u00e7aram 2025 com uma \u00f3tima not\u00edcia: o sal\u00e1rio m\u00ednimo subiu. E agora, outra novidade foi apresentada.\" \/>\n<meta property=\"og:url\" content=\"https:\/\/tribunademinas.audiencelabs.com.br\/melhor-noticia-do-ano-sobre-o-salario-minimo-chegou-no-brasil\/\" \/>\n<meta property=\"og:site_name\" content=\"Tribuna de Minas - Dinheiro e Cidadania\" \/>\n<meta property=\"article:publisher\" content=\"https:\/\/www.facebook.com\/tribunademinas\/\" \/>\n<meta property=\"article:published_time\" content=\"2025-09-14T06:26:00+00:00\" \/>\n<meta property=\"og:image\" content=\"https:\/\/tribunademinas.audiencelabs.com.br\/wp-content\/uploads\/2025\/09\/salario-minimo-4.webp\" \/>\n\t<meta property=\"og:image:width\" content=\"1170\" \/>\n\t<meta property=\"og:image:height\" content=\"700\" \/>\n\t<meta property=\"og:image:type\" content=\"image\/webp\" \/>\n<meta name=\"author\" content=\"Jeferson Carvalho\" \/>\n<meta name=\"twitter:card\" content=\"summary_large_image\" \/>\n<meta name=\"twitter:creator\" content=\"@tribunademinas\" \/>\n<meta name=\"twitter:site\" content=\"@tribunademinas\" \/>\n<meta name=\"twitter:label1\" content=\"Escrito por\" \/>\n\t<meta name=\"twitter:data1\" content=\"Jeferson Carvalho\" \/>\n\t<meta name=\"twitter:label2\" content=\"Est. tempo de leitura\" \/>\n\t<meta name=\"twitter:data2\" content=\"3 minutos\" \/>\n<!-- \/ Yoast SEO plugin. -->","yoast_head_json":{"title":"Melhor not\u00edcia do ano sobre o sal\u00e1rio m\u00ednimo chegou no Brasil","description":"Os trabalhadores brasileiros come\u00e7aram 2025 com uma \u00f3tima not\u00edcia: o sal\u00e1rio m\u00ednimo subiu. E agora, outra novidade foi apresentada.","robots":{"index":"index","follow":"follow","max-snippet":"max-snippet:-1","max-image-preview":"max-image-preview:large","max-video-preview":"max-video-preview:-1"},"canonical":"https:\/\/tribunademinas.audiencelabs.com.br\/melhor-noticia-do-ano-sobre-o-salario-minimo-chegou-no-brasil\/","og_locale":"pt_BR","og_type":"article","og_title":"Melhor not\u00edcia do ano sobre o sal\u00e1rio m\u00ednimo chegou no Brasil","og_description":"Os trabalhadores brasileiros come\u00e7aram 2025 com uma \u00f3tima not\u00edcia: o sal\u00e1rio m\u00ednimo subiu. E agora, outra novidade foi apresentada.","og_url":"https:\/\/tribunademinas.audiencelabs.com.br\/melhor-noticia-do-ano-sobre-o-salario-minimo-chegou-no-brasil\/","og_site_name":"Tribuna de Minas - Dinheiro e Cidadania","article_publisher":"https:\/\/www.facebook.com\/tribunademinas\/","article_published_time":"2025-09-14T06:26:00+00:00","og_image":[{"width":1170,"height":700,"url":"https:\/\/tribunademinas.audiencelabs.com.br\/wp-content\/uploads\/2025\/09\/salario-minimo-4.webp","type":"image\/webp"}],"author":"Jeferson Carvalho","twitter_card":"summary_large_image","twitter_creator":"@tribunademinas","twitter_site":"@tribunademinas","twitter_misc":{"Escrito por":"Jeferson Carvalho","Est. tempo de leitura":"3 minutos"},"schema":{"@context":"https:\/\/schema.org","@graph":[{"@type":"Article","@id":"https:\/\/tribunademinas.audiencelabs.com.br\/melhor-noticia-do-ano-sobre-o-salario-minimo-chegou-no-brasil\/#article","isPartOf":{"@id":"https:\/\/tribunademinas.audiencelabs.com.br\/melhor-noticia-do-ano-sobre-o-salario-minimo-chegou-no-brasil\/"},"author":{"name":"Jeferson Carvalho","@id":"https:\/\/tribunademinas.audiencelabs.com.br\/#\/schema\/person\/db18fc40307804bacef94213aa68fd9d"},"headline":"Melhor not\u00edcia do ano sobre o sal\u00e1rio m\u00ednimo chegou no Brasil","datePublished":"2025-09-14T06:26:00+00:00","mainEntityOfPage":{"@id":"https:\/\/tribunademinas.audiencelabs.com.br\/melhor-noticia-do-ano-sobre-o-salario-minimo-chegou-no-brasil\/"},"wordCount":473,"commentCount":0,"publisher":{"@id":"https:\/\/tribunademinas.audiencelabs.com.br\/#organization"},"image":{"@id":"https:\/\/tribunademinas.audiencelabs.com.br\/melhor-noticia-do-ano-sobre-o-salario-minimo-chegou-no-brasil\/#primaryimage"},"thumbnailUrl":"https:\/\/tribunademinas.audiencelabs.com.br\/wp-content\/uploads\/2025\/09\/salario-minimo-4.webp","articleSection":["Cidadania"],"inLanguage":"pt-BR","potentialAction":[{"@type":"CommentAction","name":"Comment","target":["https:\/\/tribunademinas.audiencelabs.com.br\/melhor-noticia-do-ano-sobre-o-salario-minimo-chegou-no-brasil\/#respond"]}]},{"@type":"WebPage","@id":"https:\/\/tribunademinas.audiencelabs.com.br\/melhor-noticia-do-ano-sobre-o-salario-minimo-chegou-no-brasil\/","url":"https:\/\/tribunademinas.audiencelabs.com.br\/melhor-noticia-do-ano-sobre-o-salario-minimo-chegou-no-brasil\/","name":"Melhor not\u00edcia do ano sobre o sal\u00e1rio m\u00ednimo chegou no Brasil","isPartOf":{"@id":"https:\/\/tribunademinas.audiencelabs.com.br\/#website"},"primaryImageOfPage":{"@id":"https:\/\/tribunademinas.audiencelabs.com.br\/melhor-noticia-do-ano-sobre-o-salario-minimo-chegou-no-brasil\/#primaryimage"},"image":{"@id":"https:\/\/tribunademinas.audiencelabs.com.br\/melhor-noticia-do-ano-sobre-o-salario-minimo-chegou-no-brasil\/#primaryimage"},"thumbnailUrl":"https:\/\/tribunademinas.audiencelabs.com.br\/wp-content\/uploads\/2025\/09\/salario-minimo-4.webp","datePublished":"2025-09-14T06:26:00+00:00","description":"Os trabalhadores brasileiros come\u00e7aram 2025 com uma \u00f3tima not\u00edcia: o sal\u00e1rio m\u00ednimo subiu. E agora, outra novidade foi apresentada.","breadcrumb":{"@id":"https:\/\/tribunademinas.audiencelabs.com.br\/melhor-noticia-do-ano-sobre-o-salario-minimo-chegou-no-brasil\/#breadcrumb"},"inLanguage":"pt-BR","potentialAction":[{"@type":"ReadAction","target":["https:\/\/tribunademinas.audiencelabs.com.br\/melhor-noticia-do-ano-sobre-o-salario-minimo-chegou-no-brasil\/"]}]},{"@type":"ImageObject","inLanguage":"pt-BR","@id":"https:\/\/tribunademinas.audiencelabs.com.br\/melhor-noticia-do-ano-sobre-o-salario-minimo-chegou-no-brasil\/#primaryimage","url":"https:\/\/tribunademinas.audiencelabs.com.br\/wp-content\/uploads\/2025\/09\/salario-minimo-4.webp","contentUrl":"https:\/\/tribunademinas.audiencelabs.com.br\/wp-content\/uploads\/2025\/09\/salario-minimo-4.webp","width":1170,"height":700,"caption":"Melhor not\u00edcia do ano sobre o sal\u00e1rio m\u00ednimo chegou no Brasil - Imagem: Marcello Casal Jr\/Ag\u00eancia Brasil"},{"@type":"BreadcrumbList","@id":"https:\/\/tribunademinas.audiencelabs.com.br\/melhor-noticia-do-ano-sobre-o-salario-minimo-chegou-no-brasil\/#breadcrumb","itemListElement":[{"@type":"ListItem","position":1,"name":"In\u00edcio","item":"https:\/\/tribunademinas.audiencelabs.com.br\/"},{"@type":"ListItem","position":2,"name":"Melhor not\u00edcia do ano sobre o sal\u00e1rio m\u00ednimo chegou no Brasil"}]},{"@type":"WebSite","@id":"https:\/\/tribunademinas.audiencelabs.com.br\/#website","url":"https:\/\/tribunademinas.audiencelabs.com.br\/","name":"Tribuna de Minas - Dinheiro e Cidadania","description":"","publisher":{"@id":"https:\/\/tribunademinas.audiencelabs.com.br\/#organization"},"potentialAction":[{"@type":"SearchAction","target":{"@type":"EntryPoint","urlTemplate":"https:\/\/tribunademinas.audiencelabs.com.br\/?s={search_term_string}"},"query-input":{"@type":"PropertyValueSpecification","valueRequired":true,"valueName":"search_term_string"}}],"inLanguage":"pt-BR"},{"@type":"Organization","@id":"https:\/\/tribunademinas.audiencelabs.com.br\/#organization","name":"Tribuna de Minas - Dinheiro e Cidadania","url":"https:\/\/tribunademinas.audiencelabs.com.br\/","logo":{"@type":"ImageObject","inLanguage":"pt-BR","@id":"https:\/\/tribunademinas.audiencelabs.com.br\/#\/schema\/logo\/image\/","url":"https:\/\/tribunademinas.audiencelabs.com.br\/wp-content\/uploads\/2025\/08\/cropped-Tribuna_512x512-96x96-1.png","contentUrl":"https:\/\/tribunademinas.audiencelabs.com.br\/wp-content\/uploads\/2025\/08\/cropped-Tribuna_512x512-96x96-1.png","width":96,"height":96,"caption":"Tribuna de Minas - Dinheiro e Cidadania"},"image":{"@id":"https:\/\/tribunademinas.audiencelabs.com.br\/#\/schema\/logo\/image\/"},"sameAs":["https:\/\/www.facebook.com\/tribunademinas\/","https:\/\/x.com\/tribunademinas","https:\/\/www.instagram.com\/tribunademinas\/","https:\/\/www.youtube.com\/user\/TribunadeMinasJF"]},{"@type":"Person","@id":"https:\/\/tribunademinas.audiencelabs.com.br\/#\/schema\/person\/db18fc40307804bacef94213aa68fd9d","name":"Jeferson Carvalho","image":{"@type":"ImageObject","inLanguage":"pt-BR","@id":"https:\/\/tribunademinas.audiencelabs.com.br\/#\/schema\/person\/image\/","url":"https:\/\/secure.gravatar.com\/avatar\/cd7646e328d9670dad7dea8698522e522745eeffcff5b9d08be858e377ce326b?s=96&d=mm&r=g","contentUrl":"https:\/\/secure.gravatar.com\/avatar\/cd7646e328d9670dad7dea8698522e522745eeffcff5b9d08be858e377ce326b?s=96&d=mm&r=g","caption":"Jeferson Carvalho"},"description":"Jornalista apaixonado pela profiss\u00e3o!","url":"https:\/\/tribunademinas.audiencelabs.com.br\/author\/jeferson\/"}]}},"amp_enabled":true,"_links":{"self":[{"href":"https:\/\/tribunademinas.audiencelabs.com.br\/wp-json\/wp\/v2\/posts\/1316","targetHints":{"allow":["GET"]}}],"collection":[{"href":"https:\/\/tribunademinas.audiencelabs.com.br\/wp-json\/wp\/v2\/posts"}],"about":[{"href":"https:\/\/tribunademinas.audiencelabs.com.br\/wp-json\/wp\/v2\/types\/post"}],"author":[{"embeddable":true,"href":"https:\/\/tribunademinas.audiencelabs.com.br\/wp-json\/wp\/v2\/users\/5"}],"replies":[{"embeddable":true,"href":"https:\/\/tribunademinas.audiencelabs.com.br\/wp-json\/wp\/v2\/comments?post=1316"}],"version-history":[{"count":1,"href":"https:\/\/tribunademinas.audiencelabs.com.br\/wp-json\/wp\/v2\/posts\/1316\/revisions"}],"predecessor-version":[{"id":1319,"href":"https:\/\/tribunademinas.audiencelabs.com.br\/wp-json\/wp\/v2\/posts\/1316\/revisions\/1319"}],"wp:featuredmedia":[{"embeddable":true,"href":"https:\/\/tribunademinas.audiencelabs.com.br\/wp-json\/wp\/v2\/media\/1317"}],"wp:attachment":[{"href":"https:\/\/tribunademinas.audiencelabs.com.br\/wp-json\/wp\/v2\/media?parent=1316"}],"wp:term":[{"taxonomy":"category","embeddable":true,"href":"https:\/\/tribunademinas.audiencelabs.com.br\/wp-json\/wp\/v2\/categories?post=1316"},{"taxonomy":"post_tag","embeddable":true,"href":"https:\/\/tribunademinas.audiencelabs.com.br\/wp-json\/wp\/v2\/tags?post=1316"}],"curies":[{"name":"wp","href":"https:\/\/api.w.org\/{rel}","templated":true}]}}