{"id":1307,"date":"2025-09-12T08:45:00","date_gmt":"2025-09-12T11:45:00","guid":{"rendered":"https:\/\/tribunademinas.audiencelabs.com.br\/?p=1307"},"modified":"2025-09-11T17:25:45","modified_gmt":"2025-09-11T20:25:45","slug":"brasileiros-que-usam-bolsa-familia-recebem-uma-noticia-importante","status":"publish","type":"post","link":"https:\/\/tribunademinas.audiencelabs.com.br\/brasileiros-que-usam-bolsa-familia-recebem-uma-noticia-importante\/","title":{"rendered":"Brasileiros que usam Bolsa Fam\u00edlia recebem uma not\u00edcia importante"},"content":{"rendered":"\n<p>Mais de 20 milh\u00f5es de fam\u00edlias brasileiras que dependem do programa Bolsa Fam\u00edlia foram surpreendidas neste m\u00eas de setembro com uma atualiza\u00e7\u00e3o relevante. <\/p>\n\n\n\n<p>A Caixa Econ\u00f4mica Federal, em conjunto com o Minist\u00e9rio do Desenvolvimento e Assist\u00eancia Social (<a href=\"https:\/\/www.gov.br\/mds\/pt-br\"><strong>MDS<\/strong><\/a>), confirmou a libera\u00e7\u00e3o oficial do calend\u00e1rio de pagamentos do benef\u00edcio, detalhando as datas de repasse, os valores a serem pagos e os crit\u00e9rios que definem quem ter\u00e1 acesso aos dep\u00f3sitos.<\/p>\n\n\n\n<h2 class=\"wp-block-heading\">Brasileiros que usam Bolsa Fam\u00edlia recebem uma not\u00edcia importante<\/h2>\n\n\n\n<p>O Bolsa Fam\u00edlia continua a ser uma das principais ferramentas do governo federal no combate \u00e0 pobreza e \u00e0 desigualdade social. <\/p>\n\n\n\n<p>Para ter direito ao<a href=\"https:\/\/tribunademinas.com.br\/colunas\/dinheiroecidadania\/bolsa-familia-de-milhares-de-brasileiros-pode-estar-com-os-dias-contados\/\"><strong> benef\u00edcio,<\/strong><\/a> as fam\u00edlias precisam estar inscritas no Cadastro \u00danico (Cad\u00danico) e comprovar que vivem com uma renda mensal por pessoa de at\u00e9 R$ 218. <\/p>\n\n\n\n<p>Al\u00e9m disso, \u00e9 obrigat\u00f3rio manter os dados cadastrais sempre atualizados e cumprir algumas exig\u00eancias sociais, como a frequ\u00eancia escolar de crian\u00e7as e adolescentes e a vacina\u00e7\u00e3o em dia de todos os dependentes menores de idade.<\/p>\n\n\n\n<p>Os valores pagos pelo programa variam conforme a composi\u00e7\u00e3o familiar. A base \u00e9 um valor fixo de R$ 600 por fam\u00edlia, com adicionais que podem elevar significativamente esse total. <\/p>\n\n\n\n<p>Por exemplo, gestantes e jovens de 7 a 17 anos recebem um acr\u00e9scimo de R$ 50 por pessoa, por meio do Benef\u00edcio Vari\u00e1vel Familiar (BVF). J\u00e1 os beb\u00eas de at\u00e9 sete meses garantem \u00e0s fam\u00edlias o Benef\u00edcio Vari\u00e1vel Nutriz (BVN), que tamb\u00e9m adiciona R$ 50 por crian\u00e7a. <\/p>\n\n\n\n<p>H\u00e1 ainda o Benef\u00edcio Primeira Inf\u00e2ncia (BPV), que paga R$ 150 a mais para cada crian\u00e7a da fam\u00edlia com at\u00e9 seis anos de idade.<\/p>\n\n\n\n<p>Esses valores s\u00e3o acumulativos e visam apoiar de forma mais ampla os n\u00facleos familiares em fases mais sens\u00edveis do desenvolvimento humano. Assim, cada grupo familiar recebe um valor \u00fanico, a depender de suas pr\u00f3prias caracter\u00edsticas.<\/p>\n\n\n\n<h3 class=\"wp-block-heading\">Calend\u00e1rio do Bolsa Fam\u00edlia de setembro<\/h3>\n\n\n\n<p>Para este m\u00eas, os dep\u00f3sitos seguem o calend\u00e1rio escalonado conforme o final do N\u00famero de Identifica\u00e7\u00e3o Social (NIS) de cada benefici\u00e1rio. O cronograma come\u00e7a no dia 17 e se estende at\u00e9 o fim do m\u00eas, garantindo uma distribui\u00e7\u00e3o organizada dos recursos. <\/p>\n\n\n\n<p>Veja abaixo o cronograma completo de setembro:<\/p>\n\n\n\n<figure class=\"wp-block-table is-style-stripes\"><table class=\"has-fixed-layout\"><thead><tr><th>Final do NIS<\/th><th>Data de Pagamento<\/th><\/tr><\/thead><tbody><tr><td>1<\/td><td>17 de setembro<\/td><\/tr><tr><td>2<\/td><td>18 de setembro<\/td><\/tr><tr><td>3<\/td><td>19 de setembro<\/td><\/tr><tr><td>4<\/td><td>22 de setembro<\/td><\/tr><tr><td>5<\/td><td>23 de setembro<\/td><\/tr><tr><td>6<\/td><td>24 de setembro<\/td><\/tr><tr><td>7<\/td><td>25 de setembro<\/td><\/tr><tr><td>8<\/td><td>26 de setembro<\/td><\/tr><tr><td>9<\/td><td>29 de setembro<\/td><\/tr><tr><td>0<\/td><td>30 de setembro<\/td><\/tr><\/tbody><\/table><\/figure>\n\n\n\n<p>As fam\u00edlias devem ficar atentas \u00e0s datas, manter o cadastro em dia e seguir as regras do programa para n\u00e3o correr o risco de ter o benef\u00edcio suspenso.<\/p>\n\n\n\n<p><\/p>\n","protected":false},"excerpt":{"rendered":"<p>Mais de 20 milh\u00f5es de fam\u00edlias brasileiras que dependem do programa Bolsa Fam\u00edlia foram surpreendidas neste m\u00eas de setembro com uma atualiza\u00e7\u00e3o relevante. A Caixa Econ\u00f4mica Federal, em conjunto com o Minist\u00e9rio do Desenvolvimento e Assist\u00eancia Social (MDS), confirmou a libera\u00e7\u00e3o oficial do calend\u00e1rio de pagamentos do benef\u00edcio, detalhando as datas de repasse, os valores [&hellip;]<\/p>\n","protected":false},"author":5,"featured_media":1308,"comment_status":"open","ping_status":"open","sticky":false,"template":"","format":"standard","meta":{"jnews-multi-image_gallery":[],"jnews_single_post":{"format":"standard"},"jnews_primary_category":[],"jnews_social_meta":[],"jnews_post_split":[],"footnotes":""},"categories":[159],"tags":[],"class_list":["post-1307","post","type-post","status-publish","format-standard","has-post-thumbnail","hentry","category-cidadania"],"yoast_head":"<!-- This site is optimized with the Yoast SEO plugin v25.6 - https:\/\/yoast.com\/wordpress\/plugins\/seo\/ -->\n<title>Brasileiros que usam Bolsa Fam\u00edlia recebem uma not\u00edcia importante<\/title>\n<meta name=\"description\" content=\"Mais de 20 milh\u00f5es de fam\u00edlias brasileiras que dependem do programa Bolsa Fam\u00edlia foram surpreendidas neste m\u00eas de setembro.\" \/>\n<meta name=\"robots\" content=\"index, follow, max-snippet:-1, max-image-preview:large, max-video-preview:-1\" \/>\n<link rel=\"canonical\" href=\"https:\/\/tribunademinas.audiencelabs.com.br\/brasileiros-que-usam-bolsa-familia-recebem-uma-noticia-importante\/\" \/>\n<meta property=\"og:locale\" content=\"pt_BR\" \/>\n<meta property=\"og:type\" content=\"article\" \/>\n<meta property=\"og:title\" content=\"Brasileiros que usam Bolsa Fam\u00edlia recebem uma not\u00edcia importante\" \/>\n<meta property=\"og:description\" content=\"Mais de 20 milh\u00f5es de fam\u00edlias brasileiras que dependem do programa Bolsa Fam\u00edlia foram surpreendidas neste m\u00eas de setembro.\" \/>\n<meta property=\"og:url\" content=\"https:\/\/tribunademinas.audiencelabs.com.br\/brasileiros-que-usam-bolsa-familia-recebem-uma-noticia-importante\/\" \/>\n<meta property=\"og:site_name\" content=\"Tribuna de Minas - Dinheiro e Cidadania\" \/>\n<meta property=\"article:publisher\" content=\"https:\/\/www.facebook.com\/tribunademinas\/\" \/>\n<meta property=\"article:published_time\" content=\"2025-09-12T11:45:00+00:00\" \/>\n<meta property=\"og:image\" content=\"https:\/\/tribunademinas.audiencelabs.com.br\/wp-content\/uploads\/2025\/09\/Bolsa-Familia.jpg\" \/>\n\t<meta property=\"og:image:width\" content=\"1170\" \/>\n\t<meta property=\"og:image:height\" content=\"700\" \/>\n\t<meta property=\"og:image:type\" content=\"image\/jpeg\" \/>\n<meta name=\"author\" content=\"Jeferson Carvalho\" \/>\n<meta name=\"twitter:card\" content=\"summary_large_image\" \/>\n<meta name=\"twitter:creator\" content=\"@tribunademinas\" \/>\n<meta name=\"twitter:site\" content=\"@tribunademinas\" \/>\n<meta name=\"twitter:label1\" content=\"Escrito por\" \/>\n\t<meta name=\"twitter:data1\" content=\"Jeferson Carvalho\" \/>\n\t<meta name=\"twitter:label2\" content=\"Est. tempo de leitura\" \/>\n\t<meta name=\"twitter:data2\" content=\"3 minutos\" \/>\n<!-- \/ Yoast SEO plugin. -->","yoast_head_json":{"title":"Brasileiros que usam Bolsa Fam\u00edlia recebem uma not\u00edcia importante","description":"Mais de 20 milh\u00f5es de fam\u00edlias brasileiras que dependem do programa Bolsa Fam\u00edlia foram surpreendidas neste m\u00eas de setembro.","robots":{"index":"index","follow":"follow","max-snippet":"max-snippet:-1","max-image-preview":"max-image-preview:large","max-video-preview":"max-video-preview:-1"},"canonical":"https:\/\/tribunademinas.audiencelabs.com.br\/brasileiros-que-usam-bolsa-familia-recebem-uma-noticia-importante\/","og_locale":"pt_BR","og_type":"article","og_title":"Brasileiros que usam Bolsa Fam\u00edlia recebem uma not\u00edcia importante","og_description":"Mais de 20 milh\u00f5es de fam\u00edlias brasileiras que dependem do programa Bolsa Fam\u00edlia foram surpreendidas neste m\u00eas de setembro.","og_url":"https:\/\/tribunademinas.audiencelabs.com.br\/brasileiros-que-usam-bolsa-familia-recebem-uma-noticia-importante\/","og_site_name":"Tribuna de Minas - Dinheiro e Cidadania","article_publisher":"https:\/\/www.facebook.com\/tribunademinas\/","article_published_time":"2025-09-12T11:45:00+00:00","og_image":[{"width":1170,"height":700,"url":"https:\/\/tribunademinas.audiencelabs.com.br\/wp-content\/uploads\/2025\/09\/Bolsa-Familia.jpg","type":"image\/jpeg"}],"author":"Jeferson Carvalho","twitter_card":"summary_large_image","twitter_creator":"@tribunademinas","twitter_site":"@tribunademinas","twitter_misc":{"Escrito por":"Jeferson Carvalho","Est. tempo de leitura":"3 minutos"},"schema":{"@context":"https:\/\/schema.org","@graph":[{"@type":"Article","@id":"https:\/\/tribunademinas.audiencelabs.com.br\/brasileiros-que-usam-bolsa-familia-recebem-uma-noticia-importante\/#article","isPartOf":{"@id":"https:\/\/tribunademinas.audiencelabs.com.br\/brasileiros-que-usam-bolsa-familia-recebem-uma-noticia-importante\/"},"author":{"name":"Jeferson Carvalho","@id":"https:\/\/tribunademinas.audiencelabs.com.br\/#\/schema\/person\/db18fc40307804bacef94213aa68fd9d"},"headline":"Brasileiros que usam Bolsa Fam\u00edlia recebem uma not\u00edcia importante","datePublished":"2025-09-12T11:45:00+00:00","mainEntityOfPage":{"@id":"https:\/\/tribunademinas.audiencelabs.com.br\/brasileiros-que-usam-bolsa-familia-recebem-uma-noticia-importante\/"},"wordCount":461,"commentCount":0,"publisher":{"@id":"https:\/\/tribunademinas.audiencelabs.com.br\/#organization"},"image":{"@id":"https:\/\/tribunademinas.audiencelabs.com.br\/brasileiros-que-usam-bolsa-familia-recebem-uma-noticia-importante\/#primaryimage"},"thumbnailUrl":"https:\/\/tribunademinas.audiencelabs.com.br\/wp-content\/uploads\/2025\/09\/Bolsa-Familia.jpg","articleSection":["Cidadania"],"inLanguage":"pt-BR","potentialAction":[{"@type":"CommentAction","name":"Comment","target":["https:\/\/tribunademinas.audiencelabs.com.br\/brasileiros-que-usam-bolsa-familia-recebem-uma-noticia-importante\/#respond"]}]},{"@type":"WebPage","@id":"https:\/\/tribunademinas.audiencelabs.com.br\/brasileiros-que-usam-bolsa-familia-recebem-uma-noticia-importante\/","url":"https:\/\/tribunademinas.audiencelabs.com.br\/brasileiros-que-usam-bolsa-familia-recebem-uma-noticia-importante\/","name":"Brasileiros que usam Bolsa Fam\u00edlia recebem uma not\u00edcia importante","isPartOf":{"@id":"https:\/\/tribunademinas.audiencelabs.com.br\/#website"},"primaryImageOfPage":{"@id":"https:\/\/tribunademinas.audiencelabs.com.br\/brasileiros-que-usam-bolsa-familia-recebem-uma-noticia-importante\/#primaryimage"},"image":{"@id":"https:\/\/tribunademinas.audiencelabs.com.br\/brasileiros-que-usam-bolsa-familia-recebem-uma-noticia-importante\/#primaryimage"},"thumbnailUrl":"https:\/\/tribunademinas.audiencelabs.com.br\/wp-content\/uploads\/2025\/09\/Bolsa-Familia.jpg","datePublished":"2025-09-12T11:45:00+00:00","description":"Mais de 20 milh\u00f5es de fam\u00edlias brasileiras que dependem do programa Bolsa Fam\u00edlia foram surpreendidas neste m\u00eas de setembro.","breadcrumb":{"@id":"https:\/\/tribunademinas.audiencelabs.com.br\/brasileiros-que-usam-bolsa-familia-recebem-uma-noticia-importante\/#breadcrumb"},"inLanguage":"pt-BR","potentialAction":[{"@type":"ReadAction","target":["https:\/\/tribunademinas.audiencelabs.com.br\/brasileiros-que-usam-bolsa-familia-recebem-uma-noticia-importante\/"]}]},{"@type":"ImageObject","inLanguage":"pt-BR","@id":"https:\/\/tribunademinas.audiencelabs.com.br\/brasileiros-que-usam-bolsa-familia-recebem-uma-noticia-importante\/#primaryimage","url":"https:\/\/tribunademinas.audiencelabs.com.br\/wp-content\/uploads\/2025\/09\/Bolsa-Familia.jpg","contentUrl":"https:\/\/tribunademinas.audiencelabs.com.br\/wp-content\/uploads\/2025\/09\/Bolsa-Familia.jpg","width":1170,"height":700,"caption":"Brasileiros que usam Bolsa Fam\u00edlia recebem uma not\u00edcia importante - Imagem: Divulga\u00e7\u00e3o\/MDS"},{"@type":"BreadcrumbList","@id":"https:\/\/tribunademinas.audiencelabs.com.br\/brasileiros-que-usam-bolsa-familia-recebem-uma-noticia-importante\/#breadcrumb","itemListElement":[{"@type":"ListItem","position":1,"name":"In\u00edcio","item":"https:\/\/tribunademinas.audiencelabs.com.br\/"},{"@type":"ListItem","position":2,"name":"Brasileiros que usam Bolsa Fam\u00edlia recebem uma not\u00edcia importante"}]},{"@type":"WebSite","@id":"https:\/\/tribunademinas.audiencelabs.com.br\/#website","url":"https:\/\/tribunademinas.audiencelabs.com.br\/","name":"Tribuna de Minas - Dinheiro e Cidadania","description":"","publisher":{"@id":"https:\/\/tribunademinas.audiencelabs.com.br\/#organization"},"potentialAction":[{"@type":"SearchAction","target":{"@type":"EntryPoint","urlTemplate":"https:\/\/tribunademinas.audiencelabs.com.br\/?s={search_term_string}"},"query-input":{"@type":"PropertyValueSpecification","valueRequired":true,"valueName":"search_term_string"}}],"inLanguage":"pt-BR"},{"@type":"Organization","@id":"https:\/\/tribunademinas.audiencelabs.com.br\/#organization","name":"Tribuna de Minas - Dinheiro e Cidadania","url":"https:\/\/tribunademinas.audiencelabs.com.br\/","logo":{"@type":"ImageObject","inLanguage":"pt-BR","@id":"https:\/\/tribunademinas.audiencelabs.com.br\/#\/schema\/logo\/image\/","url":"https:\/\/tribunademinas.audiencelabs.com.br\/wp-content\/uploads\/2025\/08\/cropped-Tribuna_512x512-96x96-1.png","contentUrl":"https:\/\/tribunademinas.audiencelabs.com.br\/wp-content\/uploads\/2025\/08\/cropped-Tribuna_512x512-96x96-1.png","width":96,"height":96,"caption":"Tribuna de Minas - Dinheiro e Cidadania"},"image":{"@id":"https:\/\/tribunademinas.audiencelabs.com.br\/#\/schema\/logo\/image\/"},"sameAs":["https:\/\/www.facebook.com\/tribunademinas\/","https:\/\/x.com\/tribunademinas","https:\/\/www.instagram.com\/tribunademinas\/","https:\/\/www.youtube.com\/user\/TribunadeMinasJF"]},{"@type":"Person","@id":"https:\/\/tribunademinas.audiencelabs.com.br\/#\/schema\/person\/db18fc40307804bacef94213aa68fd9d","name":"Jeferson Carvalho","image":{"@type":"ImageObject","inLanguage":"pt-BR","@id":"https:\/\/tribunademinas.audiencelabs.com.br\/#\/schema\/person\/image\/","url":"https:\/\/secure.gravatar.com\/avatar\/cd7646e328d9670dad7dea8698522e522745eeffcff5b9d08be858e377ce326b?s=96&d=mm&r=g","contentUrl":"https:\/\/secure.gravatar.com\/avatar\/cd7646e328d9670dad7dea8698522e522745eeffcff5b9d08be858e377ce326b?s=96&d=mm&r=g","caption":"Jeferson Carvalho"},"description":"Jornalista apaixonado pela profiss\u00e3o!","url":"https:\/\/tribunademinas.audiencelabs.com.br\/author\/jeferson\/"}]}},"amp_enabled":true,"_links":{"self":[{"href":"https:\/\/tribunademinas.audiencelabs.com.br\/wp-json\/wp\/v2\/posts\/1307","targetHints":{"allow":["GET"]}}],"collection":[{"href":"https:\/\/tribunademinas.audiencelabs.com.br\/wp-json\/wp\/v2\/posts"}],"about":[{"href":"https:\/\/tribunademinas.audiencelabs.com.br\/wp-json\/wp\/v2\/types\/post"}],"author":[{"embeddable":true,"href":"https:\/\/tribunademinas.audiencelabs.com.br\/wp-json\/wp\/v2\/users\/5"}],"replies":[{"embeddable":true,"href":"https:\/\/tribunademinas.audiencelabs.com.br\/wp-json\/wp\/v2\/comments?post=1307"}],"version-history":[{"count":1,"href":"https:\/\/tribunademinas.audiencelabs.com.br\/wp-json\/wp\/v2\/posts\/1307\/revisions"}],"predecessor-version":[{"id":1312,"href":"https:\/\/tribunademinas.audiencelabs.com.br\/wp-json\/wp\/v2\/posts\/1307\/revisions\/1312"}],"wp:featuredmedia":[{"embeddable":true,"href":"https:\/\/tribunademinas.audiencelabs.com.br\/wp-json\/wp\/v2\/media\/1308"}],"wp:attachment":[{"href":"https:\/\/tribunademinas.audiencelabs.com.br\/wp-json\/wp\/v2\/media?parent=1307"}],"wp:term":[{"taxonomy":"category","embeddable":true,"href":"https:\/\/tribunademinas.audiencelabs.com.br\/wp-json\/wp\/v2\/categories?post=1307"},{"taxonomy":"post_tag","embeddable":true,"href":"https:\/\/tribunademinas.audiencelabs.com.br\/wp-json\/wp\/v2\/tags?post=1307"}],"curies":[{"name":"wp","href":"https:\/\/api.w.org\/{rel}","templated":true}]}}