{"id":1295,"date":"2025-09-12T18:00:00","date_gmt":"2025-09-12T21:00:00","guid":{"rendered":"https:\/\/tribunademinas.audiencelabs.com.br\/?p=1295"},"modified":"2025-09-11T16:40:41","modified_gmt":"2025-09-11T19:40:41","slug":"como-solicitar-seu-saque-de-r-708-no-caixa-tem-ainda-em-setembro","status":"publish","type":"post","link":"https:\/\/tribunademinas.audiencelabs.com.br\/como-solicitar-seu-saque-de-r-708-no-caixa-tem-ainda-em-setembro\/","title":{"rendered":"Como solicitar seu saque de R$ 708 no Caixa Tem ainda em setembro?"},"content":{"rendered":"\n<p>De acordo com o portal <em>Seu Cr\u00e9dito Digital<\/em>, a Caixa Econ\u00f4mica Federal anunciou um novo pagamento no valor de R$ 708 que ser\u00e1 disponibilizado via Pix por meio da conta digital do aplicativo <strong>Caixa Tem<\/strong>.<\/p>\n\n\n\n<p>O sistema, que j\u00e1 \u00e9 utilizado para receber pagamentos de programas como o Bolsa Fam\u00edlia, agora tamb\u00e9m abrigar\u00e1 a quantia, cuja origem ainda n\u00e3o foi confirmada pelo governo federal.<\/p>\n\n\n\n<p>Contudo, segundo informa\u00e7\u00f5es internas da Caixa, o montante possivelmente se refere \u00e0 <strong>soma de benef\u00edcios residuais ou complementares<\/strong>, como saldos acumulados de programas sociais anteriores e pagamentos eventuais.<\/p>\n\n\n\n<p>O valor ser\u00e1 destinado a fam\u00edlias de baixa renda em todo o pa\u00eds, e ser\u00e1 liberado de forma \u00fanica. Todavia, vale destacar que <strong>nenhum cronograma oficial<\/strong> foi divulgado at\u00e9 o presente momento. Sendo assim, ainda n\u00e3o se sabe quando o valor ser\u00e1 depositado.<\/p>\n\n\n\n<p>\u00c9 esperado que a Caixa divulgue uma portaria oficial especificando as datas de pagamento em breve. Contudo, a tend\u00eancia \u00e9 que a distribui\u00e7\u00e3o ocorra semanalmente, utilizando CPF ou N\u00famero de Identifica\u00e7\u00e3o Social (NIS) como refer\u00eancia organizacional.<\/p>\n\n\n\n<h2 class=\"wp-block-heading\">Como garantir o pagamento do valor extra do Caixa Tem?<\/h2>\n\n\n\n<p>Considerando que o valor de R$ 708 ser\u00e1 destinado a cidad\u00e3os em situa\u00e7\u00e3o de vulnerabilidade social, \u00e9 prov\u00e1vel que os dados dispon\u00edveis no <strong>Cadastro \u00danico para Programas Sociais (Cad\u00danico)<\/strong> sejam levados em considera\u00e7\u00e3o.<\/p>\n\n\n\n<p>Por isso, \u00e9 importante verificar se as informa\u00e7\u00f5es est\u00e3o devidamente atualizadas para garantir o recebimento. Al\u00e9m disso, tamb\u00e9m \u00e9 importante confirmar se a conta do Caixa Tem est\u00e1 em pleno funcionamento.<\/p>\n\n\n\n<p>Vale destacar que o pagamento pode n\u00e3o ser exclusivo apenas para benefici\u00e1rios de programas sociais, pois ainda segundo o portal Seu Cr\u00e9dito Digital, trabalhadores informais e aut\u00f4nomos que tenham cadastro ativo no Cad\u00danico tamb\u00e9m poder\u00e3o ser contemplados. S\u00e3o eles:<\/p>\n\n\n\n<ul class=\"wp-block-list\">\n<li>Vendedores ambulantes;<\/li>\n\n\n\n<li>Diaristas;<\/li>\n\n\n\n<li>Catadores;<\/li>\n\n\n\n<li>Entregadores de app sem v\u00ednculo CLT;<\/li>\n\n\n\n<li>Popula\u00e7\u00e3o em situa\u00e7\u00e3o de rua.<\/li>\n<\/ul>\n\n\n\n<p>Para a verifica\u00e7\u00e3o de informa\u00e7\u00f5es relativas ao pagamento, \u00e9 fundamental usar apenas canais oficiais, como o aplicativo Caixa Tem, o portal Gov.br ou os canais de atendimento da Caixa.<\/p>\n","protected":false},"excerpt":{"rendered":"<p>De acordo com o portal Seu Cr\u00e9dito Digital, a Caixa Econ\u00f4mica Federal anunciou um novo pagamento no valor de R$ 708 que ser\u00e1 disponibilizado via Pix por meio da conta digital do aplicativo Caixa Tem. O sistema, que j\u00e1 \u00e9 utilizado para receber pagamentos de programas como o Bolsa Fam\u00edlia, agora tamb\u00e9m abrigar\u00e1 a quantia, [&hellip;]<\/p>\n","protected":false},"author":3,"featured_media":1296,"comment_status":"open","ping_status":"open","sticky":false,"template":"","format":"standard","meta":{"jnews-multi-image_gallery":[],"jnews_single_post":{"format":"standard"},"jnews_primary_category":[],"jnews_social_meta":[],"jnews_post_split":[],"footnotes":""},"categories":[1],"tags":[],"class_list":["post-1295","post","type-post","status-publish","format-standard","has-post-thumbnail","hentry","category-dinheiro"],"yoast_head":"<!-- This site is optimized with the Yoast SEO plugin v25.6 - https:\/\/yoast.com\/wordpress\/plugins\/seo\/ -->\n<title>Como solicitar seu saque de R$ 708 no Caixa Tem ainda em setembro?<\/title>\n<meta name=\"robots\" content=\"index, follow, max-snippet:-1, max-image-preview:large, max-video-preview:-1\" \/>\n<link rel=\"canonical\" href=\"https:\/\/tribunademinas.audiencelabs.com.br\/como-solicitar-seu-saque-de-r-708-no-caixa-tem-ainda-em-setembro\/\" \/>\n<meta property=\"og:locale\" content=\"pt_BR\" \/>\n<meta property=\"og:type\" content=\"article\" \/>\n<meta property=\"og:title\" content=\"Como solicitar seu saque de R$ 708 no Caixa Tem ainda em setembro?\" \/>\n<meta property=\"og:description\" content=\"De acordo com o portal Seu Cr\u00e9dito Digital, a Caixa Econ\u00f4mica Federal anunciou um novo pagamento no valor de R$ 708 que ser\u00e1 disponibilizado via Pix por meio da conta digital do aplicativo Caixa Tem. O sistema, que j\u00e1 \u00e9 utilizado para receber pagamentos de programas como o Bolsa Fam\u00edlia, agora tamb\u00e9m abrigar\u00e1 a quantia, [&hellip;]\" \/>\n<meta property=\"og:url\" content=\"https:\/\/tribunademinas.audiencelabs.com.br\/como-solicitar-seu-saque-de-r-708-no-caixa-tem-ainda-em-setembro\/\" \/>\n<meta property=\"og:site_name\" content=\"Tribuna de Minas - Dinheiro e Cidadania\" \/>\n<meta property=\"article:publisher\" content=\"https:\/\/www.facebook.com\/tribunademinas\/\" \/>\n<meta property=\"article:published_time\" content=\"2025-09-12T21:00:00+00:00\" \/>\n<meta property=\"og:image\" content=\"https:\/\/tribunademinas.audiencelabs.com.br\/wp-content\/uploads\/2025\/09\/como-solicitar-saque-708-caixa-tem-setembro.webp\" \/>\n\t<meta property=\"og:image:width\" content=\"1423\" \/>\n\t<meta property=\"og:image:height\" content=\"800\" \/>\n\t<meta property=\"og:image:type\" content=\"image\/webp\" \/>\n<meta name=\"author\" content=\"Jo\u00e3o Carlos Gomes\" \/>\n<meta name=\"twitter:card\" content=\"summary_large_image\" \/>\n<meta name=\"twitter:creator\" content=\"@tribunademinas\" \/>\n<meta name=\"twitter:site\" content=\"@tribunademinas\" \/>\n<meta name=\"twitter:label1\" content=\"Escrito por\" \/>\n\t<meta name=\"twitter:data1\" content=\"Jo\u00e3o Carlos Gomes\" \/>\n\t<meta name=\"twitter:label2\" content=\"Est. tempo de leitura\" \/>\n\t<meta name=\"twitter:data2\" content=\"3 minutos\" \/>\n<!-- \/ Yoast SEO plugin. -->","yoast_head_json":{"title":"Como solicitar seu saque de R$ 708 no Caixa Tem ainda em setembro?","robots":{"index":"index","follow":"follow","max-snippet":"max-snippet:-1","max-image-preview":"max-image-preview:large","max-video-preview":"max-video-preview:-1"},"canonical":"https:\/\/tribunademinas.audiencelabs.com.br\/como-solicitar-seu-saque-de-r-708-no-caixa-tem-ainda-em-setembro\/","og_locale":"pt_BR","og_type":"article","og_title":"Como solicitar seu saque de R$ 708 no Caixa Tem ainda em setembro?","og_description":"De acordo com o portal Seu Cr\u00e9dito Digital, a Caixa Econ\u00f4mica Federal anunciou um novo pagamento no valor de R$ 708 que ser\u00e1 disponibilizado via Pix por meio da conta digital do aplicativo Caixa Tem. O sistema, que j\u00e1 \u00e9 utilizado para receber pagamentos de programas como o Bolsa Fam\u00edlia, agora tamb\u00e9m abrigar\u00e1 a quantia, [&hellip;]","og_url":"https:\/\/tribunademinas.audiencelabs.com.br\/como-solicitar-seu-saque-de-r-708-no-caixa-tem-ainda-em-setembro\/","og_site_name":"Tribuna de Minas - Dinheiro e Cidadania","article_publisher":"https:\/\/www.facebook.com\/tribunademinas\/","article_published_time":"2025-09-12T21:00:00+00:00","og_image":[{"width":1423,"height":800,"url":"https:\/\/tribunademinas.audiencelabs.com.br\/wp-content\/uploads\/2025\/09\/como-solicitar-saque-708-caixa-tem-setembro.webp","type":"image\/webp"}],"author":"Jo\u00e3o Carlos Gomes","twitter_card":"summary_large_image","twitter_creator":"@tribunademinas","twitter_site":"@tribunademinas","twitter_misc":{"Escrito por":"Jo\u00e3o Carlos Gomes","Est. tempo de leitura":"3 minutos"},"schema":{"@context":"https:\/\/schema.org","@graph":[{"@type":"Article","@id":"https:\/\/tribunademinas.audiencelabs.com.br\/como-solicitar-seu-saque-de-r-708-no-caixa-tem-ainda-em-setembro\/#article","isPartOf":{"@id":"https:\/\/tribunademinas.audiencelabs.com.br\/como-solicitar-seu-saque-de-r-708-no-caixa-tem-ainda-em-setembro\/"},"author":{"name":"Jo\u00e3o Carlos Gomes","@id":"https:\/\/tribunademinas.audiencelabs.com.br\/#\/schema\/person\/37af466a64a722fadb8ef6841c52114f"},"headline":"Como solicitar seu saque de R$ 708 no Caixa Tem ainda em setembro?","datePublished":"2025-09-12T21:00:00+00:00","mainEntityOfPage":{"@id":"https:\/\/tribunademinas.audiencelabs.com.br\/como-solicitar-seu-saque-de-r-708-no-caixa-tem-ainda-em-setembro\/"},"wordCount":369,"commentCount":0,"publisher":{"@id":"https:\/\/tribunademinas.audiencelabs.com.br\/#organization"},"image":{"@id":"https:\/\/tribunademinas.audiencelabs.com.br\/como-solicitar-seu-saque-de-r-708-no-caixa-tem-ainda-em-setembro\/#primaryimage"},"thumbnailUrl":"https:\/\/tribunademinas.audiencelabs.com.br\/wp-content\/uploads\/2025\/09\/como-solicitar-saque-708-caixa-tem-setembro.webp","articleSection":["Dinheiro"],"inLanguage":"pt-BR","potentialAction":[{"@type":"CommentAction","name":"Comment","target":["https:\/\/tribunademinas.audiencelabs.com.br\/como-solicitar-seu-saque-de-r-708-no-caixa-tem-ainda-em-setembro\/#respond"]}]},{"@type":"WebPage","@id":"https:\/\/tribunademinas.audiencelabs.com.br\/como-solicitar-seu-saque-de-r-708-no-caixa-tem-ainda-em-setembro\/","url":"https:\/\/tribunademinas.audiencelabs.com.br\/como-solicitar-seu-saque-de-r-708-no-caixa-tem-ainda-em-setembro\/","name":"Como solicitar seu saque de R$ 708 no Caixa Tem ainda em setembro?","isPartOf":{"@id":"https:\/\/tribunademinas.audiencelabs.com.br\/#website"},"primaryImageOfPage":{"@id":"https:\/\/tribunademinas.audiencelabs.com.br\/como-solicitar-seu-saque-de-r-708-no-caixa-tem-ainda-em-setembro\/#primaryimage"},"image":{"@id":"https:\/\/tribunademinas.audiencelabs.com.br\/como-solicitar-seu-saque-de-r-708-no-caixa-tem-ainda-em-setembro\/#primaryimage"},"thumbnailUrl":"https:\/\/tribunademinas.audiencelabs.com.br\/wp-content\/uploads\/2025\/09\/como-solicitar-saque-708-caixa-tem-setembro.webp","datePublished":"2025-09-12T21:00:00+00:00","breadcrumb":{"@id":"https:\/\/tribunademinas.audiencelabs.com.br\/como-solicitar-seu-saque-de-r-708-no-caixa-tem-ainda-em-setembro\/#breadcrumb"},"inLanguage":"pt-BR","potentialAction":[{"@type":"ReadAction","target":["https:\/\/tribunademinas.audiencelabs.com.br\/como-solicitar-seu-saque-de-r-708-no-caixa-tem-ainda-em-setembro\/"]}]},{"@type":"ImageObject","inLanguage":"pt-BR","@id":"https:\/\/tribunademinas.audiencelabs.com.br\/como-solicitar-seu-saque-de-r-708-no-caixa-tem-ainda-em-setembro\/#primaryimage","url":"https:\/\/tribunademinas.audiencelabs.com.br\/wp-content\/uploads\/2025\/09\/como-solicitar-saque-708-caixa-tem-setembro.webp","contentUrl":"https:\/\/tribunademinas.audiencelabs.com.br\/wp-content\/uploads\/2025\/09\/como-solicitar-saque-708-caixa-tem-setembro.webp","width":1423,"height":800,"caption":"Foto: Marcello Casal Jr\/Ag\u00eancia Brasil"},{"@type":"BreadcrumbList","@id":"https:\/\/tribunademinas.audiencelabs.com.br\/como-solicitar-seu-saque-de-r-708-no-caixa-tem-ainda-em-setembro\/#breadcrumb","itemListElement":[{"@type":"ListItem","position":1,"name":"In\u00edcio","item":"https:\/\/tribunademinas.audiencelabs.com.br\/"},{"@type":"ListItem","position":2,"name":"Como solicitar seu saque de R$ 708 no Caixa Tem ainda em setembro?"}]},{"@type":"WebSite","@id":"https:\/\/tribunademinas.audiencelabs.com.br\/#website","url":"https:\/\/tribunademinas.audiencelabs.com.br\/","name":"Tribuna de Minas - Dinheiro e Cidadania","description":"","publisher":{"@id":"https:\/\/tribunademinas.audiencelabs.com.br\/#organization"},"potentialAction":[{"@type":"SearchAction","target":{"@type":"EntryPoint","urlTemplate":"https:\/\/tribunademinas.audiencelabs.com.br\/?s={search_term_string}"},"query-input":{"@type":"PropertyValueSpecification","valueRequired":true,"valueName":"search_term_string"}}],"inLanguage":"pt-BR"},{"@type":"Organization","@id":"https:\/\/tribunademinas.audiencelabs.com.br\/#organization","name":"Tribuna de Minas - Dinheiro e Cidadania","url":"https:\/\/tribunademinas.audiencelabs.com.br\/","logo":{"@type":"ImageObject","inLanguage":"pt-BR","@id":"https:\/\/tribunademinas.audiencelabs.com.br\/#\/schema\/logo\/image\/","url":"https:\/\/tribunademinas.audiencelabs.com.br\/wp-content\/uploads\/2025\/08\/cropped-Tribuna_512x512-96x96-1.png","contentUrl":"https:\/\/tribunademinas.audiencelabs.com.br\/wp-content\/uploads\/2025\/08\/cropped-Tribuna_512x512-96x96-1.png","width":96,"height":96,"caption":"Tribuna de Minas - Dinheiro e Cidadania"},"image":{"@id":"https:\/\/tribunademinas.audiencelabs.com.br\/#\/schema\/logo\/image\/"},"sameAs":["https:\/\/www.facebook.com\/tribunademinas\/","https:\/\/x.com\/tribunademinas","https:\/\/www.instagram.com\/tribunademinas\/","https:\/\/www.youtube.com\/user\/TribunadeMinasJF"]},{"@type":"Person","@id":"https:\/\/tribunademinas.audiencelabs.com.br\/#\/schema\/person\/37af466a64a722fadb8ef6841c52114f","name":"Jo\u00e3o Carlos Gomes","image":{"@type":"ImageObject","inLanguage":"pt-BR","@id":"https:\/\/tribunademinas.audiencelabs.com.br\/#\/schema\/person\/image\/","url":"https:\/\/secure.gravatar.com\/avatar\/4ce4672dbdd694b329cd6fdb51bee7d1409be1f0ff76a537e4c4a737b2c7d1a9?s=96&d=mm&r=g","contentUrl":"https:\/\/secure.gravatar.com\/avatar\/4ce4672dbdd694b329cd6fdb51bee7d1409be1f0ff76a537e4c4a737b2c7d1a9?s=96&d=mm&r=g","caption":"Jo\u00e3o Carlos Gomes"},"description":"Jornalista formado pelo Centro Universit\u00e1rio Carioca, apreciador da Bossa Nova ao Metal Extremo, criador de conte\u00fado e m\u00fasico independente nas horas vagas.","url":"https:\/\/tribunademinas.audiencelabs.com.br\/author\/joaoc-junior\/"}]}},"amp_enabled":true,"_links":{"self":[{"href":"https:\/\/tribunademinas.audiencelabs.com.br\/wp-json\/wp\/v2\/posts\/1295","targetHints":{"allow":["GET"]}}],"collection":[{"href":"https:\/\/tribunademinas.audiencelabs.com.br\/wp-json\/wp\/v2\/posts"}],"about":[{"href":"https:\/\/tribunademinas.audiencelabs.com.br\/wp-json\/wp\/v2\/types\/post"}],"author":[{"embeddable":true,"href":"https:\/\/tribunademinas.audiencelabs.com.br\/wp-json\/wp\/v2\/users\/3"}],"replies":[{"embeddable":true,"href":"https:\/\/tribunademinas.audiencelabs.com.br\/wp-json\/wp\/v2\/comments?post=1295"}],"version-history":[{"count":1,"href":"https:\/\/tribunademinas.audiencelabs.com.br\/wp-json\/wp\/v2\/posts\/1295\/revisions"}],"predecessor-version":[{"id":1300,"href":"https:\/\/tribunademinas.audiencelabs.com.br\/wp-json\/wp\/v2\/posts\/1295\/revisions\/1300"}],"wp:featuredmedia":[{"embeddable":true,"href":"https:\/\/tribunademinas.audiencelabs.com.br\/wp-json\/wp\/v2\/media\/1296"}],"wp:attachment":[{"href":"https:\/\/tribunademinas.audiencelabs.com.br\/wp-json\/wp\/v2\/media?parent=1295"}],"wp:term":[{"taxonomy":"category","embeddable":true,"href":"https:\/\/tribunademinas.audiencelabs.com.br\/wp-json\/wp\/v2\/categories?post=1295"},{"taxonomy":"post_tag","embeddable":true,"href":"https:\/\/tribunademinas.audiencelabs.com.br\/wp-json\/wp\/v2\/tags?post=1295"}],"curies":[{"name":"wp","href":"https:\/\/api.w.org\/{rel}","templated":true}]}}