{"id":1252,"date":"2025-09-11T07:45:00","date_gmt":"2025-09-11T10:45:00","guid":{"rendered":"https:\/\/tribunademinas.audiencelabs.com.br\/?p=1252"},"modified":"2025-09-10T18:48:19","modified_gmt":"2025-09-10T21:48:19","slug":"itau-vai-ter-que-liberar-pagamentos-de-fgts-brasileiros-vao-sacar","status":"publish","type":"post","link":"https:\/\/tribunademinas.audiencelabs.com.br\/itau-vai-ter-que-liberar-pagamentos-de-fgts-brasileiros-vao-sacar\/","title":{"rendered":"Ita\u00fa vai ter que liberar pagamentos de FGTS: brasileiros v\u00e3o sacar"},"content":{"rendered":"\n<p>O Banco Ita\u00fa, maior institui\u00e7\u00e3o financeira privada do pa\u00eds, promoveu no in\u00edcio desta semana uma ampla rodada de <a href=\"https:\/\/tribunademinas.com.br\/colunas\/maistendencias\/quantos-funcionarios-remotos-foram-demitidos-no-itau\/\"><strong>demiss\u00f5es <\/strong><\/a>que atingiu centenas de trabalhadores. <\/p>\n\n\n\n<p>Segundo o pr\u00f3prio banco, os desligamentos ocorreram ap\u00f3s uma an\u00e1lise interna que identificou condutas consideradas \u201c<em>incompat\u00edveis com os princ\u00edpios de confian\u00e7a<\/em>\u201d da empresa. <\/p>\n\n\n\n<p>Embora a institui\u00e7\u00e3o n\u00e3o tenha especificado os crit\u00e9rios exatos usados para a dispensa, nem informado oficialmente quantos funcion\u00e1rios foram afetados, o epis\u00f3dio gerou fortes rea\u00e7\u00f5es. <\/p>\n\n\n\n<p>E, caso os demitidos tenham sido contratados sob regime CLT, o banco ter\u00e1 a obriga\u00e7\u00e3o legal de liberar para eles os saldos do FGTS, que \u00e9 o Fundo de Garantia por Tempo de Servi\u00e7o, como previsto pela legisla\u00e7\u00e3o trabalhista brasileira.<\/p>\n\n\n\n<h2 class=\"wp-block-heading\">Ita\u00fa vai ter que liberar pagamentos de FGTS: brasileiros v\u00e3o sacar<\/h2>\n\n\n\n<p>Ainda n\u00e3o h\u00e1 confirma\u00e7\u00e3o sobre o v\u00ednculo contratual dos desligados. <\/p>\n\n\n\n<p>Enquanto circulam relatos de que os cortes teriam atingido majoritariamente trabalhadores em home office da \u00e1rea de tecnologia, o Ita\u00fa preferiu n\u00e3o esclarecer se os empregados tinham contrato CLT ou atuavam como pessoas jur\u00eddicas (PJ). <\/p>\n\n\n\n<p>A distin\u00e7\u00e3o \u00e9 fundamental: apenas trabalhadores formais t\u00eam direito ao saque do FGTS em caso de demiss\u00e3o sem justa causa. <\/p>\n\n\n\n<p>Caso se confirme que ao menos parte dos demitidos era regida pela Consolida\u00e7\u00e3o das Leis do Trabalho, o banco ter\u00e1 que liberar n\u00e3o apenas o saldo acumulado no fundo, mas tamb\u00e9m pagar a multa rescis\u00f3ria de 40%, como \u00e9 direito de todo trabalhador demitido no Brasil.<\/p>\n\n\n\n<h3 class=\"wp-block-heading\">Ita\u00fa recebe cr\u00edticas ap\u00f3s demiss\u00f5es<\/h3>\n\n\n\n<p>A decis\u00e3o do Ita\u00fa, al\u00e9m de causar impacto direto nos profissionais desligados, esbarrou em uma s\u00e9rie de cr\u00edticas por parte de sindicatos, juristas e usu\u00e1rios nas redes sociais. <\/p>\n\n\n\n<p>O <a href=\"https:\/\/spbancarios.com.br\/\"><strong>Sindicato dos Banc\u00e1rios de S\u00e3o Paulo<\/strong><\/a> classificou a medida como uma \u201c<em>demiss\u00e3o em massa disfar\u00e7ada<\/em>\u201d, apontando que a institui\u00e7\u00e3o n\u00e3o teria comunicado previamente a entidade, o que poderia ferir a decis\u00e3o do Supremo Tribunal Federal que exige negocia\u00e7\u00e3o sindical em cortes coletivos. <\/p>\n\n\n\n<p>O momento das demiss\u00f5es tamb\u00e9m gerou questionamentos, j\u00e1 que o banco anunciou recentemente lucros bilion\u00e1rios, ultrapassando R$ 22 bilh\u00f5es no \u00faltimo ano.<\/p>\n\n\n\n<p>Outro ponto controverso foi a suposta utiliza\u00e7\u00e3o de ferramentas digitais de monitoramento para avaliar a produtividade dos funcion\u00e1rios, especialmente os que estavam em trabalho remoto, informa\u00e7\u00e3o que n\u00e3o foi confirmada nem negada oficialmente pelo banco. <\/p>\n\n\n\n<p>A aus\u00eancia de transpar\u00eancia sobre esses crit\u00e9rios levantou preocupa\u00e7\u00f5es sobre privacidade, legalidade dos m\u00e9todos usados e o futuro do home office nas grandes corpora\u00e7\u00f5es brasileiras. <\/p>\n\n\n\n<p>Enquanto isso, os trabalhadores afetados aguardam os desdobramentos legais e financeiros do processo.<\/p>\n\n\n\n<p><\/p>\n","protected":false},"excerpt":{"rendered":"<p>O Banco Ita\u00fa, maior institui\u00e7\u00e3o financeira privada do pa\u00eds, promoveu no in\u00edcio desta semana uma ampla rodada de demiss\u00f5es que atingiu centenas de trabalhadores. Segundo o pr\u00f3prio banco, os desligamentos ocorreram ap\u00f3s uma an\u00e1lise interna que identificou condutas consideradas \u201cincompat\u00edveis com os princ\u00edpios de confian\u00e7a\u201d da empresa. Embora a institui\u00e7\u00e3o n\u00e3o tenha especificado os crit\u00e9rios [&hellip;]<\/p>\n","protected":false},"author":5,"featured_media":1253,"comment_status":"open","ping_status":"open","sticky":false,"template":"","format":"standard","meta":{"jnews-multi-image_gallery":[],"jnews_single_post":{"format":"standard"},"jnews_primary_category":[],"jnews_social_meta":[],"jnews_post_split":[],"footnotes":""},"categories":[159],"tags":[],"class_list":["post-1252","post","type-post","status-publish","format-standard","has-post-thumbnail","hentry","category-cidadania"],"yoast_head":"<!-- This site is optimized with the Yoast SEO plugin v25.6 - https:\/\/yoast.com\/wordpress\/plugins\/seo\/ -->\n<title>Ita\u00fa vai ter que liberar pagamentos de FGTS: brasileiros v\u00e3o sacar<\/title>\n<meta name=\"description\" content=\"O Banco Ita\u00fa deve pagar o Fundo de Garantia por Tempo de Servi\u00e7o (FGTS) para milhares de brasileiros ap\u00f3s decis\u00e3o tomada nesta semana.\" \/>\n<meta name=\"robots\" content=\"index, follow, max-snippet:-1, max-image-preview:large, max-video-preview:-1\" \/>\n<link rel=\"canonical\" href=\"https:\/\/tribunademinas.audiencelabs.com.br\/itau-vai-ter-que-liberar-pagamentos-de-fgts-brasileiros-vao-sacar\/\" \/>\n<meta property=\"og:locale\" content=\"pt_BR\" \/>\n<meta property=\"og:type\" content=\"article\" \/>\n<meta property=\"og:title\" content=\"Ita\u00fa vai ter que liberar pagamentos de FGTS: brasileiros v\u00e3o sacar\" \/>\n<meta property=\"og:description\" content=\"O Banco Ita\u00fa deve pagar o Fundo de Garantia por Tempo de Servi\u00e7o (FGTS) para milhares de brasileiros ap\u00f3s decis\u00e3o tomada nesta semana.\" \/>\n<meta property=\"og:url\" content=\"https:\/\/tribunademinas.audiencelabs.com.br\/itau-vai-ter-que-liberar-pagamentos-de-fgts-brasileiros-vao-sacar\/\" \/>\n<meta property=\"og:site_name\" content=\"Tribuna de Minas - Dinheiro e Cidadania\" \/>\n<meta property=\"article:publisher\" content=\"https:\/\/www.facebook.com\/tribunademinas\/\" \/>\n<meta property=\"article:published_time\" content=\"2025-09-11T10:45:00+00:00\" \/>\n<meta property=\"og:image\" content=\"https:\/\/tribunademinas.audiencelabs.com.br\/wp-content\/uploads\/2025\/09\/Itau.png\" \/>\n\t<meta property=\"og:image:width\" content=\"1200\" \/>\n\t<meta property=\"og:image:height\" content=\"600\" \/>\n\t<meta property=\"og:image:type\" content=\"image\/png\" \/>\n<meta name=\"author\" content=\"Jeferson Carvalho\" \/>\n<meta name=\"twitter:card\" content=\"summary_large_image\" \/>\n<meta name=\"twitter:creator\" content=\"@tribunademinas\" \/>\n<meta name=\"twitter:site\" content=\"@tribunademinas\" \/>\n<meta name=\"twitter:label1\" content=\"Escrito por\" \/>\n\t<meta name=\"twitter:data1\" content=\"Jeferson Carvalho\" \/>\n\t<meta name=\"twitter:label2\" content=\"Est. tempo de leitura\" \/>\n\t<meta name=\"twitter:data2\" content=\"3 minutos\" \/>\n<!-- \/ Yoast SEO plugin. -->","yoast_head_json":{"title":"Ita\u00fa vai ter que liberar pagamentos de FGTS: brasileiros v\u00e3o sacar","description":"O Banco Ita\u00fa deve pagar o Fundo de Garantia por Tempo de Servi\u00e7o (FGTS) para milhares de brasileiros ap\u00f3s decis\u00e3o tomada nesta semana.","robots":{"index":"index","follow":"follow","max-snippet":"max-snippet:-1","max-image-preview":"max-image-preview:large","max-video-preview":"max-video-preview:-1"},"canonical":"https:\/\/tribunademinas.audiencelabs.com.br\/itau-vai-ter-que-liberar-pagamentos-de-fgts-brasileiros-vao-sacar\/","og_locale":"pt_BR","og_type":"article","og_title":"Ita\u00fa vai ter que liberar pagamentos de FGTS: brasileiros v\u00e3o sacar","og_description":"O Banco Ita\u00fa deve pagar o Fundo de Garantia por Tempo de Servi\u00e7o (FGTS) para milhares de brasileiros ap\u00f3s decis\u00e3o tomada nesta semana.","og_url":"https:\/\/tribunademinas.audiencelabs.com.br\/itau-vai-ter-que-liberar-pagamentos-de-fgts-brasileiros-vao-sacar\/","og_site_name":"Tribuna de Minas - Dinheiro e Cidadania","article_publisher":"https:\/\/www.facebook.com\/tribunademinas\/","article_published_time":"2025-09-11T10:45:00+00:00","og_image":[{"width":1200,"height":600,"url":"https:\/\/tribunademinas.audiencelabs.com.br\/wp-content\/uploads\/2025\/09\/Itau.png","type":"image\/png"}],"author":"Jeferson Carvalho","twitter_card":"summary_large_image","twitter_creator":"@tribunademinas","twitter_site":"@tribunademinas","twitter_misc":{"Escrito por":"Jeferson Carvalho","Est. tempo de leitura":"3 minutos"},"schema":{"@context":"https:\/\/schema.org","@graph":[{"@type":"Article","@id":"https:\/\/tribunademinas.audiencelabs.com.br\/itau-vai-ter-que-liberar-pagamentos-de-fgts-brasileiros-vao-sacar\/#article","isPartOf":{"@id":"https:\/\/tribunademinas.audiencelabs.com.br\/itau-vai-ter-que-liberar-pagamentos-de-fgts-brasileiros-vao-sacar\/"},"author":{"name":"Jeferson Carvalho","@id":"https:\/\/tribunademinas.audiencelabs.com.br\/#\/schema\/person\/db18fc40307804bacef94213aa68fd9d"},"headline":"Ita\u00fa vai ter que liberar pagamentos de FGTS: brasileiros v\u00e3o sacar","datePublished":"2025-09-11T10:45:00+00:00","mainEntityOfPage":{"@id":"https:\/\/tribunademinas.audiencelabs.com.br\/itau-vai-ter-que-liberar-pagamentos-de-fgts-brasileiros-vao-sacar\/"},"wordCount":474,"commentCount":0,"publisher":{"@id":"https:\/\/tribunademinas.audiencelabs.com.br\/#organization"},"image":{"@id":"https:\/\/tribunademinas.audiencelabs.com.br\/itau-vai-ter-que-liberar-pagamentos-de-fgts-brasileiros-vao-sacar\/#primaryimage"},"thumbnailUrl":"https:\/\/tribunademinas.audiencelabs.com.br\/wp-content\/uploads\/2025\/09\/Itau.png","articleSection":["Cidadania"],"inLanguage":"pt-BR","potentialAction":[{"@type":"CommentAction","name":"Comment","target":["https:\/\/tribunademinas.audiencelabs.com.br\/itau-vai-ter-que-liberar-pagamentos-de-fgts-brasileiros-vao-sacar\/#respond"]}]},{"@type":"WebPage","@id":"https:\/\/tribunademinas.audiencelabs.com.br\/itau-vai-ter-que-liberar-pagamentos-de-fgts-brasileiros-vao-sacar\/","url":"https:\/\/tribunademinas.audiencelabs.com.br\/itau-vai-ter-que-liberar-pagamentos-de-fgts-brasileiros-vao-sacar\/","name":"Ita\u00fa vai ter que liberar pagamentos de FGTS: brasileiros v\u00e3o sacar","isPartOf":{"@id":"https:\/\/tribunademinas.audiencelabs.com.br\/#website"},"primaryImageOfPage":{"@id":"https:\/\/tribunademinas.audiencelabs.com.br\/itau-vai-ter-que-liberar-pagamentos-de-fgts-brasileiros-vao-sacar\/#primaryimage"},"image":{"@id":"https:\/\/tribunademinas.audiencelabs.com.br\/itau-vai-ter-que-liberar-pagamentos-de-fgts-brasileiros-vao-sacar\/#primaryimage"},"thumbnailUrl":"https:\/\/tribunademinas.audiencelabs.com.br\/wp-content\/uploads\/2025\/09\/Itau.png","datePublished":"2025-09-11T10:45:00+00:00","description":"O Banco Ita\u00fa deve pagar o Fundo de Garantia por Tempo de Servi\u00e7o (FGTS) para milhares de brasileiros ap\u00f3s decis\u00e3o tomada nesta semana.","breadcrumb":{"@id":"https:\/\/tribunademinas.audiencelabs.com.br\/itau-vai-ter-que-liberar-pagamentos-de-fgts-brasileiros-vao-sacar\/#breadcrumb"},"inLanguage":"pt-BR","potentialAction":[{"@type":"ReadAction","target":["https:\/\/tribunademinas.audiencelabs.com.br\/itau-vai-ter-que-liberar-pagamentos-de-fgts-brasileiros-vao-sacar\/"]}]},{"@type":"ImageObject","inLanguage":"pt-BR","@id":"https:\/\/tribunademinas.audiencelabs.com.br\/itau-vai-ter-que-liberar-pagamentos-de-fgts-brasileiros-vao-sacar\/#primaryimage","url":"https:\/\/tribunademinas.audiencelabs.com.br\/wp-content\/uploads\/2025\/09\/Itau.png","contentUrl":"https:\/\/tribunademinas.audiencelabs.com.br\/wp-content\/uploads\/2025\/09\/Itau.png","width":1200,"height":600,"caption":"Ita\u00fa vai ter que liberar pagamentos de FGTS: brasileiros v\u00e3o sacar - Imagem: Divulga\u00e7\u00e3o\/Ita\u00fa"},{"@type":"BreadcrumbList","@id":"https:\/\/tribunademinas.audiencelabs.com.br\/itau-vai-ter-que-liberar-pagamentos-de-fgts-brasileiros-vao-sacar\/#breadcrumb","itemListElement":[{"@type":"ListItem","position":1,"name":"In\u00edcio","item":"https:\/\/tribunademinas.audiencelabs.com.br\/"},{"@type":"ListItem","position":2,"name":"Ita\u00fa vai ter que liberar pagamentos de FGTS: brasileiros v\u00e3o sacar"}]},{"@type":"WebSite","@id":"https:\/\/tribunademinas.audiencelabs.com.br\/#website","url":"https:\/\/tribunademinas.audiencelabs.com.br\/","name":"Tribuna de Minas - Dinheiro e Cidadania","description":"","publisher":{"@id":"https:\/\/tribunademinas.audiencelabs.com.br\/#organization"},"potentialAction":[{"@type":"SearchAction","target":{"@type":"EntryPoint","urlTemplate":"https:\/\/tribunademinas.audiencelabs.com.br\/?s={search_term_string}"},"query-input":{"@type":"PropertyValueSpecification","valueRequired":true,"valueName":"search_term_string"}}],"inLanguage":"pt-BR"},{"@type":"Organization","@id":"https:\/\/tribunademinas.audiencelabs.com.br\/#organization","name":"Tribuna de Minas - Dinheiro e Cidadania","url":"https:\/\/tribunademinas.audiencelabs.com.br\/","logo":{"@type":"ImageObject","inLanguage":"pt-BR","@id":"https:\/\/tribunademinas.audiencelabs.com.br\/#\/schema\/logo\/image\/","url":"https:\/\/tribunademinas.audiencelabs.com.br\/wp-content\/uploads\/2025\/08\/cropped-Tribuna_512x512-96x96-1.png","contentUrl":"https:\/\/tribunademinas.audiencelabs.com.br\/wp-content\/uploads\/2025\/08\/cropped-Tribuna_512x512-96x96-1.png","width":96,"height":96,"caption":"Tribuna de Minas - Dinheiro e Cidadania"},"image":{"@id":"https:\/\/tribunademinas.audiencelabs.com.br\/#\/schema\/logo\/image\/"},"sameAs":["https:\/\/www.facebook.com\/tribunademinas\/","https:\/\/x.com\/tribunademinas","https:\/\/www.instagram.com\/tribunademinas\/","https:\/\/www.youtube.com\/user\/TribunadeMinasJF"]},{"@type":"Person","@id":"https:\/\/tribunademinas.audiencelabs.com.br\/#\/schema\/person\/db18fc40307804bacef94213aa68fd9d","name":"Jeferson Carvalho","image":{"@type":"ImageObject","inLanguage":"pt-BR","@id":"https:\/\/tribunademinas.audiencelabs.com.br\/#\/schema\/person\/image\/","url":"https:\/\/secure.gravatar.com\/avatar\/cd7646e328d9670dad7dea8698522e522745eeffcff5b9d08be858e377ce326b?s=96&d=mm&r=g","contentUrl":"https:\/\/secure.gravatar.com\/avatar\/cd7646e328d9670dad7dea8698522e522745eeffcff5b9d08be858e377ce326b?s=96&d=mm&r=g","caption":"Jeferson Carvalho"},"description":"Jornalista apaixonado pela profiss\u00e3o!","url":"https:\/\/tribunademinas.audiencelabs.com.br\/author\/jeferson\/"}]}},"amp_enabled":true,"_links":{"self":[{"href":"https:\/\/tribunademinas.audiencelabs.com.br\/wp-json\/wp\/v2\/posts\/1252","targetHints":{"allow":["GET"]}}],"collection":[{"href":"https:\/\/tribunademinas.audiencelabs.com.br\/wp-json\/wp\/v2\/posts"}],"about":[{"href":"https:\/\/tribunademinas.audiencelabs.com.br\/wp-json\/wp\/v2\/types\/post"}],"author":[{"embeddable":true,"href":"https:\/\/tribunademinas.audiencelabs.com.br\/wp-json\/wp\/v2\/users\/5"}],"replies":[{"embeddable":true,"href":"https:\/\/tribunademinas.audiencelabs.com.br\/wp-json\/wp\/v2\/comments?post=1252"}],"version-history":[{"count":1,"href":"https:\/\/tribunademinas.audiencelabs.com.br\/wp-json\/wp\/v2\/posts\/1252\/revisions"}],"predecessor-version":[{"id":1254,"href":"https:\/\/tribunademinas.audiencelabs.com.br\/wp-json\/wp\/v2\/posts\/1252\/revisions\/1254"}],"wp:featuredmedia":[{"embeddable":true,"href":"https:\/\/tribunademinas.audiencelabs.com.br\/wp-json\/wp\/v2\/media\/1253"}],"wp:attachment":[{"href":"https:\/\/tribunademinas.audiencelabs.com.br\/wp-json\/wp\/v2\/media?parent=1252"}],"wp:term":[{"taxonomy":"category","embeddable":true,"href":"https:\/\/tribunademinas.audiencelabs.com.br\/wp-json\/wp\/v2\/categories?post=1252"},{"taxonomy":"post_tag","embeddable":true,"href":"https:\/\/tribunademinas.audiencelabs.com.br\/wp-json\/wp\/v2\/tags?post=1252"}],"curies":[{"name":"wp","href":"https:\/\/api.w.org\/{rel}","templated":true}]}}