{"id":1228,"date":"2025-09-10T16:18:15","date_gmt":"2025-09-10T19:18:15","guid":{"rendered":"https:\/\/tribunademinas.audiencelabs.com.br\/?p=1228"},"modified":"2025-09-10T16:18:21","modified_gmt":"2025-09-10T19:18:21","slug":"quem-e-o-homem-mais-rico-do-brasil","status":"publish","type":"post","link":"https:\/\/tribunademinas.audiencelabs.com.br\/quem-e-o-homem-mais-rico-do-brasil\/","title":{"rendered":"Quem \u00e9 o homem mais rico do Brasil?"},"content":{"rendered":"\n<p>A <a href=\"https:\/\/forbes.com.br\/listas\/2025\/08\/lista-forbes-os-10-maiores-bilionarios-do-brasil-em-2025\/\"><strong>Revista Forbes<\/strong><\/a> divulgou mais uma edi\u00e7\u00e3o de sua tradicional lista com os brasileiros mais ricos, e, como j\u00e1 era esperado, poucas novidades surgiram no topo do ranking. <\/p>\n\n\n\n<p>A publica\u00e7\u00e3o, refer\u00eancia global no acompanhamento de grandes fortunas, confirmou que os maiores patrim\u00f4nios do pa\u00eds continuam nas m\u00e3os de nomes j\u00e1 conhecidos do p\u00fablico, com destaque absoluto para Eduardo Saverin, que pelo segundo ano seguido lidera o levantamento.<\/p>\n\n\n\n<h2 class=\"wp-block-heading\">Quem \u00e9 o homem mais rico do Brasil?<\/h2>\n\n\n\n<p>Eduardo Saverin, empres\u00e1rio nascido em S\u00e3o Paulo, mant\u00e9m o posto de homem mais rico do Brasil em 2025. Com uma fortuna estimada em R$ 227 bilh\u00f5es, ele viu seu patrim\u00f4nio crescer mais de 45% em apenas um ano. <\/p>\n\n\n\n<p>A principal raz\u00e3o por tr\u00e1s dessa expans\u00e3o expressiva est\u00e1 ligada ao bom desempenho da Meta Platforms, empresa controladora do Facebook, da qual Saverin foi cofundador ao lado de <a href=\"https:\/\/tribunademinas.com.br\/colunas\/maistendencias\/o-livro-que-o-dono-do-instagram-nao-quer-seus-usuarios-lendo\/\"><strong>Mark Zuckerberg<\/strong><\/a>, em 2004, ainda nos tempos de faculdade em Harvard.<\/p>\n\n\n\n<p>Atualmente com 43 anos, Saverin vive em Singapura, onde se estabeleceu desde 2012. Embora tenha se afastado das opera\u00e7\u00f5es da Meta, ele ainda det\u00e9m a\u00e7\u00f5es da companhia, que se valorizaram significativamente nos \u00faltimos meses devido \u00e0 corrida global pelos avan\u00e7os em intelig\u00eancia artificial. <\/p>\n\n\n\n<p>Al\u00e9m disso, ele lidera a B Capital, empresa de investimentos voltada para startups, o que o mant\u00e9m ativo no cen\u00e1rio de inova\u00e7\u00e3o tecnol\u00f3gica e capital de risco. Seu perfil discreto e reservado contrasta com o impacto financeiro que continua gerando no mercado.<\/p>\n\n\n\n<h3 class=\"wp-block-heading\">Lista dos brasileiros mais ricos traz outros nomes e se baseia em dados p\u00fablicos<\/h3>\n\n\n\n<p>A lista da Forbes tamb\u00e9m trouxe nomes j\u00e1 consolidados, como Vicky Safra e fam\u00edlia, Jorge Paulo Lemann e Andr\u00e9 Esteves. A \u00fanica mulher entre os dez primeiros colocados \u00e9 Vicky Safra, herdeira do imp\u00e9rio financeiro constru\u00eddo por Joseph Safra. <\/p>\n\n\n\n<p>O levantamento mostra que, embora a elite bilion\u00e1ria brasileira seja predominantemente masculina, h\u00e1 uma leve diversifica\u00e7\u00e3o em curso.<\/p>\n\n\n\n<p>Para compilar o ranking, a Forbes se baseia em dados p\u00fablicos, especialmente o valor de mercado de empresas listadas em bolsa at\u00e9 30 de junho de 2025. <\/p>\n\n\n\n<p>Tamb\u00e9m s\u00e3o consideradas participa\u00e7\u00f5es em neg\u00f3cios privados, desde que haja transpar\u00eancia nas informa\u00e7\u00f5es. Im\u00f3veis, obras de arte e ativos n\u00e3o declarados n\u00e3o entram no c\u00e1lculo, a menos que os pr\u00f3prios bilion\u00e1rios os informem voluntariamente.<\/p>\n\n\n\n<h3 class=\"wp-block-heading\">Top 10 bilion\u00e1rios brasileiros em 2025<\/h3>\n\n\n\n<figure class=\"wp-block-table is-style-stripes\"><table class=\"has-fixed-layout\"><thead><tr><th>Posi\u00e7\u00e3o<\/th><th>Nome<\/th><th>Fortuna (R$)<\/th><\/tr><\/thead><tbody><tr><td>1<\/td><td>Eduardo Saverin<\/td><td>227 bilh\u00f5es<\/td><\/tr><tr><td>2<\/td><td>Vicky Safra e fam\u00edlia<\/td><td>120,5 bilh\u00f5es<\/td><\/tr><tr><td>3<\/td><td>Jorge Paulo Lemann<\/td><td>88 bilh\u00f5es<\/td><\/tr><tr><td>4<\/td><td>Andr\u00e9 Esteves<\/td><td>51 bilh\u00f5es<\/td><\/tr><tr><td>5<\/td><td>Fernando Roberto Moreira Salles<\/td><td>40,2 bilh\u00f5es<\/td><\/tr><tr><td>6<\/td><td>Carlos Alberto Sicupira<\/td><td>39,1 bilh\u00f5es<\/td><\/tr><tr><td>7<\/td><td>Pedro Moreira Salles<\/td><td>38 bilh\u00f5es<\/td><\/tr><tr><td>8<\/td><td>Miguel Krigsner<\/td><td>34,2 bilh\u00f5es<\/td><\/tr><tr><td>9<\/td><td>Alexandre Behring<\/td><td>31 bilh\u00f5es<\/td><\/tr><tr><td>10<\/td><td>Jorge Moll Filho<\/td><td>30,4 bilh\u00f5es<\/td><\/tr><\/tbody><\/table><\/figure>\n","protected":false},"excerpt":{"rendered":"<p>A Revista Forbes divulgou mais uma edi\u00e7\u00e3o de sua tradicional lista com os brasileiros mais ricos, e, como j\u00e1 era esperado, poucas novidades surgiram no topo do ranking. A publica\u00e7\u00e3o, refer\u00eancia global no acompanhamento de grandes fortunas, confirmou que os maiores patrim\u00f4nios do pa\u00eds continuam nas m\u00e3os de nomes j\u00e1 conhecidos do p\u00fablico, com destaque [&hellip;]<\/p>\n","protected":false},"author":5,"featured_media":1229,"comment_status":"open","ping_status":"open","sticky":false,"template":"","format":"standard","meta":{"jnews-multi-image_gallery":[],"jnews_single_post":{"format":"standard"},"jnews_primary_category":[],"jnews_social_meta":[],"jnews_post_split":[],"footnotes":""},"categories":[1],"tags":[],"class_list":["post-1228","post","type-post","status-publish","format-standard","has-post-thumbnail","hentry","category-dinheiro"],"yoast_head":"<!-- This site is optimized with the Yoast SEO plugin v25.6 - https:\/\/yoast.com\/wordpress\/plugins\/seo\/ -->\n<title>Quem \u00e9 o homem mais rico do Brasil?<\/title>\n<meta name=\"description\" content=\"A Revista Forbes divulgou mais uma edi\u00e7\u00e3o de sua tradicional lista com os brasileiros mais ricos, e, como esperado, houve poucas novidades.\" \/>\n<meta name=\"robots\" content=\"index, follow, max-snippet:-1, max-image-preview:large, max-video-preview:-1\" \/>\n<link rel=\"canonical\" href=\"https:\/\/tribunademinas.audiencelabs.com.br\/quem-e-o-homem-mais-rico-do-brasil\/\" \/>\n<meta property=\"og:locale\" content=\"pt_BR\" \/>\n<meta property=\"og:type\" content=\"article\" \/>\n<meta property=\"og:title\" content=\"Quem \u00e9 o homem mais rico do Brasil?\" \/>\n<meta property=\"og:description\" content=\"A Revista Forbes divulgou mais uma edi\u00e7\u00e3o de sua tradicional lista com os brasileiros mais ricos, e, como esperado, houve poucas novidades.\" \/>\n<meta property=\"og:url\" content=\"https:\/\/tribunademinas.audiencelabs.com.br\/quem-e-o-homem-mais-rico-do-brasil\/\" \/>\n<meta property=\"og:site_name\" content=\"Tribuna de Minas - Dinheiro e Cidadania\" \/>\n<meta property=\"article:publisher\" content=\"https:\/\/www.facebook.com\/tribunademinas\/\" \/>\n<meta property=\"article:published_time\" content=\"2025-09-10T19:18:15+00:00\" \/>\n<meta property=\"article:modified_time\" content=\"2025-09-10T19:18:21+00:00\" \/>\n<meta property=\"og:image\" content=\"https:\/\/tribunademinas.audiencelabs.com.br\/wp-content\/uploads\/2025\/09\/rico.jpg\" \/>\n\t<meta property=\"og:image:width\" content=\"1280\" \/>\n\t<meta property=\"og:image:height\" content=\"1280\" \/>\n\t<meta property=\"og:image:type\" content=\"image\/jpeg\" \/>\n<meta name=\"author\" content=\"Jeferson Carvalho\" \/>\n<meta name=\"twitter:card\" content=\"summary_large_image\" \/>\n<meta name=\"twitter:creator\" content=\"@tribunademinas\" \/>\n<meta name=\"twitter:site\" content=\"@tribunademinas\" \/>\n<meta name=\"twitter:label1\" content=\"Escrito por\" \/>\n\t<meta name=\"twitter:data1\" content=\"Jeferson Carvalho\" \/>\n\t<meta name=\"twitter:label2\" content=\"Est. tempo de leitura\" \/>\n\t<meta name=\"twitter:data2\" content=\"3 minutos\" \/>\n<!-- \/ Yoast SEO plugin. -->","yoast_head_json":{"title":"Quem \u00e9 o homem mais rico do Brasil?","description":"A Revista Forbes divulgou mais uma edi\u00e7\u00e3o de sua tradicional lista com os brasileiros mais ricos, e, como esperado, houve poucas novidades.","robots":{"index":"index","follow":"follow","max-snippet":"max-snippet:-1","max-image-preview":"max-image-preview:large","max-video-preview":"max-video-preview:-1"},"canonical":"https:\/\/tribunademinas.audiencelabs.com.br\/quem-e-o-homem-mais-rico-do-brasil\/","og_locale":"pt_BR","og_type":"article","og_title":"Quem \u00e9 o homem mais rico do Brasil?","og_description":"A Revista Forbes divulgou mais uma edi\u00e7\u00e3o de sua tradicional lista com os brasileiros mais ricos, e, como esperado, houve poucas novidades.","og_url":"https:\/\/tribunademinas.audiencelabs.com.br\/quem-e-o-homem-mais-rico-do-brasil\/","og_site_name":"Tribuna de Minas - Dinheiro e Cidadania","article_publisher":"https:\/\/www.facebook.com\/tribunademinas\/","article_published_time":"2025-09-10T19:18:15+00:00","article_modified_time":"2025-09-10T19:18:21+00:00","og_image":[{"width":1280,"height":1280,"url":"https:\/\/tribunademinas.audiencelabs.com.br\/wp-content\/uploads\/2025\/09\/rico.jpg","type":"image\/jpeg"}],"author":"Jeferson Carvalho","twitter_card":"summary_large_image","twitter_creator":"@tribunademinas","twitter_site":"@tribunademinas","twitter_misc":{"Escrito por":"Jeferson Carvalho","Est. tempo de leitura":"3 minutos"},"schema":{"@context":"https:\/\/schema.org","@graph":[{"@type":"Article","@id":"https:\/\/tribunademinas.audiencelabs.com.br\/quem-e-o-homem-mais-rico-do-brasil\/#article","isPartOf":{"@id":"https:\/\/tribunademinas.audiencelabs.com.br\/quem-e-o-homem-mais-rico-do-brasil\/"},"author":{"name":"Jeferson Carvalho","@id":"https:\/\/tribunademinas.audiencelabs.com.br\/#\/schema\/person\/db18fc40307804bacef94213aa68fd9d"},"headline":"Quem \u00e9 o homem mais rico do Brasil?","datePublished":"2025-09-10T19:18:15+00:00","dateModified":"2025-09-10T19:18:21+00:00","mainEntityOfPage":{"@id":"https:\/\/tribunademinas.audiencelabs.com.br\/quem-e-o-homem-mais-rico-do-brasil\/"},"wordCount":469,"commentCount":0,"publisher":{"@id":"https:\/\/tribunademinas.audiencelabs.com.br\/#organization"},"image":{"@id":"https:\/\/tribunademinas.audiencelabs.com.br\/quem-e-o-homem-mais-rico-do-brasil\/#primaryimage"},"thumbnailUrl":"https:\/\/tribunademinas.audiencelabs.com.br\/wp-content\/uploads\/2025\/09\/rico.jpg","articleSection":["Dinheiro"],"inLanguage":"pt-BR","potentialAction":[{"@type":"CommentAction","name":"Comment","target":["https:\/\/tribunademinas.audiencelabs.com.br\/quem-e-o-homem-mais-rico-do-brasil\/#respond"]}]},{"@type":"WebPage","@id":"https:\/\/tribunademinas.audiencelabs.com.br\/quem-e-o-homem-mais-rico-do-brasil\/","url":"https:\/\/tribunademinas.audiencelabs.com.br\/quem-e-o-homem-mais-rico-do-brasil\/","name":"Quem \u00e9 o homem mais rico do Brasil?","isPartOf":{"@id":"https:\/\/tribunademinas.audiencelabs.com.br\/#website"},"primaryImageOfPage":{"@id":"https:\/\/tribunademinas.audiencelabs.com.br\/quem-e-o-homem-mais-rico-do-brasil\/#primaryimage"},"image":{"@id":"https:\/\/tribunademinas.audiencelabs.com.br\/quem-e-o-homem-mais-rico-do-brasil\/#primaryimage"},"thumbnailUrl":"https:\/\/tribunademinas.audiencelabs.com.br\/wp-content\/uploads\/2025\/09\/rico.jpg","datePublished":"2025-09-10T19:18:15+00:00","dateModified":"2025-09-10T19:18:21+00:00","description":"A Revista Forbes divulgou mais uma edi\u00e7\u00e3o de sua tradicional lista com os brasileiros mais ricos, e, como esperado, houve poucas novidades.","breadcrumb":{"@id":"https:\/\/tribunademinas.audiencelabs.com.br\/quem-e-o-homem-mais-rico-do-brasil\/#breadcrumb"},"inLanguage":"pt-BR","potentialAction":[{"@type":"ReadAction","target":["https:\/\/tribunademinas.audiencelabs.com.br\/quem-e-o-homem-mais-rico-do-brasil\/"]}]},{"@type":"ImageObject","inLanguage":"pt-BR","@id":"https:\/\/tribunademinas.audiencelabs.com.br\/quem-e-o-homem-mais-rico-do-brasil\/#primaryimage","url":"https:\/\/tribunademinas.audiencelabs.com.br\/wp-content\/uploads\/2025\/09\/rico.jpg","contentUrl":"https:\/\/tribunademinas.audiencelabs.com.br\/wp-content\/uploads\/2025\/09\/rico.jpg","width":1280,"height":1280,"caption":"Quem \u00e9 o homem mais rico do Brasil? - Imagem: Pixabay"},{"@type":"BreadcrumbList","@id":"https:\/\/tribunademinas.audiencelabs.com.br\/quem-e-o-homem-mais-rico-do-brasil\/#breadcrumb","itemListElement":[{"@type":"ListItem","position":1,"name":"In\u00edcio","item":"https:\/\/tribunademinas.audiencelabs.com.br\/"},{"@type":"ListItem","position":2,"name":"Quem \u00e9 o homem mais rico do Brasil?"}]},{"@type":"WebSite","@id":"https:\/\/tribunademinas.audiencelabs.com.br\/#website","url":"https:\/\/tribunademinas.audiencelabs.com.br\/","name":"Tribuna de Minas - Dinheiro e Cidadania","description":"","publisher":{"@id":"https:\/\/tribunademinas.audiencelabs.com.br\/#organization"},"potentialAction":[{"@type":"SearchAction","target":{"@type":"EntryPoint","urlTemplate":"https:\/\/tribunademinas.audiencelabs.com.br\/?s={search_term_string}"},"query-input":{"@type":"PropertyValueSpecification","valueRequired":true,"valueName":"search_term_string"}}],"inLanguage":"pt-BR"},{"@type":"Organization","@id":"https:\/\/tribunademinas.audiencelabs.com.br\/#organization","name":"Tribuna de Minas - Dinheiro e Cidadania","url":"https:\/\/tribunademinas.audiencelabs.com.br\/","logo":{"@type":"ImageObject","inLanguage":"pt-BR","@id":"https:\/\/tribunademinas.audiencelabs.com.br\/#\/schema\/logo\/image\/","url":"https:\/\/tribunademinas.audiencelabs.com.br\/wp-content\/uploads\/2025\/08\/cropped-Tribuna_512x512-96x96-1.png","contentUrl":"https:\/\/tribunademinas.audiencelabs.com.br\/wp-content\/uploads\/2025\/08\/cropped-Tribuna_512x512-96x96-1.png","width":96,"height":96,"caption":"Tribuna de Minas - Dinheiro e Cidadania"},"image":{"@id":"https:\/\/tribunademinas.audiencelabs.com.br\/#\/schema\/logo\/image\/"},"sameAs":["https:\/\/www.facebook.com\/tribunademinas\/","https:\/\/x.com\/tribunademinas","https:\/\/www.instagram.com\/tribunademinas\/","https:\/\/www.youtube.com\/user\/TribunadeMinasJF"]},{"@type":"Person","@id":"https:\/\/tribunademinas.audiencelabs.com.br\/#\/schema\/person\/db18fc40307804bacef94213aa68fd9d","name":"Jeferson Carvalho","image":{"@type":"ImageObject","inLanguage":"pt-BR","@id":"https:\/\/tribunademinas.audiencelabs.com.br\/#\/schema\/person\/image\/","url":"https:\/\/secure.gravatar.com\/avatar\/cd7646e328d9670dad7dea8698522e522745eeffcff5b9d08be858e377ce326b?s=96&d=mm&r=g","contentUrl":"https:\/\/secure.gravatar.com\/avatar\/cd7646e328d9670dad7dea8698522e522745eeffcff5b9d08be858e377ce326b?s=96&d=mm&r=g","caption":"Jeferson Carvalho"},"description":"Jornalista apaixonado pela profiss\u00e3o!","url":"https:\/\/tribunademinas.audiencelabs.com.br\/author\/jeferson\/"}]}},"amp_enabled":true,"_links":{"self":[{"href":"https:\/\/tribunademinas.audiencelabs.com.br\/wp-json\/wp\/v2\/posts\/1228","targetHints":{"allow":["GET"]}}],"collection":[{"href":"https:\/\/tribunademinas.audiencelabs.com.br\/wp-json\/wp\/v2\/posts"}],"about":[{"href":"https:\/\/tribunademinas.audiencelabs.com.br\/wp-json\/wp\/v2\/types\/post"}],"author":[{"embeddable":true,"href":"https:\/\/tribunademinas.audiencelabs.com.br\/wp-json\/wp\/v2\/users\/5"}],"replies":[{"embeddable":true,"href":"https:\/\/tribunademinas.audiencelabs.com.br\/wp-json\/wp\/v2\/comments?post=1228"}],"version-history":[{"count":1,"href":"https:\/\/tribunademinas.audiencelabs.com.br\/wp-json\/wp\/v2\/posts\/1228\/revisions"}],"predecessor-version":[{"id":1230,"href":"https:\/\/tribunademinas.audiencelabs.com.br\/wp-json\/wp\/v2\/posts\/1228\/revisions\/1230"}],"wp:featuredmedia":[{"embeddable":true,"href":"https:\/\/tribunademinas.audiencelabs.com.br\/wp-json\/wp\/v2\/media\/1229"}],"wp:attachment":[{"href":"https:\/\/tribunademinas.audiencelabs.com.br\/wp-json\/wp\/v2\/media?parent=1228"}],"wp:term":[{"taxonomy":"category","embeddable":true,"href":"https:\/\/tribunademinas.audiencelabs.com.br\/wp-json\/wp\/v2\/categories?post=1228"},{"taxonomy":"post_tag","embeddable":true,"href":"https:\/\/tribunademinas.audiencelabs.com.br\/wp-json\/wp\/v2\/tags?post=1228"}],"curies":[{"name":"wp","href":"https:\/\/api.w.org\/{rel}","templated":true}]}}