{"id":1210,"date":"2025-09-14T04:11:00","date_gmt":"2025-09-14T07:11:00","guid":{"rendered":"https:\/\/tribunademinas.audiencelabs.com.br\/?p=1210"},"modified":"2025-09-09T20:49:24","modified_gmt":"2025-09-09T23:49:24","slug":"folgao-para-milhares-de-pessoas-no-proximo-dia-16-de-setembro-confirmado","status":"publish","type":"post","link":"https:\/\/tribunademinas.audiencelabs.com.br\/folgao-para-milhares-de-pessoas-no-proximo-dia-16-de-setembro-confirmado\/","title":{"rendered":"Folg\u00e3o para milhares de pessoas no pr\u00f3ximo dia 16 de setembro: confirmado!"},"content":{"rendered":"\n<p>Milhares de brasileiros devem aproveitar uma pausa prolongada do trabalho na pr\u00f3xima semana. Tudo indica que muitos ter\u00e3o direito a um raro e bem-vindo \u201cfolg\u00e3o\u201d de quatro dias, combinando o fim de semana, a segunda-feira e o feriado da ter\u00e7a, 16 de setembro. <\/p>\n\n\n\n<p>Com um pouco de sorte, e acordo com o empregador, ser\u00e1 poss\u00edvel esticar o descanso deste s\u00e1bado (12) at\u00e9 ter\u00e7a-feira (16), emendando quase meio semana longe das obriga\u00e7\u00f5es profissionais.<\/p>\n\n\n\n<h2 class=\"wp-block-heading\">Folg\u00e3o para milhares de pessoas no pr\u00f3ximo dia 16 de setembro: confirmado!<\/h2>\n\n\n\n<p>O motivo para esse poss\u00edvel al\u00edvio na rotina \u00e9 um feriado estadual que ser\u00e1 celebrado na ter\u00e7a-feira, dia 16. <\/p>\n\n\n\n<p>A data marca a <strong><a href=\"https:\/\/www.al.al.leg.br\/comunicacao\/noticias\/presidente-marcelo-victor-destaca-os-207-anos-de-emancipacao-politica-de-alagoas\">Emancipa\u00e7\u00e3o Pol\u00edtica de Alagoas<\/a><\/strong>, um momento hist\u00f3rico que concedeu autonomia administrativa \u00e0 regi\u00e3o, separando-a da Capitania de Pernambuco em 1817. <\/p>\n\n\n\n<p>Desde ent\u00e3o, esse evento passou a ser lembrado oficialmente em todo o estado de Alagoas, com celebra\u00e7\u00f5es culturais, atos c\u00edvicos e uma programa\u00e7\u00e3o voltada para valorizar a hist\u00f3ria local.<\/p>\n\n\n\n<p>Como se trata de um feriado estadual, apenas os moradores de Alagoas, ou quem trabalha no estado, ter\u00e3o direito \u00e0 folga no dia 16. <\/p>\n\n\n\n<p>Por\u00e9m, vale destacar que a possibilidade de emendar segunda-feira com o feriado n\u00e3o \u00e9 autom\u00e1tica. A libera\u00e7\u00e3o da segunda depende de acordos individuais entre patr\u00f5es e funcion\u00e1rios ou de decis\u00f5es coletivas nos ambientes de trabalho. <\/p>\n\n\n\n<p>Ou seja, o famoso &#8220;enforcar&#8221; a v\u00e9spera do feriado para garantir o &#8220;folg\u00e3o&#8221; n\u00e3o \u00e9 garantido por lei. E, claro, setores essenciais como sa\u00fade, seguran\u00e7a e transporte podem seguir operando normalmente, com as devidas compensa\u00e7\u00f5es para quem estiver de plant\u00e3o.<\/p>\n\n\n\n<h3 class=\"wp-block-heading\">Ga\u00fachos podem ter &#8220;folg\u00e3o&#8221; no dia 20 de setembro<\/h3>\n\n\n\n<p>J\u00e1 na semana seguinte, outro estado brasileiro tamb\u00e9m ter\u00e1 uma data comemorativa importante. No dia <a href=\"https:\/\/tribunademinas.com.br\/colunas\/maistendencias\/feriado-do-20-de-setembro-no-rio-grande-do-sul-sera-na-segunda-feira-e-nao-domingo\/\"><strong>20 de setembro<\/strong><\/a>, o Rio Grande do Sul lembra o in\u00edcio da Revolu\u00e7\u00e3o Farroupilha, movimento que faz parte da identidade cultural do povo ga\u00facho. <\/p>\n\n\n\n<p>Por\u00e9m, em 2025, essa data cair\u00e1 em um s\u00e1bado, o que reduz a chance de descanso prolongado para a maioria dos trabalhadores.<\/p>\n\n\n\n<p>A boa not\u00edcia para os ga\u00fachos \u00e9 que em 2026 o cen\u00e1rio ser\u00e1 diferente. O 20 de setembro cair\u00e1 em uma segunda-feira, o que deve favorecer o turismo local e dar origem a um verdadeiro &#8220;folg\u00e3o&#8221; no estado. <\/p>\n\n\n\n<p>Assim, enquanto os alagoanos se preparam para descansar agora, os ga\u00fachos j\u00e1 t\u00eam bons motivos para contar os dias at\u00e9 o pr\u00f3ximo ano.<\/p>\n","protected":false},"excerpt":{"rendered":"<p>Milhares de brasileiros devem aproveitar uma pausa prolongada do trabalho na pr\u00f3xima semana. Tudo indica que muitos ter\u00e3o direito a um raro e bem-vindo \u201cfolg\u00e3o\u201d de quatro dias, combinando o fim de semana, a segunda-feira e o feriado da ter\u00e7a, 16 de setembro. Com um pouco de sorte, e acordo com o empregador, ser\u00e1 poss\u00edvel [&hellip;]<\/p>\n","protected":false},"author":5,"featured_media":1211,"comment_status":"open","ping_status":"open","sticky":false,"template":"","format":"standard","meta":{"jnews-multi-image_gallery":[],"jnews_single_post":{"format":"standard"},"jnews_primary_category":[],"jnews_social_meta":[],"jnews_post_split":[],"footnotes":""},"categories":[159],"tags":[],"class_list":["post-1210","post","type-post","status-publish","format-standard","has-post-thumbnail","hentry","category-cidadania"],"yoast_head":"<!-- This site is optimized with the Yoast SEO plugin v25.6 - https:\/\/yoast.com\/wordpress\/plugins\/seo\/ -->\n<title>Folg\u00e3o para milhares de pessoas no pr\u00f3ximo dia 16 de setembro: confirmado!<\/title>\n<meta name=\"description\" content=\"Tudo indica que muitos ter\u00e3o direito a um raro e bem-vindo \u201cfolg\u00e3o\u201d de quatro dias, do fim de semana at\u00e9 o feriado da ter\u00e7a, 16 de setembro.\" \/>\n<meta name=\"robots\" content=\"index, follow, max-snippet:-1, max-image-preview:large, max-video-preview:-1\" \/>\n<link rel=\"canonical\" href=\"https:\/\/tribunademinas.audiencelabs.com.br\/folgao-para-milhares-de-pessoas-no-proximo-dia-16-de-setembro-confirmado\/\" \/>\n<meta property=\"og:locale\" content=\"pt_BR\" \/>\n<meta property=\"og:type\" content=\"article\" \/>\n<meta property=\"og:title\" content=\"Folg\u00e3o para milhares de pessoas no pr\u00f3ximo dia 16 de setembro: confirmado!\" \/>\n<meta property=\"og:description\" content=\"Tudo indica que muitos ter\u00e3o direito a um raro e bem-vindo \u201cfolg\u00e3o\u201d de quatro dias, do fim de semana at\u00e9 o feriado da ter\u00e7a, 16 de setembro.\" \/>\n<meta property=\"og:url\" content=\"https:\/\/tribunademinas.audiencelabs.com.br\/folgao-para-milhares-de-pessoas-no-proximo-dia-16-de-setembro-confirmado\/\" \/>\n<meta property=\"og:site_name\" content=\"Tribuna de Minas - Dinheiro e Cidadania\" \/>\n<meta property=\"article:publisher\" content=\"https:\/\/www.facebook.com\/tribunademinas\/\" \/>\n<meta property=\"article:published_time\" content=\"2025-09-14T07:11:00+00:00\" \/>\n<meta property=\"og:image\" content=\"https:\/\/tribunademinas.audiencelabs.com.br\/wp-content\/uploads\/2025\/09\/folga.jpg\" \/>\n\t<meta property=\"og:image:width\" content=\"1280\" \/>\n\t<meta property=\"og:image:height\" content=\"853\" \/>\n\t<meta property=\"og:image:type\" content=\"image\/jpeg\" \/>\n<meta name=\"author\" content=\"Jeferson Carvalho\" \/>\n<meta name=\"twitter:card\" content=\"summary_large_image\" \/>\n<meta name=\"twitter:creator\" content=\"@tribunademinas\" \/>\n<meta name=\"twitter:site\" content=\"@tribunademinas\" \/>\n<meta name=\"twitter:label1\" content=\"Escrito por\" \/>\n\t<meta name=\"twitter:data1\" content=\"Jeferson Carvalho\" \/>\n\t<meta name=\"twitter:label2\" content=\"Est. tempo de leitura\" \/>\n\t<meta name=\"twitter:data2\" content=\"3 minutos\" \/>\n<!-- \/ Yoast SEO plugin. -->","yoast_head_json":{"title":"Folg\u00e3o para milhares de pessoas no pr\u00f3ximo dia 16 de setembro: confirmado!","description":"Tudo indica que muitos ter\u00e3o direito a um raro e bem-vindo \u201cfolg\u00e3o\u201d de quatro dias, do fim de semana at\u00e9 o feriado da ter\u00e7a, 16 de setembro.","robots":{"index":"index","follow":"follow","max-snippet":"max-snippet:-1","max-image-preview":"max-image-preview:large","max-video-preview":"max-video-preview:-1"},"canonical":"https:\/\/tribunademinas.audiencelabs.com.br\/folgao-para-milhares-de-pessoas-no-proximo-dia-16-de-setembro-confirmado\/","og_locale":"pt_BR","og_type":"article","og_title":"Folg\u00e3o para milhares de pessoas no pr\u00f3ximo dia 16 de setembro: confirmado!","og_description":"Tudo indica que muitos ter\u00e3o direito a um raro e bem-vindo \u201cfolg\u00e3o\u201d de quatro dias, do fim de semana at\u00e9 o feriado da ter\u00e7a, 16 de setembro.","og_url":"https:\/\/tribunademinas.audiencelabs.com.br\/folgao-para-milhares-de-pessoas-no-proximo-dia-16-de-setembro-confirmado\/","og_site_name":"Tribuna de Minas - Dinheiro e Cidadania","article_publisher":"https:\/\/www.facebook.com\/tribunademinas\/","article_published_time":"2025-09-14T07:11:00+00:00","og_image":[{"width":1280,"height":853,"url":"https:\/\/tribunademinas.audiencelabs.com.br\/wp-content\/uploads\/2025\/09\/folga.jpg","type":"image\/jpeg"}],"author":"Jeferson Carvalho","twitter_card":"summary_large_image","twitter_creator":"@tribunademinas","twitter_site":"@tribunademinas","twitter_misc":{"Escrito por":"Jeferson Carvalho","Est. tempo de leitura":"3 minutos"},"schema":{"@context":"https:\/\/schema.org","@graph":[{"@type":"Article","@id":"https:\/\/tribunademinas.audiencelabs.com.br\/folgao-para-milhares-de-pessoas-no-proximo-dia-16-de-setembro-confirmado\/#article","isPartOf":{"@id":"https:\/\/tribunademinas.audiencelabs.com.br\/folgao-para-milhares-de-pessoas-no-proximo-dia-16-de-setembro-confirmado\/"},"author":{"name":"Jeferson Carvalho","@id":"https:\/\/tribunademinas.audiencelabs.com.br\/#\/schema\/person\/db18fc40307804bacef94213aa68fd9d"},"headline":"Folg\u00e3o para milhares de pessoas no pr\u00f3ximo dia 16 de setembro: confirmado!","datePublished":"2025-09-14T07:11:00+00:00","mainEntityOfPage":{"@id":"https:\/\/tribunademinas.audiencelabs.com.br\/folgao-para-milhares-de-pessoas-no-proximo-dia-16-de-setembro-confirmado\/"},"wordCount":433,"commentCount":0,"publisher":{"@id":"https:\/\/tribunademinas.audiencelabs.com.br\/#organization"},"image":{"@id":"https:\/\/tribunademinas.audiencelabs.com.br\/folgao-para-milhares-de-pessoas-no-proximo-dia-16-de-setembro-confirmado\/#primaryimage"},"thumbnailUrl":"https:\/\/tribunademinas.audiencelabs.com.br\/wp-content\/uploads\/2025\/09\/folga.jpg","articleSection":["Cidadania"],"inLanguage":"pt-BR","potentialAction":[{"@type":"CommentAction","name":"Comment","target":["https:\/\/tribunademinas.audiencelabs.com.br\/folgao-para-milhares-de-pessoas-no-proximo-dia-16-de-setembro-confirmado\/#respond"]}]},{"@type":"WebPage","@id":"https:\/\/tribunademinas.audiencelabs.com.br\/folgao-para-milhares-de-pessoas-no-proximo-dia-16-de-setembro-confirmado\/","url":"https:\/\/tribunademinas.audiencelabs.com.br\/folgao-para-milhares-de-pessoas-no-proximo-dia-16-de-setembro-confirmado\/","name":"Folg\u00e3o para milhares de pessoas no pr\u00f3ximo dia 16 de setembro: confirmado!","isPartOf":{"@id":"https:\/\/tribunademinas.audiencelabs.com.br\/#website"},"primaryImageOfPage":{"@id":"https:\/\/tribunademinas.audiencelabs.com.br\/folgao-para-milhares-de-pessoas-no-proximo-dia-16-de-setembro-confirmado\/#primaryimage"},"image":{"@id":"https:\/\/tribunademinas.audiencelabs.com.br\/folgao-para-milhares-de-pessoas-no-proximo-dia-16-de-setembro-confirmado\/#primaryimage"},"thumbnailUrl":"https:\/\/tribunademinas.audiencelabs.com.br\/wp-content\/uploads\/2025\/09\/folga.jpg","datePublished":"2025-09-14T07:11:00+00:00","description":"Tudo indica que muitos ter\u00e3o direito a um raro e bem-vindo \u201cfolg\u00e3o\u201d de quatro dias, do fim de semana at\u00e9 o feriado da ter\u00e7a, 16 de setembro.","breadcrumb":{"@id":"https:\/\/tribunademinas.audiencelabs.com.br\/folgao-para-milhares-de-pessoas-no-proximo-dia-16-de-setembro-confirmado\/#breadcrumb"},"inLanguage":"pt-BR","potentialAction":[{"@type":"ReadAction","target":["https:\/\/tribunademinas.audiencelabs.com.br\/folgao-para-milhares-de-pessoas-no-proximo-dia-16-de-setembro-confirmado\/"]}]},{"@type":"ImageObject","inLanguage":"pt-BR","@id":"https:\/\/tribunademinas.audiencelabs.com.br\/folgao-para-milhares-de-pessoas-no-proximo-dia-16-de-setembro-confirmado\/#primaryimage","url":"https:\/\/tribunademinas.audiencelabs.com.br\/wp-content\/uploads\/2025\/09\/folga.jpg","contentUrl":"https:\/\/tribunademinas.audiencelabs.com.br\/wp-content\/uploads\/2025\/09\/folga.jpg","width":1280,"height":853,"caption":"Folg\u00e3o para milhares de pessoas no pr\u00f3ximo dia 16 de setembro: confirmado! - Imagem: Pixabay"},{"@type":"BreadcrumbList","@id":"https:\/\/tribunademinas.audiencelabs.com.br\/folgao-para-milhares-de-pessoas-no-proximo-dia-16-de-setembro-confirmado\/#breadcrumb","itemListElement":[{"@type":"ListItem","position":1,"name":"In\u00edcio","item":"https:\/\/tribunademinas.audiencelabs.com.br\/"},{"@type":"ListItem","position":2,"name":"Folg\u00e3o para milhares de pessoas no pr\u00f3ximo dia 16 de setembro: confirmado!"}]},{"@type":"WebSite","@id":"https:\/\/tribunademinas.audiencelabs.com.br\/#website","url":"https:\/\/tribunademinas.audiencelabs.com.br\/","name":"Tribuna de Minas - Dinheiro e Cidadania","description":"","publisher":{"@id":"https:\/\/tribunademinas.audiencelabs.com.br\/#organization"},"potentialAction":[{"@type":"SearchAction","target":{"@type":"EntryPoint","urlTemplate":"https:\/\/tribunademinas.audiencelabs.com.br\/?s={search_term_string}"},"query-input":{"@type":"PropertyValueSpecification","valueRequired":true,"valueName":"search_term_string"}}],"inLanguage":"pt-BR"},{"@type":"Organization","@id":"https:\/\/tribunademinas.audiencelabs.com.br\/#organization","name":"Tribuna de Minas - Dinheiro e Cidadania","url":"https:\/\/tribunademinas.audiencelabs.com.br\/","logo":{"@type":"ImageObject","inLanguage":"pt-BR","@id":"https:\/\/tribunademinas.audiencelabs.com.br\/#\/schema\/logo\/image\/","url":"https:\/\/tribunademinas.audiencelabs.com.br\/wp-content\/uploads\/2025\/08\/cropped-Tribuna_512x512-96x96-1.png","contentUrl":"https:\/\/tribunademinas.audiencelabs.com.br\/wp-content\/uploads\/2025\/08\/cropped-Tribuna_512x512-96x96-1.png","width":96,"height":96,"caption":"Tribuna de Minas - Dinheiro e Cidadania"},"image":{"@id":"https:\/\/tribunademinas.audiencelabs.com.br\/#\/schema\/logo\/image\/"},"sameAs":["https:\/\/www.facebook.com\/tribunademinas\/","https:\/\/x.com\/tribunademinas","https:\/\/www.instagram.com\/tribunademinas\/","https:\/\/www.youtube.com\/user\/TribunadeMinasJF"]},{"@type":"Person","@id":"https:\/\/tribunademinas.audiencelabs.com.br\/#\/schema\/person\/db18fc40307804bacef94213aa68fd9d","name":"Jeferson Carvalho","image":{"@type":"ImageObject","inLanguage":"pt-BR","@id":"https:\/\/tribunademinas.audiencelabs.com.br\/#\/schema\/person\/image\/","url":"https:\/\/secure.gravatar.com\/avatar\/cd7646e328d9670dad7dea8698522e522745eeffcff5b9d08be858e377ce326b?s=96&d=mm&r=g","contentUrl":"https:\/\/secure.gravatar.com\/avatar\/cd7646e328d9670dad7dea8698522e522745eeffcff5b9d08be858e377ce326b?s=96&d=mm&r=g","caption":"Jeferson Carvalho"},"description":"Jornalista apaixonado pela profiss\u00e3o!","url":"https:\/\/tribunademinas.audiencelabs.com.br\/author\/jeferson\/"}]}},"amp_enabled":true,"_links":{"self":[{"href":"https:\/\/tribunademinas.audiencelabs.com.br\/wp-json\/wp\/v2\/posts\/1210","targetHints":{"allow":["GET"]}}],"collection":[{"href":"https:\/\/tribunademinas.audiencelabs.com.br\/wp-json\/wp\/v2\/posts"}],"about":[{"href":"https:\/\/tribunademinas.audiencelabs.com.br\/wp-json\/wp\/v2\/types\/post"}],"author":[{"embeddable":true,"href":"https:\/\/tribunademinas.audiencelabs.com.br\/wp-json\/wp\/v2\/users\/5"}],"replies":[{"embeddable":true,"href":"https:\/\/tribunademinas.audiencelabs.com.br\/wp-json\/wp\/v2\/comments?post=1210"}],"version-history":[{"count":1,"href":"https:\/\/tribunademinas.audiencelabs.com.br\/wp-json\/wp\/v2\/posts\/1210\/revisions"}],"predecessor-version":[{"id":1212,"href":"https:\/\/tribunademinas.audiencelabs.com.br\/wp-json\/wp\/v2\/posts\/1210\/revisions\/1212"}],"wp:featuredmedia":[{"embeddable":true,"href":"https:\/\/tribunademinas.audiencelabs.com.br\/wp-json\/wp\/v2\/media\/1211"}],"wp:attachment":[{"href":"https:\/\/tribunademinas.audiencelabs.com.br\/wp-json\/wp\/v2\/media?parent=1210"}],"wp:term":[{"taxonomy":"category","embeddable":true,"href":"https:\/\/tribunademinas.audiencelabs.com.br\/wp-json\/wp\/v2\/categories?post=1210"},{"taxonomy":"post_tag","embeddable":true,"href":"https:\/\/tribunademinas.audiencelabs.com.br\/wp-json\/wp\/v2\/tags?post=1210"}],"curies":[{"name":"wp","href":"https:\/\/api.w.org\/{rel}","templated":true}]}}