{"id":1192,"date":"2025-09-10T06:45:00","date_gmt":"2025-09-10T09:45:00","guid":{"rendered":"https:\/\/tribunademinas.audiencelabs.com.br\/?p=1192"},"modified":"2025-09-09T18:46:14","modified_gmt":"2025-09-09T21:46:14","slug":"mudou-saiba-qual-o-tempo-minimo-de-contribuicao-para-se-aposentar","status":"publish","type":"post","link":"https:\/\/tribunademinas.audiencelabs.com.br\/mudou-saiba-qual-o-tempo-minimo-de-contribuicao-para-se-aposentar\/","title":{"rendered":"Mudou? Saiba qual o tempo m\u00ednimo de contribui\u00e7\u00e3o para se aposentar"},"content":{"rendered":"\n<p>A aposentadoria ap\u00f3s anos de contribui\u00e7\u00e3o segue sendo o grande objetivo de muitos trabalhadores brasileiros que se aproximam da terceira idade. Para transformar esse sonho em realidade, no entanto, \u00e9 preciso cumprir<a href=\"https:\/\/tribunademinas.com.br\/colunas\/dinheiroecidadania\/regras-de-aposentadoria-vao-mudar-todos-precisam-ler-isso\/\"><strong> exig\u00eancias r\u00edgidas<\/strong><\/a> estabelecidas pela Previd\u00eancia Social. <\/p>\n\n\n\n<p>Em 2025, essas regras continuam sendo ajustadas conforme a Reforma da Previd\u00eancia aprovada em 2019, que alterou gradualmente os crit\u00e9rios para a concess\u00e3o do benef\u00edcio. <\/p>\n\n\n\n<p>Um dos pontos centrais dessas exig\u00eancias \u00e9 o tempo m\u00ednimo de contribui\u00e7\u00e3o ao Instituto Nacional do Seguro Social (<a href=\"https:\/\/meu.inss.gov.br\/\"><strong>INSS<\/strong><\/a>), aliado \u00e0 idade do segurado.<\/p>\n\n\n\n<h2 class=\"wp-block-heading\">Mudou? Saiba qual o tempo m\u00ednimo de contribui\u00e7\u00e3o para se aposentar<\/h2>\n\n\n\n<p>Neste ano, homens s\u00f3 podem se aposentar por tempo de contribui\u00e7\u00e3o se tiverem, no m\u00ednimo, 64 anos de idade e 35 anos de recolhimento ao INSS. Para as mulheres, a exig\u00eancia \u00e9 de 59 anos de idade e 30 anos de contribui\u00e7\u00e3o. <\/p>\n\n\n\n<p>Essa eleva\u00e7\u00e3o da idade m\u00ednima acontece de forma progressiva: a cada ano, h\u00e1 um acr\u00e9scimo de seis meses. Com isso, at\u00e9 2031, a idade m\u00ednima para as mulheres chegar\u00e1 a 62 anos. Para os homens, a meta de 65 anos ser\u00e1 exigida a partir de 2027.<\/p>\n\n\n\n<p>Al\u00e9m da aposentadoria por idade m\u00ednima e tempo de contribui\u00e7\u00e3o, existe o modelo por pontos, que combina ambos os fatores. <\/p>\n\n\n\n<p>Em 2025, o trabalhador do sexo masculino precisa alcan\u00e7ar 102 pontos, considerando a soma da idade com o tempo de contribui\u00e7\u00e3o, desde que tenha ao menos 35 anos pagos ao INSS. <\/p>\n\n\n\n<p>J\u00e1 as mulheres devem atingir 92 pontos, mantendo o requisito m\u00ednimo de 30 anos de contribui\u00e7\u00e3o. Essa pontua\u00e7\u00e3o tamb\u00e9m sobe anualmente, o que torna o acompanhamento constante uma necessidade para quem planeja o futuro.<\/p>\n\n\n\n<h3 class=\"wp-block-heading\">Al\u00e9m do tempo de contribui\u00e7\u00e3o, regras de transi\u00e7\u00e3o tamb\u00e9m devem ser observadas<\/h3>\n\n\n\n<p>Outro caminho poss\u00edvel para quem estava pr\u00f3ximo da aposentadoria em 2019 s\u00e3o as chamadas regras de transi\u00e7\u00e3o por ped\u00e1gio. <\/p>\n\n\n\n<p>Na modalidade de 50%, o trabalhador precisa cumprir metade do tempo que faltava para atingir o tempo m\u00ednimo de contribui\u00e7\u00e3o na data da reforma. <\/p>\n\n\n\n<p>J\u00e1 no ped\u00e1gio de 100%, a exig\u00eancia \u00e9 mais rigorosa: al\u00e9m de completar o tempo que faltava, o trabalhador deve cumprir exatamente o mesmo per\u00edodo adicional, al\u00e9m de atender a uma idade m\u00ednima, 60 anos para homens e 57 para mulheres.<\/p>\n\n\n\n<p>Quem atua como professor tem regras espec\u00edficas e mais brandas, desde que comprove atua\u00e7\u00e3o no magist\u00e9rio. Para todos os casos, \u00e9 poss\u00edvel simular o tempo restante para aposentadoria no aplicativo Meu INSS.<\/p>\n","protected":false},"excerpt":{"rendered":"<p>A aposentadoria ap\u00f3s anos de contribui\u00e7\u00e3o segue sendo o grande objetivo de muitos trabalhadores brasileiros que se aproximam da terceira idade. Para transformar esse sonho em realidade, no entanto, \u00e9 preciso cumprir exig\u00eancias r\u00edgidas estabelecidas pela Previd\u00eancia Social. Em 2025, essas regras continuam sendo ajustadas conforme a Reforma da Previd\u00eancia aprovada em 2019, que alterou [&hellip;]<\/p>\n","protected":false},"author":5,"featured_media":1193,"comment_status":"open","ping_status":"open","sticky":false,"template":"","format":"standard","meta":{"jnews-multi-image_gallery":[],"jnews_single_post":{"format":"standard"},"jnews_primary_category":[],"jnews_social_meta":[],"jnews_post_split":[],"footnotes":""},"categories":[159],"tags":[],"class_list":["post-1192","post","type-post","status-publish","format-standard","has-post-thumbnail","hentry","category-cidadania"],"yoast_head":"<!-- This site is optimized with the Yoast SEO plugin v25.6 - https:\/\/yoast.com\/wordpress\/plugins\/seo\/ -->\n<title>Mudou? Saiba qual o tempo m\u00ednimo de contribui\u00e7\u00e3o para se aposentar<\/title>\n<meta name=\"description\" content=\"A aposentadoria ap\u00f3s anos de contribui\u00e7\u00e3o segue sendo o grande objetivo de muitos trabalhadores brasileiros que se aproximam da velhice.\" \/>\n<meta name=\"robots\" content=\"index, follow, max-snippet:-1, max-image-preview:large, max-video-preview:-1\" \/>\n<link rel=\"canonical\" href=\"https:\/\/tribunademinas.audiencelabs.com.br\/mudou-saiba-qual-o-tempo-minimo-de-contribuicao-para-se-aposentar\/\" \/>\n<meta property=\"og:locale\" content=\"pt_BR\" \/>\n<meta property=\"og:type\" content=\"article\" \/>\n<meta property=\"og:title\" content=\"Mudou? Saiba qual o tempo m\u00ednimo de contribui\u00e7\u00e3o para se aposentar\" \/>\n<meta property=\"og:description\" content=\"A aposentadoria ap\u00f3s anos de contribui\u00e7\u00e3o segue sendo o grande objetivo de muitos trabalhadores brasileiros que se aproximam da velhice.\" \/>\n<meta property=\"og:url\" content=\"https:\/\/tribunademinas.audiencelabs.com.br\/mudou-saiba-qual-o-tempo-minimo-de-contribuicao-para-se-aposentar\/\" \/>\n<meta property=\"og:site_name\" content=\"Tribuna de Minas - Dinheiro e Cidadania\" \/>\n<meta property=\"article:publisher\" content=\"https:\/\/www.facebook.com\/tribunademinas\/\" \/>\n<meta property=\"article:published_time\" content=\"2025-09-10T09:45:00+00:00\" \/>\n<meta property=\"og:image\" content=\"https:\/\/tribunademinas.audiencelabs.com.br\/wp-content\/uploads\/2025\/09\/contribuicao.webp\" \/>\n\t<meta property=\"og:image:width\" content=\"1170\" \/>\n\t<meta property=\"og:image:height\" content=\"700\" \/>\n\t<meta property=\"og:image:type\" content=\"image\/webp\" \/>\n<meta name=\"author\" content=\"Jeferson Carvalho\" \/>\n<meta name=\"twitter:card\" content=\"summary_large_image\" \/>\n<meta name=\"twitter:creator\" content=\"@tribunademinas\" \/>\n<meta name=\"twitter:site\" content=\"@tribunademinas\" \/>\n<meta name=\"twitter:label1\" content=\"Escrito por\" \/>\n\t<meta name=\"twitter:data1\" content=\"Jeferson Carvalho\" \/>\n\t<meta name=\"twitter:label2\" content=\"Est. tempo de leitura\" \/>\n\t<meta name=\"twitter:data2\" content=\"3 minutos\" \/>\n<!-- \/ Yoast SEO plugin. -->","yoast_head_json":{"title":"Mudou? Saiba qual o tempo m\u00ednimo de contribui\u00e7\u00e3o para se aposentar","description":"A aposentadoria ap\u00f3s anos de contribui\u00e7\u00e3o segue sendo o grande objetivo de muitos trabalhadores brasileiros que se aproximam da velhice.","robots":{"index":"index","follow":"follow","max-snippet":"max-snippet:-1","max-image-preview":"max-image-preview:large","max-video-preview":"max-video-preview:-1"},"canonical":"https:\/\/tribunademinas.audiencelabs.com.br\/mudou-saiba-qual-o-tempo-minimo-de-contribuicao-para-se-aposentar\/","og_locale":"pt_BR","og_type":"article","og_title":"Mudou? Saiba qual o tempo m\u00ednimo de contribui\u00e7\u00e3o para se aposentar","og_description":"A aposentadoria ap\u00f3s anos de contribui\u00e7\u00e3o segue sendo o grande objetivo de muitos trabalhadores brasileiros que se aproximam da velhice.","og_url":"https:\/\/tribunademinas.audiencelabs.com.br\/mudou-saiba-qual-o-tempo-minimo-de-contribuicao-para-se-aposentar\/","og_site_name":"Tribuna de Minas - Dinheiro e Cidadania","article_publisher":"https:\/\/www.facebook.com\/tribunademinas\/","article_published_time":"2025-09-10T09:45:00+00:00","og_image":[{"width":1170,"height":700,"url":"https:\/\/tribunademinas.audiencelabs.com.br\/wp-content\/uploads\/2025\/09\/contribuicao.webp","type":"image\/webp"}],"author":"Jeferson Carvalho","twitter_card":"summary_large_image","twitter_creator":"@tribunademinas","twitter_site":"@tribunademinas","twitter_misc":{"Escrito por":"Jeferson Carvalho","Est. tempo de leitura":"3 minutos"},"schema":{"@context":"https:\/\/schema.org","@graph":[{"@type":"Article","@id":"https:\/\/tribunademinas.audiencelabs.com.br\/mudou-saiba-qual-o-tempo-minimo-de-contribuicao-para-se-aposentar\/#article","isPartOf":{"@id":"https:\/\/tribunademinas.audiencelabs.com.br\/mudou-saiba-qual-o-tempo-minimo-de-contribuicao-para-se-aposentar\/"},"author":{"name":"Jeferson Carvalho","@id":"https:\/\/tribunademinas.audiencelabs.com.br\/#\/schema\/person\/db18fc40307804bacef94213aa68fd9d"},"headline":"Mudou? Saiba qual o tempo m\u00ednimo de contribui\u00e7\u00e3o para se aposentar","datePublished":"2025-09-10T09:45:00+00:00","mainEntityOfPage":{"@id":"https:\/\/tribunademinas.audiencelabs.com.br\/mudou-saiba-qual-o-tempo-minimo-de-contribuicao-para-se-aposentar\/"},"wordCount":438,"commentCount":0,"publisher":{"@id":"https:\/\/tribunademinas.audiencelabs.com.br\/#organization"},"image":{"@id":"https:\/\/tribunademinas.audiencelabs.com.br\/mudou-saiba-qual-o-tempo-minimo-de-contribuicao-para-se-aposentar\/#primaryimage"},"thumbnailUrl":"https:\/\/tribunademinas.audiencelabs.com.br\/wp-content\/uploads\/2025\/09\/contribuicao.webp","articleSection":["Cidadania"],"inLanguage":"pt-BR","potentialAction":[{"@type":"CommentAction","name":"Comment","target":["https:\/\/tribunademinas.audiencelabs.com.br\/mudou-saiba-qual-o-tempo-minimo-de-contribuicao-para-se-aposentar\/#respond"]}]},{"@type":"WebPage","@id":"https:\/\/tribunademinas.audiencelabs.com.br\/mudou-saiba-qual-o-tempo-minimo-de-contribuicao-para-se-aposentar\/","url":"https:\/\/tribunademinas.audiencelabs.com.br\/mudou-saiba-qual-o-tempo-minimo-de-contribuicao-para-se-aposentar\/","name":"Mudou? Saiba qual o tempo m\u00ednimo de contribui\u00e7\u00e3o para se aposentar","isPartOf":{"@id":"https:\/\/tribunademinas.audiencelabs.com.br\/#website"},"primaryImageOfPage":{"@id":"https:\/\/tribunademinas.audiencelabs.com.br\/mudou-saiba-qual-o-tempo-minimo-de-contribuicao-para-se-aposentar\/#primaryimage"},"image":{"@id":"https:\/\/tribunademinas.audiencelabs.com.br\/mudou-saiba-qual-o-tempo-minimo-de-contribuicao-para-se-aposentar\/#primaryimage"},"thumbnailUrl":"https:\/\/tribunademinas.audiencelabs.com.br\/wp-content\/uploads\/2025\/09\/contribuicao.webp","datePublished":"2025-09-10T09:45:00+00:00","description":"A aposentadoria ap\u00f3s anos de contribui\u00e7\u00e3o segue sendo o grande objetivo de muitos trabalhadores brasileiros que se aproximam da velhice.","breadcrumb":{"@id":"https:\/\/tribunademinas.audiencelabs.com.br\/mudou-saiba-qual-o-tempo-minimo-de-contribuicao-para-se-aposentar\/#breadcrumb"},"inLanguage":"pt-BR","potentialAction":[{"@type":"ReadAction","target":["https:\/\/tribunademinas.audiencelabs.com.br\/mudou-saiba-qual-o-tempo-minimo-de-contribuicao-para-se-aposentar\/"]}]},{"@type":"ImageObject","inLanguage":"pt-BR","@id":"https:\/\/tribunademinas.audiencelabs.com.br\/mudou-saiba-qual-o-tempo-minimo-de-contribuicao-para-se-aposentar\/#primaryimage","url":"https:\/\/tribunademinas.audiencelabs.com.br\/wp-content\/uploads\/2025\/09\/contribuicao.webp","contentUrl":"https:\/\/tribunademinas.audiencelabs.com.br\/wp-content\/uploads\/2025\/09\/contribuicao.webp","width":1170,"height":700,"caption":"Mudou? Saiba qual o tempo m\u00ednimo de contribui\u00e7\u00e3o para se aposentar - Imagem: Ag\u00eancia Brasil"},{"@type":"BreadcrumbList","@id":"https:\/\/tribunademinas.audiencelabs.com.br\/mudou-saiba-qual-o-tempo-minimo-de-contribuicao-para-se-aposentar\/#breadcrumb","itemListElement":[{"@type":"ListItem","position":1,"name":"In\u00edcio","item":"https:\/\/tribunademinas.audiencelabs.com.br\/"},{"@type":"ListItem","position":2,"name":"Mudou? Saiba qual o tempo m\u00ednimo de contribui\u00e7\u00e3o para se aposentar"}]},{"@type":"WebSite","@id":"https:\/\/tribunademinas.audiencelabs.com.br\/#website","url":"https:\/\/tribunademinas.audiencelabs.com.br\/","name":"Tribuna de Minas - Dinheiro e Cidadania","description":"","publisher":{"@id":"https:\/\/tribunademinas.audiencelabs.com.br\/#organization"},"potentialAction":[{"@type":"SearchAction","target":{"@type":"EntryPoint","urlTemplate":"https:\/\/tribunademinas.audiencelabs.com.br\/?s={search_term_string}"},"query-input":{"@type":"PropertyValueSpecification","valueRequired":true,"valueName":"search_term_string"}}],"inLanguage":"pt-BR"},{"@type":"Organization","@id":"https:\/\/tribunademinas.audiencelabs.com.br\/#organization","name":"Tribuna de Minas - Dinheiro e Cidadania","url":"https:\/\/tribunademinas.audiencelabs.com.br\/","logo":{"@type":"ImageObject","inLanguage":"pt-BR","@id":"https:\/\/tribunademinas.audiencelabs.com.br\/#\/schema\/logo\/image\/","url":"https:\/\/tribunademinas.audiencelabs.com.br\/wp-content\/uploads\/2025\/08\/cropped-Tribuna_512x512-96x96-1.png","contentUrl":"https:\/\/tribunademinas.audiencelabs.com.br\/wp-content\/uploads\/2025\/08\/cropped-Tribuna_512x512-96x96-1.png","width":96,"height":96,"caption":"Tribuna de Minas - Dinheiro e Cidadania"},"image":{"@id":"https:\/\/tribunademinas.audiencelabs.com.br\/#\/schema\/logo\/image\/"},"sameAs":["https:\/\/www.facebook.com\/tribunademinas\/","https:\/\/x.com\/tribunademinas","https:\/\/www.instagram.com\/tribunademinas\/","https:\/\/www.youtube.com\/user\/TribunadeMinasJF"]},{"@type":"Person","@id":"https:\/\/tribunademinas.audiencelabs.com.br\/#\/schema\/person\/db18fc40307804bacef94213aa68fd9d","name":"Jeferson Carvalho","image":{"@type":"ImageObject","inLanguage":"pt-BR","@id":"https:\/\/tribunademinas.audiencelabs.com.br\/#\/schema\/person\/image\/","url":"https:\/\/secure.gravatar.com\/avatar\/cd7646e328d9670dad7dea8698522e522745eeffcff5b9d08be858e377ce326b?s=96&d=mm&r=g","contentUrl":"https:\/\/secure.gravatar.com\/avatar\/cd7646e328d9670dad7dea8698522e522745eeffcff5b9d08be858e377ce326b?s=96&d=mm&r=g","caption":"Jeferson Carvalho"},"description":"Jornalista apaixonado pela profiss\u00e3o!","url":"https:\/\/tribunademinas.audiencelabs.com.br\/author\/jeferson\/"}]}},"amp_enabled":true,"_links":{"self":[{"href":"https:\/\/tribunademinas.audiencelabs.com.br\/wp-json\/wp\/v2\/posts\/1192","targetHints":{"allow":["GET"]}}],"collection":[{"href":"https:\/\/tribunademinas.audiencelabs.com.br\/wp-json\/wp\/v2\/posts"}],"about":[{"href":"https:\/\/tribunademinas.audiencelabs.com.br\/wp-json\/wp\/v2\/types\/post"}],"author":[{"embeddable":true,"href":"https:\/\/tribunademinas.audiencelabs.com.br\/wp-json\/wp\/v2\/users\/5"}],"replies":[{"embeddable":true,"href":"https:\/\/tribunademinas.audiencelabs.com.br\/wp-json\/wp\/v2\/comments?post=1192"}],"version-history":[{"count":1,"href":"https:\/\/tribunademinas.audiencelabs.com.br\/wp-json\/wp\/v2\/posts\/1192\/revisions"}],"predecessor-version":[{"id":1195,"href":"https:\/\/tribunademinas.audiencelabs.com.br\/wp-json\/wp\/v2\/posts\/1192\/revisions\/1195"}],"wp:featuredmedia":[{"embeddable":true,"href":"https:\/\/tribunademinas.audiencelabs.com.br\/wp-json\/wp\/v2\/media\/1193"}],"wp:attachment":[{"href":"https:\/\/tribunademinas.audiencelabs.com.br\/wp-json\/wp\/v2\/media?parent=1192"}],"wp:term":[{"taxonomy":"category","embeddable":true,"href":"https:\/\/tribunademinas.audiencelabs.com.br\/wp-json\/wp\/v2\/categories?post=1192"},{"taxonomy":"post_tag","embeddable":true,"href":"https:\/\/tribunademinas.audiencelabs.com.br\/wp-json\/wp\/v2\/tags?post=1192"}],"curies":[{"name":"wp","href":"https:\/\/api.w.org\/{rel}","templated":true}]}}