{"id":1180,"date":"2025-09-13T08:36:00","date_gmt":"2025-09-13T11:36:00","guid":{"rendered":"https:\/\/tribunademinas.audiencelabs.com.br\/?p=1180"},"modified":"2025-09-09T17:19:30","modified_gmt":"2025-09-09T20:19:30","slug":"lula-vence-tarcisio-para-reeleicao-em-2026","status":"publish","type":"post","link":"https:\/\/tribunademinas.audiencelabs.com.br\/lula-vence-tarcisio-para-reeleicao-em-2026\/","title":{"rendered":"Lula \u201cvence\u201d Tarc\u00edsio para reelei\u00e7\u00e3o em 2026"},"content":{"rendered":"\n<p>A partir do pr\u00f3ximo ano, os cidad\u00e3os ter\u00e3o a tarefa de eleger os ocupantes dos cargos do Poder Executivo, incluindo a presid\u00eancia da Rep\u00fablica, para um mandato de quatro anos. Por conta disso, diversas pesquisas de opini\u00e3o j\u00e1 est\u00e3o sendo realizadas para avaliar as chances dos candidatos.<\/p>\n\n\n\n<p>E segundo um levantamento da Confedera\u00e7\u00e3o Nacional do Transporte (CNT), em parceria com o instituto MDA, divulgado nesta segunda-feira (8), o presidente <strong>Luiz In\u00e1cio Lula da Silva (PT)<\/strong> continua liderando as prefer\u00eancias dos eleitores.<\/p>\n\n\n\n<p>De acordo com o que foi divulgado, em uma disputa entre o petista contra o governador de S\u00e3o Paulo,\u00a0<strong>Tarc\u00edsio de Freitas (Republicanos<\/strong>), no segundo turno, Lula sairia vitorioso, contando com\u00a0<strong>43,9%<\/strong>\u00a0das inten\u00e7\u00f5es de voto.<\/p>\n\n\n\n<p>Em outro cen\u00e1rio analisado, caso o ex-presidente<strong> Jair Bolsonaro (PL)<\/strong>, ineleg\u00edvel at\u00e9 2030 por decis\u00e3o do Tribunal Superior Eleitoral (TSE), enfrentasse Lula nas pr\u00f3ximas elei\u00e7\u00f5es, o petista tamb\u00e9m venceria, acumulando<strong> 45,7% <\/strong>do eleitorado.<\/p>\n\n\n\n<p>Para a realiza\u00e7\u00e3o da pesquisa, foram entrevistadas cerca de 2.002 pessoas entre os dias 3 e 6 de setembro, por meio de visitas domiciliares. A margem de erro \u00e9 de 2,2 pontos percentuais, com 95% de n\u00edvel de confian\u00e7a.<\/p>\n\n\n\n<h2 class=\"wp-block-heading\">Chances de Lula tamb\u00e9m s\u00e3o altas no primeiro turno<\/h2>\n\n\n\n<p>Ainda segundo a an\u00e1lise da CNT\/MDA, Lula se tamb\u00e9m mant\u00e9m em posi\u00e7\u00e3o de destaque em um eventual primeiro turno para o Planalto em 2026, reunindo <strong>35,8% <\/strong>das inten\u00e7\u00f5es de voto.<\/p>\n\n\n\n<p>Contudo, vale destacar que, neste cen\u00e1rio, o l\u00edder petista aparece com ainda mais vantagem, apresentando cerca de 19 pontos percentuais a mais que o segundo colocado, Tarc\u00edsio. Confira o ranking completo abaixo (via CNN):<\/p>\n\n\n\n<ul class=\"wp-block-list\">\n<li><strong>Luiz In\u00e1cio Lula da Silva (PT):<\/strong>\u00a035,8%<\/li>\n\n\n\n<li><strong>Tarc\u00edsio de Freitas (Republicanos):<\/strong>\u00a017,1%<\/li>\n\n\n\n<li><strong>Ciro Gomes (PDT):<\/strong>\u00a011,6%<\/li>\n\n\n\n<li><strong>Ratinho Jr. (PSD):<\/strong>\u00a010%<\/li>\n\n\n\n<li><strong>Ronaldo Caiado (Uni\u00e3o):<\/strong>\u00a04,2%<\/li>\n\n\n\n<li><strong>Romeu Zema (Novo):<\/strong>\u00a03,6%<\/li>\n\n\n\n<li><strong>Branco\/nulo:<\/strong>\u00a012,4%<\/li>\n\n\n\n<li><strong>Indeciso:<\/strong>\u00a05,3%<\/li>\n<\/ul>\n\n\n\n<p>At\u00e9 o momento, Lula ainda n\u00e3o anunciou oficialmente se concorrer\u00e1 \u00e0 reelei\u00e7\u00e3o no pr\u00f3ximo ano. Contudo, em declara\u00e7\u00f5es recentes, o presidente n\u00e3o descartou a possibilidade de buscar um novo mandato.<\/p>\n","protected":false},"excerpt":{"rendered":"<p>A partir do pr\u00f3ximo ano, os cidad\u00e3os ter\u00e3o a tarefa de eleger os ocupantes dos cargos do Poder Executivo, incluindo a presid\u00eancia da Rep\u00fablica, para um mandato de quatro anos. Por conta disso, diversas pesquisas de opini\u00e3o j\u00e1 est\u00e3o sendo realizadas para avaliar as chances dos candidatos. E segundo um levantamento da Confedera\u00e7\u00e3o Nacional do [&hellip;]<\/p>\n","protected":false},"author":3,"featured_media":1181,"comment_status":"open","ping_status":"open","sticky":false,"template":"","format":"standard","meta":{"jnews-multi-image_gallery":[],"jnews_single_post":{"format":"standard"},"jnews_primary_category":[],"jnews_social_meta":[],"jnews_post_split":[],"footnotes":""},"categories":[159],"tags":[],"class_list":["post-1180","post","type-post","status-publish","format-standard","has-post-thumbnail","hentry","category-cidadania"],"yoast_head":"<!-- This site is optimized with the Yoast SEO plugin v25.6 - https:\/\/yoast.com\/wordpress\/plugins\/seo\/ -->\n<title>Lula \u201cvence\u201d Tarc\u00edsio para reelei\u00e7\u00e3o em 2026<\/title>\n<meta name=\"robots\" content=\"index, follow, max-snippet:-1, max-image-preview:large, max-video-preview:-1\" \/>\n<link rel=\"canonical\" href=\"https:\/\/tribunademinas.audiencelabs.com.br\/lula-vence-tarcisio-para-reeleicao-em-2026\/\" \/>\n<meta property=\"og:locale\" content=\"pt_BR\" \/>\n<meta property=\"og:type\" content=\"article\" \/>\n<meta property=\"og:title\" content=\"Lula \u201cvence\u201d Tarc\u00edsio para reelei\u00e7\u00e3o em 2026\" \/>\n<meta property=\"og:description\" content=\"A partir do pr\u00f3ximo ano, os cidad\u00e3os ter\u00e3o a tarefa de eleger os ocupantes dos cargos do Poder Executivo, incluindo a presid\u00eancia da Rep\u00fablica, para um mandato de quatro anos. Por conta disso, diversas pesquisas de opini\u00e3o j\u00e1 est\u00e3o sendo realizadas para avaliar as chances dos candidatos. E segundo um levantamento da Confedera\u00e7\u00e3o Nacional do [&hellip;]\" \/>\n<meta property=\"og:url\" content=\"https:\/\/tribunademinas.audiencelabs.com.br\/lula-vence-tarcisio-para-reeleicao-em-2026\/\" \/>\n<meta property=\"og:site_name\" content=\"Tribuna de Minas - Dinheiro e Cidadania\" \/>\n<meta property=\"article:publisher\" content=\"https:\/\/www.facebook.com\/tribunademinas\/\" \/>\n<meta property=\"article:published_time\" content=\"2025-09-13T11:36:00+00:00\" \/>\n<meta property=\"og:image\" content=\"https:\/\/tribunademinas.audiencelabs.com.br\/wp-content\/uploads\/2025\/09\/lula-vence-tarcisio-reeleicao-2026.jpg\" \/>\n\t<meta property=\"og:image:width\" content=\"1528\" \/>\n\t<meta property=\"og:image:height\" content=\"860\" \/>\n\t<meta property=\"og:image:type\" content=\"image\/jpeg\" \/>\n<meta name=\"author\" content=\"Jo\u00e3o Carlos Gomes\" \/>\n<meta name=\"twitter:card\" content=\"summary_large_image\" \/>\n<meta name=\"twitter:creator\" content=\"@tribunademinas\" \/>\n<meta name=\"twitter:site\" content=\"@tribunademinas\" \/>\n<meta name=\"twitter:label1\" content=\"Escrito por\" \/>\n\t<meta name=\"twitter:data1\" content=\"Jo\u00e3o Carlos Gomes\" \/>\n\t<meta name=\"twitter:label2\" content=\"Est. tempo de leitura\" \/>\n\t<meta name=\"twitter:data2\" content=\"2 minutos\" \/>\n<!-- \/ Yoast SEO plugin. -->","yoast_head_json":{"title":"Lula \u201cvence\u201d Tarc\u00edsio para reelei\u00e7\u00e3o em 2026","robots":{"index":"index","follow":"follow","max-snippet":"max-snippet:-1","max-image-preview":"max-image-preview:large","max-video-preview":"max-video-preview:-1"},"canonical":"https:\/\/tribunademinas.audiencelabs.com.br\/lula-vence-tarcisio-para-reeleicao-em-2026\/","og_locale":"pt_BR","og_type":"article","og_title":"Lula \u201cvence\u201d Tarc\u00edsio para reelei\u00e7\u00e3o em 2026","og_description":"A partir do pr\u00f3ximo ano, os cidad\u00e3os ter\u00e3o a tarefa de eleger os ocupantes dos cargos do Poder Executivo, incluindo a presid\u00eancia da Rep\u00fablica, para um mandato de quatro anos. Por conta disso, diversas pesquisas de opini\u00e3o j\u00e1 est\u00e3o sendo realizadas para avaliar as chances dos candidatos. E segundo um levantamento da Confedera\u00e7\u00e3o Nacional do [&hellip;]","og_url":"https:\/\/tribunademinas.audiencelabs.com.br\/lula-vence-tarcisio-para-reeleicao-em-2026\/","og_site_name":"Tribuna de Minas - Dinheiro e Cidadania","article_publisher":"https:\/\/www.facebook.com\/tribunademinas\/","article_published_time":"2025-09-13T11:36:00+00:00","og_image":[{"width":1528,"height":860,"url":"https:\/\/tribunademinas.audiencelabs.com.br\/wp-content\/uploads\/2025\/09\/lula-vence-tarcisio-reeleicao-2026.jpg","type":"image\/jpeg"}],"author":"Jo\u00e3o Carlos Gomes","twitter_card":"summary_large_image","twitter_creator":"@tribunademinas","twitter_site":"@tribunademinas","twitter_misc":{"Escrito por":"Jo\u00e3o Carlos Gomes","Est. tempo de leitura":"2 minutos"},"schema":{"@context":"https:\/\/schema.org","@graph":[{"@type":"Article","@id":"https:\/\/tribunademinas.audiencelabs.com.br\/lula-vence-tarcisio-para-reeleicao-em-2026\/#article","isPartOf":{"@id":"https:\/\/tribunademinas.audiencelabs.com.br\/lula-vence-tarcisio-para-reeleicao-em-2026\/"},"author":{"name":"Jo\u00e3o Carlos Gomes","@id":"https:\/\/tribunademinas.audiencelabs.com.br\/#\/schema\/person\/37af466a64a722fadb8ef6841c52114f"},"headline":"Lula \u201cvence\u201d Tarc\u00edsio para reelei\u00e7\u00e3o em 2026","datePublished":"2025-09-13T11:36:00+00:00","mainEntityOfPage":{"@id":"https:\/\/tribunademinas.audiencelabs.com.br\/lula-vence-tarcisio-para-reeleicao-em-2026\/"},"wordCount":352,"commentCount":0,"publisher":{"@id":"https:\/\/tribunademinas.audiencelabs.com.br\/#organization"},"image":{"@id":"https:\/\/tribunademinas.audiencelabs.com.br\/lula-vence-tarcisio-para-reeleicao-em-2026\/#primaryimage"},"thumbnailUrl":"https:\/\/tribunademinas.audiencelabs.com.br\/wp-content\/uploads\/2025\/09\/lula-vence-tarcisio-reeleicao-2026.jpg","articleSection":["Cidadania"],"inLanguage":"pt-BR","potentialAction":[{"@type":"CommentAction","name":"Comment","target":["https:\/\/tribunademinas.audiencelabs.com.br\/lula-vence-tarcisio-para-reeleicao-em-2026\/#respond"]}]},{"@type":"WebPage","@id":"https:\/\/tribunademinas.audiencelabs.com.br\/lula-vence-tarcisio-para-reeleicao-em-2026\/","url":"https:\/\/tribunademinas.audiencelabs.com.br\/lula-vence-tarcisio-para-reeleicao-em-2026\/","name":"Lula \u201cvence\u201d Tarc\u00edsio para reelei\u00e7\u00e3o em 2026","isPartOf":{"@id":"https:\/\/tribunademinas.audiencelabs.com.br\/#website"},"primaryImageOfPage":{"@id":"https:\/\/tribunademinas.audiencelabs.com.br\/lula-vence-tarcisio-para-reeleicao-em-2026\/#primaryimage"},"image":{"@id":"https:\/\/tribunademinas.audiencelabs.com.br\/lula-vence-tarcisio-para-reeleicao-em-2026\/#primaryimage"},"thumbnailUrl":"https:\/\/tribunademinas.audiencelabs.com.br\/wp-content\/uploads\/2025\/09\/lula-vence-tarcisio-reeleicao-2026.jpg","datePublished":"2025-09-13T11:36:00+00:00","breadcrumb":{"@id":"https:\/\/tribunademinas.audiencelabs.com.br\/lula-vence-tarcisio-para-reeleicao-em-2026\/#breadcrumb"},"inLanguage":"pt-BR","potentialAction":[{"@type":"ReadAction","target":["https:\/\/tribunademinas.audiencelabs.com.br\/lula-vence-tarcisio-para-reeleicao-em-2026\/"]}]},{"@type":"ImageObject","inLanguage":"pt-BR","@id":"https:\/\/tribunademinas.audiencelabs.com.br\/lula-vence-tarcisio-para-reeleicao-em-2026\/#primaryimage","url":"https:\/\/tribunademinas.audiencelabs.com.br\/wp-content\/uploads\/2025\/09\/lula-vence-tarcisio-reeleicao-2026.jpg","contentUrl":"https:\/\/tribunademinas.audiencelabs.com.br\/wp-content\/uploads\/2025\/09\/lula-vence-tarcisio-reeleicao-2026.jpg","width":1528,"height":860,"caption":"Foto: Ricardo Stuckert\/PR"},{"@type":"BreadcrumbList","@id":"https:\/\/tribunademinas.audiencelabs.com.br\/lula-vence-tarcisio-para-reeleicao-em-2026\/#breadcrumb","itemListElement":[{"@type":"ListItem","position":1,"name":"In\u00edcio","item":"https:\/\/tribunademinas.audiencelabs.com.br\/"},{"@type":"ListItem","position":2,"name":"Lula \u201cvence\u201d Tarc\u00edsio para reelei\u00e7\u00e3o em 2026"}]},{"@type":"WebSite","@id":"https:\/\/tribunademinas.audiencelabs.com.br\/#website","url":"https:\/\/tribunademinas.audiencelabs.com.br\/","name":"Tribuna de Minas - Dinheiro e Cidadania","description":"","publisher":{"@id":"https:\/\/tribunademinas.audiencelabs.com.br\/#organization"},"potentialAction":[{"@type":"SearchAction","target":{"@type":"EntryPoint","urlTemplate":"https:\/\/tribunademinas.audiencelabs.com.br\/?s={search_term_string}"},"query-input":{"@type":"PropertyValueSpecification","valueRequired":true,"valueName":"search_term_string"}}],"inLanguage":"pt-BR"},{"@type":"Organization","@id":"https:\/\/tribunademinas.audiencelabs.com.br\/#organization","name":"Tribuna de Minas - Dinheiro e Cidadania","url":"https:\/\/tribunademinas.audiencelabs.com.br\/","logo":{"@type":"ImageObject","inLanguage":"pt-BR","@id":"https:\/\/tribunademinas.audiencelabs.com.br\/#\/schema\/logo\/image\/","url":"https:\/\/tribunademinas.audiencelabs.com.br\/wp-content\/uploads\/2025\/08\/cropped-Tribuna_512x512-96x96-1.png","contentUrl":"https:\/\/tribunademinas.audiencelabs.com.br\/wp-content\/uploads\/2025\/08\/cropped-Tribuna_512x512-96x96-1.png","width":96,"height":96,"caption":"Tribuna de Minas - Dinheiro e Cidadania"},"image":{"@id":"https:\/\/tribunademinas.audiencelabs.com.br\/#\/schema\/logo\/image\/"},"sameAs":["https:\/\/www.facebook.com\/tribunademinas\/","https:\/\/x.com\/tribunademinas","https:\/\/www.instagram.com\/tribunademinas\/","https:\/\/www.youtube.com\/user\/TribunadeMinasJF"]},{"@type":"Person","@id":"https:\/\/tribunademinas.audiencelabs.com.br\/#\/schema\/person\/37af466a64a722fadb8ef6841c52114f","name":"Jo\u00e3o Carlos Gomes","image":{"@type":"ImageObject","inLanguage":"pt-BR","@id":"https:\/\/tribunademinas.audiencelabs.com.br\/#\/schema\/person\/image\/","url":"https:\/\/secure.gravatar.com\/avatar\/4ce4672dbdd694b329cd6fdb51bee7d1409be1f0ff76a537e4c4a737b2c7d1a9?s=96&d=mm&r=g","contentUrl":"https:\/\/secure.gravatar.com\/avatar\/4ce4672dbdd694b329cd6fdb51bee7d1409be1f0ff76a537e4c4a737b2c7d1a9?s=96&d=mm&r=g","caption":"Jo\u00e3o Carlos Gomes"},"description":"Jornalista formado pelo Centro Universit\u00e1rio Carioca, apreciador da Bossa Nova ao Metal Extremo, criador de conte\u00fado e m\u00fasico independente nas horas vagas.","url":"https:\/\/tribunademinas.audiencelabs.com.br\/author\/joaoc-junior\/"}]}},"amp_enabled":true,"_links":{"self":[{"href":"https:\/\/tribunademinas.audiencelabs.com.br\/wp-json\/wp\/v2\/posts\/1180","targetHints":{"allow":["GET"]}}],"collection":[{"href":"https:\/\/tribunademinas.audiencelabs.com.br\/wp-json\/wp\/v2\/posts"}],"about":[{"href":"https:\/\/tribunademinas.audiencelabs.com.br\/wp-json\/wp\/v2\/types\/post"}],"author":[{"embeddable":true,"href":"https:\/\/tribunademinas.audiencelabs.com.br\/wp-json\/wp\/v2\/users\/3"}],"replies":[{"embeddable":true,"href":"https:\/\/tribunademinas.audiencelabs.com.br\/wp-json\/wp\/v2\/comments?post=1180"}],"version-history":[{"count":1,"href":"https:\/\/tribunademinas.audiencelabs.com.br\/wp-json\/wp\/v2\/posts\/1180\/revisions"}],"predecessor-version":[{"id":1184,"href":"https:\/\/tribunademinas.audiencelabs.com.br\/wp-json\/wp\/v2\/posts\/1180\/revisions\/1184"}],"wp:featuredmedia":[{"embeddable":true,"href":"https:\/\/tribunademinas.audiencelabs.com.br\/wp-json\/wp\/v2\/media\/1181"}],"wp:attachment":[{"href":"https:\/\/tribunademinas.audiencelabs.com.br\/wp-json\/wp\/v2\/media?parent=1180"}],"wp:term":[{"taxonomy":"category","embeddable":true,"href":"https:\/\/tribunademinas.audiencelabs.com.br\/wp-json\/wp\/v2\/categories?post=1180"},{"taxonomy":"post_tag","embeddable":true,"href":"https:\/\/tribunademinas.audiencelabs.com.br\/wp-json\/wp\/v2\/tags?post=1180"}],"curies":[{"name":"wp","href":"https:\/\/api.w.org\/{rel}","templated":true}]}}