{"id":1175,"date":"2025-09-10T18:00:00","date_gmt":"2025-09-10T21:00:00","guid":{"rendered":"https:\/\/tribunademinas.audiencelabs.com.br\/?p=1175"},"modified":"2025-09-09T16:49:46","modified_gmt":"2025-09-09T19:49:46","slug":"governo-trump-volta-a-assustar-e-ameacar-o-brasil","status":"publish","type":"post","link":"https:\/\/tribunademinas.audiencelabs.com.br\/governo-trump-volta-a-assustar-e-ameacar-o-brasil\/","title":{"rendered":"Governo Trump volta a assustar e amea\u00e7ar o Brasil"},"content":{"rendered":"\n<p>Mesmo ap\u00f3s diversas tentativas de negocia\u00e7\u00e3o, declara\u00e7\u00f5es recentes de aliados do presidente dos Estados Unidos, <strong>Donald Trump<\/strong>, evidenciam que um acordo consensual com o Brasil ainda pode estar longe de ser alcan\u00e7ado.<\/p>\n\n\n\n<p>Inclusive, nesta segunda-feira (8), o subsecret\u00e1rio de Diplomacia P\u00fablica do Departamento de Estado dos EUA, <strong>Darren Beattie<\/strong> fez uma suposta amea\u00e7a ao Brasil atrav\u00e9s de <a href=\"https:\/\/x.com\/UnderSecPD\/status\/1965163898698637751?ref_src=twsrc%5Etfw\" target=\"_blank\" rel=\"noreferrer noopener\">uma publica\u00e7\u00e3o em seu perfil oficial<\/a> na rede social X (antigo Twitter).<\/p>\n\n\n\n<p>Em sua postagem, o representante do governo Trump mencionou as celebra\u00e7\u00f5es da independ\u00eancia do pa\u00eds sul-americano no domingo (7) e destacou que os EUA seguir\u00e3o &#8220;tomando as medidas cab\u00edveis&#8221; contra indiv\u00edduos que, segundo ele, foram respons\u00e1veis por abusos de autoridade que amea\u00e7aram liberdades essenciais.<\/p>\n\n\n\n<p>Beattie tamb\u00e9m citou abertamente o ministro do Supremo Tribunal Federal (STF), <strong>Alexandre de Moraes<\/strong>, que tamb\u00e9m tem sofrido diversas san\u00e7\u00f5es, chegando a ter cart\u00f5es internacionais cancelados e a permiss\u00e3o para entrar nos EUA revogada.<\/p>\n\n\n\n<h2 class=\"wp-block-heading\">Governo Trump cita &#8220;poder militar&#8221; para defender &#8220;liberdade de express\u00e3o&#8221;<\/h2>\n\n\n\n<p>Em meio ao clima nada amistoso entre os dois pa\u00edses, a porta-voz da Casa Branca, <strong>Karoline Leavitt<\/strong>, abordou nesta ter\u00e7a-feira (9), durante coletiva, a possibilidade de novas puni\u00e7\u00f5es dos EUA contra o Brasil.<\/p>\n\n\n\n<p>Embora n\u00e3o tenha especificado novas medidas, ela afirmou que a administra\u00e7\u00e3o de Donald Trump n\u00e3o hesita em<strong> utilizar o &#8220;poder militar&#8221;<\/strong> dos EUA para defender a liberdade de express\u00e3o globalmente.<\/p>\n\n\n\n<blockquote class=\"wp-block-quote is-layout-flow wp-block-quote-is-layout-flow\">\n<p>&#8220;[\u2026] Isso \u00e9 uma prioridade para a administra\u00e7\u00e3o e o presidente n\u00e3o tem medo de usar o poder econ\u00f4mico, o poder militar dos Estados Unidos da Am\u00e9rica para proteger a liberdade de express\u00e3o ao redor do mundo&#8221; disse Leavitt.<\/p>\n<\/blockquote>\n\n\n\n<p>Com isso, registra-se <strong>mais uma amea\u00e7a<\/strong> do governo norte-americano ao Brasil, assim como uma tentativa de influenciar o julgamento do ex-presidente Jair Bolsonaro (PL) no STF.<\/p>\n\n\n\n<p>Vale lembrar que, caso sejam condenados, Bolsonaro e os demais r\u00e9us no julgamento da tentativa de golpe podem cumprir at\u00e9 43 anos de pris\u00e3o, considerando a soma das penas referentes aos cinco crimes imputados ao grupo.<\/p>\n","protected":false},"excerpt":{"rendered":"<p>Mesmo ap\u00f3s diversas tentativas de negocia\u00e7\u00e3o, declara\u00e7\u00f5es recentes de aliados do presidente dos Estados Unidos, Donald Trump, evidenciam que um acordo consensual com o Brasil ainda pode estar longe de ser alcan\u00e7ado. Inclusive, nesta segunda-feira (8), o subsecret\u00e1rio de Diplomacia P\u00fablica do Departamento de Estado dos EUA, Darren Beattie fez uma suposta amea\u00e7a ao Brasil [&hellip;]<\/p>\n","protected":false},"author":3,"featured_media":1176,"comment_status":"open","ping_status":"open","sticky":false,"template":"","format":"standard","meta":{"jnews-multi-image_gallery":[],"jnews_single_post":{"format":"standard"},"jnews_primary_category":[],"jnews_social_meta":[],"jnews_post_split":[],"footnotes":""},"categories":[159],"tags":[],"class_list":["post-1175","post","type-post","status-publish","format-standard","has-post-thumbnail","hentry","category-cidadania"],"yoast_head":"<!-- This site is optimized with the Yoast SEO plugin v25.6 - https:\/\/yoast.com\/wordpress\/plugins\/seo\/ -->\n<title>Governo Trump volta a assustar e amea\u00e7ar o Brasil<\/title>\n<meta name=\"robots\" content=\"index, follow, max-snippet:-1, max-image-preview:large, max-video-preview:-1\" \/>\n<link rel=\"canonical\" href=\"https:\/\/tribunademinas.audiencelabs.com.br\/governo-trump-volta-a-assustar-e-ameacar-o-brasil\/\" \/>\n<meta property=\"og:locale\" content=\"pt_BR\" \/>\n<meta property=\"og:type\" content=\"article\" \/>\n<meta property=\"og:title\" content=\"Governo Trump volta a assustar e amea\u00e7ar o Brasil\" \/>\n<meta property=\"og:description\" content=\"Mesmo ap\u00f3s diversas tentativas de negocia\u00e7\u00e3o, declara\u00e7\u00f5es recentes de aliados do presidente dos Estados Unidos, Donald Trump, evidenciam que um acordo consensual com o Brasil ainda pode estar longe de ser alcan\u00e7ado. Inclusive, nesta segunda-feira (8), o subsecret\u00e1rio de Diplomacia P\u00fablica do Departamento de Estado dos EUA, Darren Beattie fez uma suposta amea\u00e7a ao Brasil [&hellip;]\" \/>\n<meta property=\"og:url\" content=\"https:\/\/tribunademinas.audiencelabs.com.br\/governo-trump-volta-a-assustar-e-ameacar-o-brasil\/\" \/>\n<meta property=\"og:site_name\" content=\"Tribuna de Minas - Dinheiro e Cidadania\" \/>\n<meta property=\"article:publisher\" content=\"https:\/\/www.facebook.com\/tribunademinas\/\" \/>\n<meta property=\"article:published_time\" content=\"2025-09-10T21:00:00+00:00\" \/>\n<meta property=\"og:image\" content=\"https:\/\/tribunademinas.audiencelabs.com.br\/wp-content\/uploads\/2025\/09\/governo-trump-volta-a-assustar-e-ameacar-brasil.jpg\" \/>\n\t<meta property=\"og:image:width\" content=\"1280\" \/>\n\t<meta property=\"og:image:height\" content=\"720\" \/>\n\t<meta property=\"og:image:type\" content=\"image\/jpeg\" \/>\n<meta name=\"author\" content=\"Jo\u00e3o Carlos Gomes\" \/>\n<meta name=\"twitter:card\" content=\"summary_large_image\" \/>\n<meta name=\"twitter:creator\" content=\"@tribunademinas\" \/>\n<meta name=\"twitter:site\" content=\"@tribunademinas\" \/>\n<meta name=\"twitter:label1\" content=\"Escrito por\" \/>\n\t<meta name=\"twitter:data1\" content=\"Jo\u00e3o Carlos Gomes\" \/>\n\t<meta name=\"twitter:label2\" content=\"Est. tempo de leitura\" \/>\n\t<meta name=\"twitter:data2\" content=\"2 minutos\" \/>\n<!-- \/ Yoast SEO plugin. -->","yoast_head_json":{"title":"Governo Trump volta a assustar e amea\u00e7ar o Brasil","robots":{"index":"index","follow":"follow","max-snippet":"max-snippet:-1","max-image-preview":"max-image-preview:large","max-video-preview":"max-video-preview:-1"},"canonical":"https:\/\/tribunademinas.audiencelabs.com.br\/governo-trump-volta-a-assustar-e-ameacar-o-brasil\/","og_locale":"pt_BR","og_type":"article","og_title":"Governo Trump volta a assustar e amea\u00e7ar o Brasil","og_description":"Mesmo ap\u00f3s diversas tentativas de negocia\u00e7\u00e3o, declara\u00e7\u00f5es recentes de aliados do presidente dos Estados Unidos, Donald Trump, evidenciam que um acordo consensual com o Brasil ainda pode estar longe de ser alcan\u00e7ado. Inclusive, nesta segunda-feira (8), o subsecret\u00e1rio de Diplomacia P\u00fablica do Departamento de Estado dos EUA, Darren Beattie fez uma suposta amea\u00e7a ao Brasil [&hellip;]","og_url":"https:\/\/tribunademinas.audiencelabs.com.br\/governo-trump-volta-a-assustar-e-ameacar-o-brasil\/","og_site_name":"Tribuna de Minas - Dinheiro e Cidadania","article_publisher":"https:\/\/www.facebook.com\/tribunademinas\/","article_published_time":"2025-09-10T21:00:00+00:00","og_image":[{"width":1280,"height":720,"url":"https:\/\/tribunademinas.audiencelabs.com.br\/wp-content\/uploads\/2025\/09\/governo-trump-volta-a-assustar-e-ameacar-brasil.jpg","type":"image\/jpeg"}],"author":"Jo\u00e3o Carlos Gomes","twitter_card":"summary_large_image","twitter_creator":"@tribunademinas","twitter_site":"@tribunademinas","twitter_misc":{"Escrito por":"Jo\u00e3o Carlos Gomes","Est. tempo de leitura":"2 minutos"},"schema":{"@context":"https:\/\/schema.org","@graph":[{"@type":"Article","@id":"https:\/\/tribunademinas.audiencelabs.com.br\/governo-trump-volta-a-assustar-e-ameacar-o-brasil\/#article","isPartOf":{"@id":"https:\/\/tribunademinas.audiencelabs.com.br\/governo-trump-volta-a-assustar-e-ameacar-o-brasil\/"},"author":{"name":"Jo\u00e3o Carlos Gomes","@id":"https:\/\/tribunademinas.audiencelabs.com.br\/#\/schema\/person\/37af466a64a722fadb8ef6841c52114f"},"headline":"Governo Trump volta a assustar e amea\u00e7ar o Brasil","datePublished":"2025-09-10T21:00:00+00:00","mainEntityOfPage":{"@id":"https:\/\/tribunademinas.audiencelabs.com.br\/governo-trump-volta-a-assustar-e-ameacar-o-brasil\/"},"wordCount":363,"commentCount":0,"publisher":{"@id":"https:\/\/tribunademinas.audiencelabs.com.br\/#organization"},"image":{"@id":"https:\/\/tribunademinas.audiencelabs.com.br\/governo-trump-volta-a-assustar-e-ameacar-o-brasil\/#primaryimage"},"thumbnailUrl":"https:\/\/tribunademinas.audiencelabs.com.br\/wp-content\/uploads\/2025\/09\/governo-trump-volta-a-assustar-e-ameacar-brasil.jpg","articleSection":["Cidadania"],"inLanguage":"pt-BR","potentialAction":[{"@type":"CommentAction","name":"Comment","target":["https:\/\/tribunademinas.audiencelabs.com.br\/governo-trump-volta-a-assustar-e-ameacar-o-brasil\/#respond"]}]},{"@type":"WebPage","@id":"https:\/\/tribunademinas.audiencelabs.com.br\/governo-trump-volta-a-assustar-e-ameacar-o-brasil\/","url":"https:\/\/tribunademinas.audiencelabs.com.br\/governo-trump-volta-a-assustar-e-ameacar-o-brasil\/","name":"Governo Trump volta a assustar e amea\u00e7ar o Brasil","isPartOf":{"@id":"https:\/\/tribunademinas.audiencelabs.com.br\/#website"},"primaryImageOfPage":{"@id":"https:\/\/tribunademinas.audiencelabs.com.br\/governo-trump-volta-a-assustar-e-ameacar-o-brasil\/#primaryimage"},"image":{"@id":"https:\/\/tribunademinas.audiencelabs.com.br\/governo-trump-volta-a-assustar-e-ameacar-o-brasil\/#primaryimage"},"thumbnailUrl":"https:\/\/tribunademinas.audiencelabs.com.br\/wp-content\/uploads\/2025\/09\/governo-trump-volta-a-assustar-e-ameacar-brasil.jpg","datePublished":"2025-09-10T21:00:00+00:00","breadcrumb":{"@id":"https:\/\/tribunademinas.audiencelabs.com.br\/governo-trump-volta-a-assustar-e-ameacar-o-brasil\/#breadcrumb"},"inLanguage":"pt-BR","potentialAction":[{"@type":"ReadAction","target":["https:\/\/tribunademinas.audiencelabs.com.br\/governo-trump-volta-a-assustar-e-ameacar-o-brasil\/"]}]},{"@type":"ImageObject","inLanguage":"pt-BR","@id":"https:\/\/tribunademinas.audiencelabs.com.br\/governo-trump-volta-a-assustar-e-ameacar-o-brasil\/#primaryimage","url":"https:\/\/tribunademinas.audiencelabs.com.br\/wp-content\/uploads\/2025\/09\/governo-trump-volta-a-assustar-e-ameacar-brasil.jpg","contentUrl":"https:\/\/tribunademinas.audiencelabs.com.br\/wp-content\/uploads\/2025\/09\/governo-trump-volta-a-assustar-e-ameacar-brasil.jpg","width":1280,"height":720,"caption":"Foto: Jonathan Ernst\/Ag\u00eancia Brasil"},{"@type":"BreadcrumbList","@id":"https:\/\/tribunademinas.audiencelabs.com.br\/governo-trump-volta-a-assustar-e-ameacar-o-brasil\/#breadcrumb","itemListElement":[{"@type":"ListItem","position":1,"name":"In\u00edcio","item":"https:\/\/tribunademinas.audiencelabs.com.br\/"},{"@type":"ListItem","position":2,"name":"Governo Trump volta a assustar e amea\u00e7ar o Brasil"}]},{"@type":"WebSite","@id":"https:\/\/tribunademinas.audiencelabs.com.br\/#website","url":"https:\/\/tribunademinas.audiencelabs.com.br\/","name":"Tribuna de Minas - Dinheiro e Cidadania","description":"","publisher":{"@id":"https:\/\/tribunademinas.audiencelabs.com.br\/#organization"},"potentialAction":[{"@type":"SearchAction","target":{"@type":"EntryPoint","urlTemplate":"https:\/\/tribunademinas.audiencelabs.com.br\/?s={search_term_string}"},"query-input":{"@type":"PropertyValueSpecification","valueRequired":true,"valueName":"search_term_string"}}],"inLanguage":"pt-BR"},{"@type":"Organization","@id":"https:\/\/tribunademinas.audiencelabs.com.br\/#organization","name":"Tribuna de Minas - Dinheiro e Cidadania","url":"https:\/\/tribunademinas.audiencelabs.com.br\/","logo":{"@type":"ImageObject","inLanguage":"pt-BR","@id":"https:\/\/tribunademinas.audiencelabs.com.br\/#\/schema\/logo\/image\/","url":"https:\/\/tribunademinas.audiencelabs.com.br\/wp-content\/uploads\/2025\/08\/cropped-Tribuna_512x512-96x96-1.png","contentUrl":"https:\/\/tribunademinas.audiencelabs.com.br\/wp-content\/uploads\/2025\/08\/cropped-Tribuna_512x512-96x96-1.png","width":96,"height":96,"caption":"Tribuna de Minas - Dinheiro e Cidadania"},"image":{"@id":"https:\/\/tribunademinas.audiencelabs.com.br\/#\/schema\/logo\/image\/"},"sameAs":["https:\/\/www.facebook.com\/tribunademinas\/","https:\/\/x.com\/tribunademinas","https:\/\/www.instagram.com\/tribunademinas\/","https:\/\/www.youtube.com\/user\/TribunadeMinasJF"]},{"@type":"Person","@id":"https:\/\/tribunademinas.audiencelabs.com.br\/#\/schema\/person\/37af466a64a722fadb8ef6841c52114f","name":"Jo\u00e3o Carlos Gomes","image":{"@type":"ImageObject","inLanguage":"pt-BR","@id":"https:\/\/tribunademinas.audiencelabs.com.br\/#\/schema\/person\/image\/","url":"https:\/\/secure.gravatar.com\/avatar\/4ce4672dbdd694b329cd6fdb51bee7d1409be1f0ff76a537e4c4a737b2c7d1a9?s=96&d=mm&r=g","contentUrl":"https:\/\/secure.gravatar.com\/avatar\/4ce4672dbdd694b329cd6fdb51bee7d1409be1f0ff76a537e4c4a737b2c7d1a9?s=96&d=mm&r=g","caption":"Jo\u00e3o Carlos Gomes"},"description":"Jornalista formado pelo Centro Universit\u00e1rio Carioca, apreciador da Bossa Nova ao Metal Extremo, criador de conte\u00fado e m\u00fasico independente nas horas vagas.","url":"https:\/\/tribunademinas.audiencelabs.com.br\/author\/joaoc-junior\/"}]}},"amp_enabled":true,"_links":{"self":[{"href":"https:\/\/tribunademinas.audiencelabs.com.br\/wp-json\/wp\/v2\/posts\/1175","targetHints":{"allow":["GET"]}}],"collection":[{"href":"https:\/\/tribunademinas.audiencelabs.com.br\/wp-json\/wp\/v2\/posts"}],"about":[{"href":"https:\/\/tribunademinas.audiencelabs.com.br\/wp-json\/wp\/v2\/types\/post"}],"author":[{"embeddable":true,"href":"https:\/\/tribunademinas.audiencelabs.com.br\/wp-json\/wp\/v2\/users\/3"}],"replies":[{"embeddable":true,"href":"https:\/\/tribunademinas.audiencelabs.com.br\/wp-json\/wp\/v2\/comments?post=1175"}],"version-history":[{"count":1,"href":"https:\/\/tribunademinas.audiencelabs.com.br\/wp-json\/wp\/v2\/posts\/1175\/revisions"}],"predecessor-version":[{"id":1179,"href":"https:\/\/tribunademinas.audiencelabs.com.br\/wp-json\/wp\/v2\/posts\/1175\/revisions\/1179"}],"wp:featuredmedia":[{"embeddable":true,"href":"https:\/\/tribunademinas.audiencelabs.com.br\/wp-json\/wp\/v2\/media\/1176"}],"wp:attachment":[{"href":"https:\/\/tribunademinas.audiencelabs.com.br\/wp-json\/wp\/v2\/media?parent=1175"}],"wp:term":[{"taxonomy":"category","embeddable":true,"href":"https:\/\/tribunademinas.audiencelabs.com.br\/wp-json\/wp\/v2\/categories?post=1175"},{"taxonomy":"post_tag","embeddable":true,"href":"https:\/\/tribunademinas.audiencelabs.com.br\/wp-json\/wp\/v2\/tags?post=1175"}],"curies":[{"name":"wp","href":"https:\/\/api.w.org\/{rel}","templated":true}]}}