{"id":1162,"date":"2025-09-10T12:00:00","date_gmt":"2025-09-10T15:00:00","guid":{"rendered":"https:\/\/tribunademinas.audiencelabs.com.br\/?p=1162"},"modified":"2025-09-09T14:22:34","modified_gmt":"2025-09-09T17:22:34","slug":"gauchos-se-dao-mal-e-folga-trabalhista-que-acontece-todos-os-anos-foi-alterada","status":"publish","type":"post","link":"https:\/\/tribunademinas.audiencelabs.com.br\/gauchos-se-dao-mal-e-folga-trabalhista-que-acontece-todos-os-anos-foi-alterada\/","title":{"rendered":"Ga\u00fachos se d\u00e3o mal e folga trabalhista que acontece todos os anos foi alterada"},"content":{"rendered":"\n<p>Em <strong>20 de setembro de 1835<\/strong>, os farroupilhas, comandados por Bento Gon\u00e7alves, derrotaram as tropas imperiais e conquistaram Porto Alegre. Motivados pela insatisfa\u00e7\u00e3o com os altos impostos e a neglig\u00eancia do governo imperial, eles tinham como objetivo a funda\u00e7\u00e3o de uma rep\u00fablica independente.<\/p>\n\n\n\n<p>Anos mais tarde, em 1978, foi estabelecida a Lei 4.453\/78, que transformou a data em um feriado estadual, que ficou conhecido como o <strong>&#8220;Dia do Ga\u00facho&#8221;<\/strong>, para celebrar essa importante passagem da hist\u00f3ria do estado, exaltando a identidade, a cultura e as tradi\u00e7\u00f5es ga\u00fachas.<\/p>\n\n\n\n<p>Mas, apesar de ainda ser um dia de extrema import\u00e2ncia para a popula\u00e7\u00e3o do Rio Grande do Sul, o feriado de 20 de setembro n\u00e3o proporcionar\u00e1 tanto proveito em 2025, j\u00e1 que <strong>a data coincide com um s\u00e1bado<\/strong>.<\/p>\n\n\n\n<p>Para quem trabalha na escala 6&#215;1, a not\u00edcia \u00e9 animadora, pois considerando que o feriado cai em um dia que normalmente integra a escala padr\u00e3o, haver\u00e1 a possibilidade de repouso ou de negocia\u00e7\u00e3o de folgas posteriores.<\/p>\n\n\n\n<p>Por outro lado, para aqueles que j\u00e1 t\u00eam o final de semana livre, o feriado n\u00e3o traz altera\u00e7\u00f5es. Contudo, ainda h\u00e1 oportunidade de participar das comemora\u00e7\u00f5es, que incluem desfiles e diversas atividades pelo estado.<\/p>\n\n\n\n<h2 class=\"wp-block-heading\">Folga do dia 20 pode ser antecipada no Rio Grande do Sul?<\/h2>\n\n\n\n<p>Mesmo sendo uma data importante, a probabilidade da folga do Dia do Ga\u00facho ser antecipada \u00e9 extremamente baixa, considerando que o dia 20 de setembro em si tamb\u00e9m integra o significado da celebra\u00e7\u00e3o.<\/p>\n\n\n\n<p>Afinal, conforme j\u00e1 mencionado, esse foi o dia em que a Revolu\u00e7\u00e3o Farroupilha teve in\u00edcio. Al\u00e9m disso, no regime trabalhista nacional, n\u00e3o \u00e9 comum que folgas sejam antecipadas devido ao dia da semana em que o feriado cai<\/p>\n\n\n\n<p>Entretanto, \u00e9 recomend\u00e1vel que trabalhadores conversem com os empregadores para entender as possibilidades, uma vez que existem outras alternativas para se conseguir descansos prolongados.<\/p>\n","protected":false},"excerpt":{"rendered":"<p>Em 20 de setembro de 1835, os farroupilhas, comandados por Bento Gon\u00e7alves, derrotaram as tropas imperiais e conquistaram Porto Alegre. Motivados pela insatisfa\u00e7\u00e3o com os altos impostos e a neglig\u00eancia do governo imperial, eles tinham como objetivo a funda\u00e7\u00e3o de uma rep\u00fablica independente. Anos mais tarde, em 1978, foi estabelecida a Lei 4.453\/78, que transformou [&hellip;]<\/p>\n","protected":false},"author":3,"featured_media":1163,"comment_status":"open","ping_status":"open","sticky":false,"template":"","format":"standard","meta":{"jnews-multi-image_gallery":[],"jnews_single_post":{"format":"standard"},"jnews_primary_category":[],"jnews_social_meta":[],"jnews_post_split":[],"footnotes":""},"categories":[1],"tags":[],"class_list":["post-1162","post","type-post","status-publish","format-standard","has-post-thumbnail","hentry","category-dinheiro"],"yoast_head":"<!-- This site is optimized with the Yoast SEO plugin v25.6 - https:\/\/yoast.com\/wordpress\/plugins\/seo\/ -->\n<title>Ga\u00fachos se d\u00e3o mal e folga trabalhista que acontece todos os anos foi alterada<\/title>\n<meta name=\"robots\" content=\"index, follow, max-snippet:-1, max-image-preview:large, max-video-preview:-1\" \/>\n<link rel=\"canonical\" href=\"https:\/\/tribunademinas.audiencelabs.com.br\/gauchos-se-dao-mal-e-folga-trabalhista-que-acontece-todos-os-anos-foi-alterada\/\" \/>\n<meta property=\"og:locale\" content=\"pt_BR\" \/>\n<meta property=\"og:type\" content=\"article\" \/>\n<meta property=\"og:title\" content=\"Ga\u00fachos se d\u00e3o mal e folga trabalhista que acontece todos os anos foi alterada\" \/>\n<meta property=\"og:description\" content=\"Em 20 de setembro de 1835, os farroupilhas, comandados por Bento Gon\u00e7alves, derrotaram as tropas imperiais e conquistaram Porto Alegre. Motivados pela insatisfa\u00e7\u00e3o com os altos impostos e a neglig\u00eancia do governo imperial, eles tinham como objetivo a funda\u00e7\u00e3o de uma rep\u00fablica independente. Anos mais tarde, em 1978, foi estabelecida a Lei 4.453\/78, que transformou [&hellip;]\" \/>\n<meta property=\"og:url\" content=\"https:\/\/tribunademinas.audiencelabs.com.br\/gauchos-se-dao-mal-e-folga-trabalhista-que-acontece-todos-os-anos-foi-alterada\/\" \/>\n<meta property=\"og:site_name\" content=\"Tribuna de Minas - Dinheiro e Cidadania\" \/>\n<meta property=\"article:publisher\" content=\"https:\/\/www.facebook.com\/tribunademinas\/\" \/>\n<meta property=\"article:published_time\" content=\"2025-09-10T15:00:00+00:00\" \/>\n<meta property=\"og:image\" content=\"https:\/\/tribunademinas.audiencelabs.com.br\/wp-content\/uploads\/2025\/09\/gauchos-se-dao-mal-folga-trabalhista-foi-alterada.jpg\" \/>\n\t<meta property=\"og:image:width\" content=\"1920\" \/>\n\t<meta property=\"og:image:height\" content=\"1080\" \/>\n\t<meta property=\"og:image:type\" content=\"image\/jpeg\" \/>\n<meta name=\"author\" content=\"Jo\u00e3o Carlos Gomes\" \/>\n<meta name=\"twitter:card\" content=\"summary_large_image\" \/>\n<meta name=\"twitter:creator\" content=\"@tribunademinas\" \/>\n<meta name=\"twitter:site\" content=\"@tribunademinas\" \/>\n<meta name=\"twitter:label1\" content=\"Escrito por\" \/>\n\t<meta name=\"twitter:data1\" content=\"Jo\u00e3o Carlos Gomes\" \/>\n\t<meta name=\"twitter:label2\" content=\"Est. tempo de leitura\" \/>\n\t<meta name=\"twitter:data2\" content=\"2 minutos\" \/>\n<!-- \/ Yoast SEO plugin. -->","yoast_head_json":{"title":"Ga\u00fachos se d\u00e3o mal e folga trabalhista que acontece todos os anos foi alterada","robots":{"index":"index","follow":"follow","max-snippet":"max-snippet:-1","max-image-preview":"max-image-preview:large","max-video-preview":"max-video-preview:-1"},"canonical":"https:\/\/tribunademinas.audiencelabs.com.br\/gauchos-se-dao-mal-e-folga-trabalhista-que-acontece-todos-os-anos-foi-alterada\/","og_locale":"pt_BR","og_type":"article","og_title":"Ga\u00fachos se d\u00e3o mal e folga trabalhista que acontece todos os anos foi alterada","og_description":"Em 20 de setembro de 1835, os farroupilhas, comandados por Bento Gon\u00e7alves, derrotaram as tropas imperiais e conquistaram Porto Alegre. Motivados pela insatisfa\u00e7\u00e3o com os altos impostos e a neglig\u00eancia do governo imperial, eles tinham como objetivo a funda\u00e7\u00e3o de uma rep\u00fablica independente. Anos mais tarde, em 1978, foi estabelecida a Lei 4.453\/78, que transformou [&hellip;]","og_url":"https:\/\/tribunademinas.audiencelabs.com.br\/gauchos-se-dao-mal-e-folga-trabalhista-que-acontece-todos-os-anos-foi-alterada\/","og_site_name":"Tribuna de Minas - Dinheiro e Cidadania","article_publisher":"https:\/\/www.facebook.com\/tribunademinas\/","article_published_time":"2025-09-10T15:00:00+00:00","og_image":[{"width":1920,"height":1080,"url":"https:\/\/tribunademinas.audiencelabs.com.br\/wp-content\/uploads\/2025\/09\/gauchos-se-dao-mal-folga-trabalhista-foi-alterada.jpg","type":"image\/jpeg"}],"author":"Jo\u00e3o Carlos Gomes","twitter_card":"summary_large_image","twitter_creator":"@tribunademinas","twitter_site":"@tribunademinas","twitter_misc":{"Escrito por":"Jo\u00e3o Carlos Gomes","Est. tempo de leitura":"2 minutos"},"schema":{"@context":"https:\/\/schema.org","@graph":[{"@type":"Article","@id":"https:\/\/tribunademinas.audiencelabs.com.br\/gauchos-se-dao-mal-e-folga-trabalhista-que-acontece-todos-os-anos-foi-alterada\/#article","isPartOf":{"@id":"https:\/\/tribunademinas.audiencelabs.com.br\/gauchos-se-dao-mal-e-folga-trabalhista-que-acontece-todos-os-anos-foi-alterada\/"},"author":{"name":"Jo\u00e3o Carlos Gomes","@id":"https:\/\/tribunademinas.audiencelabs.com.br\/#\/schema\/person\/37af466a64a722fadb8ef6841c52114f"},"headline":"Ga\u00fachos se d\u00e3o mal e folga trabalhista que acontece todos os anos foi alterada","datePublished":"2025-09-10T15:00:00+00:00","mainEntityOfPage":{"@id":"https:\/\/tribunademinas.audiencelabs.com.br\/gauchos-se-dao-mal-e-folga-trabalhista-que-acontece-todos-os-anos-foi-alterada\/"},"wordCount":334,"commentCount":0,"publisher":{"@id":"https:\/\/tribunademinas.audiencelabs.com.br\/#organization"},"image":{"@id":"https:\/\/tribunademinas.audiencelabs.com.br\/gauchos-se-dao-mal-e-folga-trabalhista-que-acontece-todos-os-anos-foi-alterada\/#primaryimage"},"thumbnailUrl":"https:\/\/tribunademinas.audiencelabs.com.br\/wp-content\/uploads\/2025\/09\/gauchos-se-dao-mal-folga-trabalhista-foi-alterada.jpg","articleSection":["Dinheiro"],"inLanguage":"pt-BR","potentialAction":[{"@type":"CommentAction","name":"Comment","target":["https:\/\/tribunademinas.audiencelabs.com.br\/gauchos-se-dao-mal-e-folga-trabalhista-que-acontece-todos-os-anos-foi-alterada\/#respond"]}]},{"@type":"WebPage","@id":"https:\/\/tribunademinas.audiencelabs.com.br\/gauchos-se-dao-mal-e-folga-trabalhista-que-acontece-todos-os-anos-foi-alterada\/","url":"https:\/\/tribunademinas.audiencelabs.com.br\/gauchos-se-dao-mal-e-folga-trabalhista-que-acontece-todos-os-anos-foi-alterada\/","name":"Ga\u00fachos se d\u00e3o mal e folga trabalhista que acontece todos os anos foi alterada","isPartOf":{"@id":"https:\/\/tribunademinas.audiencelabs.com.br\/#website"},"primaryImageOfPage":{"@id":"https:\/\/tribunademinas.audiencelabs.com.br\/gauchos-se-dao-mal-e-folga-trabalhista-que-acontece-todos-os-anos-foi-alterada\/#primaryimage"},"image":{"@id":"https:\/\/tribunademinas.audiencelabs.com.br\/gauchos-se-dao-mal-e-folga-trabalhista-que-acontece-todos-os-anos-foi-alterada\/#primaryimage"},"thumbnailUrl":"https:\/\/tribunademinas.audiencelabs.com.br\/wp-content\/uploads\/2025\/09\/gauchos-se-dao-mal-folga-trabalhista-foi-alterada.jpg","datePublished":"2025-09-10T15:00:00+00:00","breadcrumb":{"@id":"https:\/\/tribunademinas.audiencelabs.com.br\/gauchos-se-dao-mal-e-folga-trabalhista-que-acontece-todos-os-anos-foi-alterada\/#breadcrumb"},"inLanguage":"pt-BR","potentialAction":[{"@type":"ReadAction","target":["https:\/\/tribunademinas.audiencelabs.com.br\/gauchos-se-dao-mal-e-folga-trabalhista-que-acontece-todos-os-anos-foi-alterada\/"]}]},{"@type":"ImageObject","inLanguage":"pt-BR","@id":"https:\/\/tribunademinas.audiencelabs.com.br\/gauchos-se-dao-mal-e-folga-trabalhista-que-acontece-todos-os-anos-foi-alterada\/#primaryimage","url":"https:\/\/tribunademinas.audiencelabs.com.br\/wp-content\/uploads\/2025\/09\/gauchos-se-dao-mal-folga-trabalhista-foi-alterada.jpg","contentUrl":"https:\/\/tribunademinas.audiencelabs.com.br\/wp-content\/uploads\/2025\/09\/gauchos-se-dao-mal-folga-trabalhista-foi-alterada.jpg","width":1920,"height":1080,"caption":"Foto: Luisa E\/Unsplash"},{"@type":"BreadcrumbList","@id":"https:\/\/tribunademinas.audiencelabs.com.br\/gauchos-se-dao-mal-e-folga-trabalhista-que-acontece-todos-os-anos-foi-alterada\/#breadcrumb","itemListElement":[{"@type":"ListItem","position":1,"name":"In\u00edcio","item":"https:\/\/tribunademinas.audiencelabs.com.br\/"},{"@type":"ListItem","position":2,"name":"Ga\u00fachos se d\u00e3o mal e folga trabalhista que acontece todos os anos foi alterada"}]},{"@type":"WebSite","@id":"https:\/\/tribunademinas.audiencelabs.com.br\/#website","url":"https:\/\/tribunademinas.audiencelabs.com.br\/","name":"Tribuna de Minas - Dinheiro e Cidadania","description":"","publisher":{"@id":"https:\/\/tribunademinas.audiencelabs.com.br\/#organization"},"potentialAction":[{"@type":"SearchAction","target":{"@type":"EntryPoint","urlTemplate":"https:\/\/tribunademinas.audiencelabs.com.br\/?s={search_term_string}"},"query-input":{"@type":"PropertyValueSpecification","valueRequired":true,"valueName":"search_term_string"}}],"inLanguage":"pt-BR"},{"@type":"Organization","@id":"https:\/\/tribunademinas.audiencelabs.com.br\/#organization","name":"Tribuna de Minas - Dinheiro e Cidadania","url":"https:\/\/tribunademinas.audiencelabs.com.br\/","logo":{"@type":"ImageObject","inLanguage":"pt-BR","@id":"https:\/\/tribunademinas.audiencelabs.com.br\/#\/schema\/logo\/image\/","url":"https:\/\/tribunademinas.audiencelabs.com.br\/wp-content\/uploads\/2025\/08\/cropped-Tribuna_512x512-96x96-1.png","contentUrl":"https:\/\/tribunademinas.audiencelabs.com.br\/wp-content\/uploads\/2025\/08\/cropped-Tribuna_512x512-96x96-1.png","width":96,"height":96,"caption":"Tribuna de Minas - Dinheiro e Cidadania"},"image":{"@id":"https:\/\/tribunademinas.audiencelabs.com.br\/#\/schema\/logo\/image\/"},"sameAs":["https:\/\/www.facebook.com\/tribunademinas\/","https:\/\/x.com\/tribunademinas","https:\/\/www.instagram.com\/tribunademinas\/","https:\/\/www.youtube.com\/user\/TribunadeMinasJF"]},{"@type":"Person","@id":"https:\/\/tribunademinas.audiencelabs.com.br\/#\/schema\/person\/37af466a64a722fadb8ef6841c52114f","name":"Jo\u00e3o Carlos Gomes","image":{"@type":"ImageObject","inLanguage":"pt-BR","@id":"https:\/\/tribunademinas.audiencelabs.com.br\/#\/schema\/person\/image\/","url":"https:\/\/secure.gravatar.com\/avatar\/4ce4672dbdd694b329cd6fdb51bee7d1409be1f0ff76a537e4c4a737b2c7d1a9?s=96&d=mm&r=g","contentUrl":"https:\/\/secure.gravatar.com\/avatar\/4ce4672dbdd694b329cd6fdb51bee7d1409be1f0ff76a537e4c4a737b2c7d1a9?s=96&d=mm&r=g","caption":"Jo\u00e3o Carlos Gomes"},"description":"Jornalista formado pelo Centro Universit\u00e1rio Carioca, apreciador da Bossa Nova ao Metal Extremo, criador de conte\u00fado e m\u00fasico independente nas horas vagas.","url":"https:\/\/tribunademinas.audiencelabs.com.br\/author\/joaoc-junior\/"}]}},"amp_enabled":true,"_links":{"self":[{"href":"https:\/\/tribunademinas.audiencelabs.com.br\/wp-json\/wp\/v2\/posts\/1162","targetHints":{"allow":["GET"]}}],"collection":[{"href":"https:\/\/tribunademinas.audiencelabs.com.br\/wp-json\/wp\/v2\/posts"}],"about":[{"href":"https:\/\/tribunademinas.audiencelabs.com.br\/wp-json\/wp\/v2\/types\/post"}],"author":[{"embeddable":true,"href":"https:\/\/tribunademinas.audiencelabs.com.br\/wp-json\/wp\/v2\/users\/3"}],"replies":[{"embeddable":true,"href":"https:\/\/tribunademinas.audiencelabs.com.br\/wp-json\/wp\/v2\/comments?post=1162"}],"version-history":[{"count":1,"href":"https:\/\/tribunademinas.audiencelabs.com.br\/wp-json\/wp\/v2\/posts\/1162\/revisions"}],"predecessor-version":[{"id":1164,"href":"https:\/\/tribunademinas.audiencelabs.com.br\/wp-json\/wp\/v2\/posts\/1162\/revisions\/1164"}],"wp:featuredmedia":[{"embeddable":true,"href":"https:\/\/tribunademinas.audiencelabs.com.br\/wp-json\/wp\/v2\/media\/1163"}],"wp:attachment":[{"href":"https:\/\/tribunademinas.audiencelabs.com.br\/wp-json\/wp\/v2\/media?parent=1162"}],"wp:term":[{"taxonomy":"category","embeddable":true,"href":"https:\/\/tribunademinas.audiencelabs.com.br\/wp-json\/wp\/v2\/categories?post=1162"},{"taxonomy":"post_tag","embeddable":true,"href":"https:\/\/tribunademinas.audiencelabs.com.br\/wp-json\/wp\/v2\/tags?post=1162"}],"curies":[{"name":"wp","href":"https:\/\/api.w.org\/{rel}","templated":true}]}}