{"id":1149,"date":"2025-09-08T19:45:38","date_gmt":"2025-09-08T22:45:38","guid":{"rendered":"https:\/\/tribunademinas.audiencelabs.com.br\/?p=1149"},"modified":"2025-09-08T19:45:44","modified_gmt":"2025-09-08T22:45:44","slug":"brasileiros-recebem-melhor-noticia-do-ano-sobre-aumento-do-salario-minimo","status":"publish","type":"post","link":"https:\/\/tribunademinas.audiencelabs.com.br\/brasileiros-recebem-melhor-noticia-do-ano-sobre-aumento-do-salario-minimo\/","title":{"rendered":"Brasileiros recebem melhor not\u00edcia do ano sobre aumento do sal\u00e1rio m\u00ednimo"},"content":{"rendered":"\n<p>Setembro come\u00e7ou com um an\u00fancio que animou milh\u00f5es de brasileiros: o governo federal divulgou a previs\u00e3o do novo sal\u00e1rio m\u00ednimo para 2026, e o valor estimado superou as expectativas. <\/p>\n\n\n\n<p>A not\u00edcia, recebida como um al\u00edvio por grande parte da popula\u00e7\u00e3o, representa n\u00e3o apenas um ajuste financeiro, mas um passo importante na recupera\u00e7\u00e3o do poder de compra das fam\u00edlias que vivem com renda pr\u00f3xima ao piso nacional.<\/p>\n\n\n\n<h2 class=\"wp-block-heading\">Brasileiros recebem melhor not\u00edcia do ano sobre aumento do sal\u00e1rio m\u00ednimo<\/h2>\n\n\n\n<p>A proposta prev\u00ea que, a partir de janeiro de 2026, o sal\u00e1rio m\u00ednimo <strong>ser\u00e1 de R$ 1.631<\/strong>, um aumento de R$ 113 em rela\u00e7\u00e3o aos atuais R$ 1.518. <\/p>\n\n\n\n<p>O \u00edndice de reajuste projetado gira em torno de 7,45%, considerando a infla\u00e7\u00e3o estimada de 3,6% para o pr\u00f3ximo ano e um adicional de ganho real de 2,5%, como prev\u00ea a pol\u00edtica de valoriza\u00e7\u00e3o do m\u00ednimo adotada pelo governo do presidente Luiz In\u00e1cio Lula da Silva (PT). <\/p>\n\n\n\n<p>A medida reafirma o compromisso de campanha de Lula de promover aumentos acima da infla\u00e7\u00e3o, fortalecendo o rendimento principalmente dos trabalhadores mais pobres, que vivem com o sal\u00e1rio m\u00ednimo, e da grande maioria dos aposentados do pa\u00eds, que dependem diretamente desse valor.<\/p>\n\n\n\n<p>O impacto dessa poss\u00edvel eleva\u00e7\u00e3o \u00e9 profundo. Para os <strong><a href=\"https:\/\/tribunademinas.com.br\/colunas\/dinheiroecidadania\/governo-bate-o-martelo-e-trabalhadores-devem-ganhar-aumento-em-2026\/\">trabalhadores<\/a><\/strong> com carteira assinada que recebem o m\u00ednimo, a mudan\u00e7a representa mais f\u00f4lego no or\u00e7amento, permitindo principalmente alimenta\u00e7\u00e3o melhor e o pagamento de d\u00edvidas recorrentes. <\/p>\n\n\n\n<p>J\u00e1 para os aposentados e pensionistas do INSS que recebem o piso, o novo valor significa uma corre\u00e7\u00e3o mais justa em rela\u00e7\u00e3o ao custo de vida, especialmente em um cen\u00e1rio de alta nos pre\u00e7os de alimentos e servi\u00e7os b\u00e1sicos. <\/p>\n\n\n\n<p>Al\u00e9m disso, programas sociais como o Benef\u00edcio de Presta\u00e7\u00e3o Continuada (BPC) e o abono salarial tamb\u00e9m t\u00eam seus repasses atrelados ao m\u00ednimo, o que amplia os efeitos da mudan\u00e7a para milh\u00f5es de brasileiros em situa\u00e7\u00e3o de vulnerabilidade.<\/p>\n\n\n\n<h3 class=\"wp-block-heading\">Mas aten\u00e7\u00e3o: aumento do sal\u00e1rio m\u00ednimo precisa ser aprovado por senadores e deputados<\/h3>\n\n\n\n<p>No entanto, apesar da proje\u00e7\u00e3o otimista, o novo valor ainda depende de aprova\u00e7\u00e3o no Congresso Nacional, ou seja, de deputados e senadores. <\/p>\n\n\n\n<p>O Projeto de Lei Or\u00e7ament\u00e1ria Anual (<a href=\"https:\/\/www25.senado.leg.br\/web\/atividade\/materias\/-\/materia\/170202\"><strong>PLOA<\/strong><\/a>) de 2026 j\u00e1 foi enviado ao Legislativo e agora passar\u00e1 por an\u00e1lise na Comiss\u00e3o Mista de Or\u00e7amento, onde poder\u00e1 receber altera\u00e7\u00f5es. <\/p>\n\n\n\n<p>Depois disso, o texto seguir\u00e1 para vota\u00e7\u00e3o em plen\u00e1rio, com prazo constitucional at\u00e9 22 de dezembro para ser aprovado.<\/p>\n\n\n\n<p>Se o cronograma for cumprido sem atrasos, o novo sal\u00e1rio m\u00ednimo de R$ 1.631 come\u00e7a a valer a partir de 1\u00ba de janeiro de 2026, trazendo esperan\u00e7a de dias melhores para quem mais sente o peso da economia no bolso.<\/p>\n\n\n\n<p><\/p>\n","protected":false},"excerpt":{"rendered":"<p>Setembro come\u00e7ou com um an\u00fancio que animou milh\u00f5es de brasileiros: o governo federal divulgou a previs\u00e3o do novo sal\u00e1rio m\u00ednimo para 2026, e o valor estimado superou as expectativas. A not\u00edcia, recebida como um al\u00edvio por grande parte da popula\u00e7\u00e3o, representa n\u00e3o apenas um ajuste financeiro, mas um passo importante na recupera\u00e7\u00e3o do poder de [&hellip;]<\/p>\n","protected":false},"author":5,"featured_media":1150,"comment_status":"open","ping_status":"open","sticky":false,"template":"","format":"standard","meta":{"jnews-multi-image_gallery":[],"jnews_single_post":{"format":"standard"},"jnews_primary_category":[],"jnews_social_meta":[],"jnews_post_split":[],"footnotes":""},"categories":[1],"tags":[],"class_list":["post-1149","post","type-post","status-publish","format-standard","has-post-thumbnail","hentry","category-dinheiro"],"yoast_head":"<!-- This site is optimized with the Yoast SEO plugin v25.6 - https:\/\/yoast.com\/wordpress\/plugins\/seo\/ -->\n<title>Brasileiros recebem melhor not\u00edcia do ano sobre aumento do sal\u00e1rio m\u00ednimo<\/title>\n<meta name=\"description\" content=\"Setembro come\u00e7ou com um an\u00fancio que animou milh\u00f5es de brasileiros: o governo federal divulgou a previs\u00e3o do novo sal\u00e1rio m\u00ednimo para 2026.\" \/>\n<meta name=\"robots\" content=\"index, follow, max-snippet:-1, max-image-preview:large, max-video-preview:-1\" \/>\n<link rel=\"canonical\" href=\"https:\/\/tribunademinas.audiencelabs.com.br\/brasileiros-recebem-melhor-noticia-do-ano-sobre-aumento-do-salario-minimo\/\" \/>\n<meta property=\"og:locale\" content=\"pt_BR\" \/>\n<meta property=\"og:type\" content=\"article\" \/>\n<meta property=\"og:title\" content=\"Brasileiros recebem melhor not\u00edcia do ano sobre aumento do sal\u00e1rio m\u00ednimo\" \/>\n<meta property=\"og:description\" content=\"Setembro come\u00e7ou com um an\u00fancio que animou milh\u00f5es de brasileiros: o governo federal divulgou a previs\u00e3o do novo sal\u00e1rio m\u00ednimo para 2026.\" \/>\n<meta property=\"og:url\" content=\"https:\/\/tribunademinas.audiencelabs.com.br\/brasileiros-recebem-melhor-noticia-do-ano-sobre-aumento-do-salario-minimo\/\" \/>\n<meta property=\"og:site_name\" content=\"Tribuna de Minas - Dinheiro e Cidadania\" \/>\n<meta property=\"article:publisher\" content=\"https:\/\/www.facebook.com\/tribunademinas\/\" \/>\n<meta property=\"article:published_time\" content=\"2025-09-08T22:45:38+00:00\" \/>\n<meta property=\"article:modified_time\" content=\"2025-09-08T22:45:44+00:00\" \/>\n<meta property=\"og:image\" content=\"https:\/\/tribunademinas.audiencelabs.com.br\/wp-content\/uploads\/2025\/09\/salario-minimo-2.webp\" \/>\n\t<meta property=\"og:image:width\" content=\"1170\" \/>\n\t<meta property=\"og:image:height\" content=\"700\" \/>\n\t<meta property=\"og:image:type\" content=\"image\/webp\" \/>\n<meta name=\"author\" content=\"Jeferson Carvalho\" \/>\n<meta name=\"twitter:card\" content=\"summary_large_image\" \/>\n<meta name=\"twitter:creator\" content=\"@tribunademinas\" \/>\n<meta name=\"twitter:site\" content=\"@tribunademinas\" \/>\n<meta name=\"twitter:label1\" content=\"Escrito por\" \/>\n\t<meta name=\"twitter:data1\" content=\"Jeferson Carvalho\" \/>\n\t<meta name=\"twitter:label2\" content=\"Est. tempo de leitura\" \/>\n\t<meta name=\"twitter:data2\" content=\"3 minutos\" \/>\n<!-- \/ Yoast SEO plugin. -->","yoast_head_json":{"title":"Brasileiros recebem melhor not\u00edcia do ano sobre aumento do sal\u00e1rio m\u00ednimo","description":"Setembro come\u00e7ou com um an\u00fancio que animou milh\u00f5es de brasileiros: o governo federal divulgou a previs\u00e3o do novo sal\u00e1rio m\u00ednimo para 2026.","robots":{"index":"index","follow":"follow","max-snippet":"max-snippet:-1","max-image-preview":"max-image-preview:large","max-video-preview":"max-video-preview:-1"},"canonical":"https:\/\/tribunademinas.audiencelabs.com.br\/brasileiros-recebem-melhor-noticia-do-ano-sobre-aumento-do-salario-minimo\/","og_locale":"pt_BR","og_type":"article","og_title":"Brasileiros recebem melhor not\u00edcia do ano sobre aumento do sal\u00e1rio m\u00ednimo","og_description":"Setembro come\u00e7ou com um an\u00fancio que animou milh\u00f5es de brasileiros: o governo federal divulgou a previs\u00e3o do novo sal\u00e1rio m\u00ednimo para 2026.","og_url":"https:\/\/tribunademinas.audiencelabs.com.br\/brasileiros-recebem-melhor-noticia-do-ano-sobre-aumento-do-salario-minimo\/","og_site_name":"Tribuna de Minas - Dinheiro e Cidadania","article_publisher":"https:\/\/www.facebook.com\/tribunademinas\/","article_published_time":"2025-09-08T22:45:38+00:00","article_modified_time":"2025-09-08T22:45:44+00:00","og_image":[{"width":1170,"height":700,"url":"https:\/\/tribunademinas.audiencelabs.com.br\/wp-content\/uploads\/2025\/09\/salario-minimo-2.webp","type":"image\/webp"}],"author":"Jeferson Carvalho","twitter_card":"summary_large_image","twitter_creator":"@tribunademinas","twitter_site":"@tribunademinas","twitter_misc":{"Escrito por":"Jeferson Carvalho","Est. tempo de leitura":"3 minutos"},"schema":{"@context":"https:\/\/schema.org","@graph":[{"@type":"Article","@id":"https:\/\/tribunademinas.audiencelabs.com.br\/brasileiros-recebem-melhor-noticia-do-ano-sobre-aumento-do-salario-minimo\/#article","isPartOf":{"@id":"https:\/\/tribunademinas.audiencelabs.com.br\/brasileiros-recebem-melhor-noticia-do-ano-sobre-aumento-do-salario-minimo\/"},"author":{"name":"Jeferson Carvalho","@id":"https:\/\/tribunademinas.audiencelabs.com.br\/#\/schema\/person\/db18fc40307804bacef94213aa68fd9d"},"headline":"Brasileiros recebem melhor not\u00edcia do ano sobre aumento do sal\u00e1rio m\u00ednimo","datePublished":"2025-09-08T22:45:38+00:00","dateModified":"2025-09-08T22:45:44+00:00","mainEntityOfPage":{"@id":"https:\/\/tribunademinas.audiencelabs.com.br\/brasileiros-recebem-melhor-noticia-do-ano-sobre-aumento-do-salario-minimo\/"},"wordCount":495,"commentCount":0,"publisher":{"@id":"https:\/\/tribunademinas.audiencelabs.com.br\/#organization"},"image":{"@id":"https:\/\/tribunademinas.audiencelabs.com.br\/brasileiros-recebem-melhor-noticia-do-ano-sobre-aumento-do-salario-minimo\/#primaryimage"},"thumbnailUrl":"https:\/\/tribunademinas.audiencelabs.com.br\/wp-content\/uploads\/2025\/09\/salario-minimo-2.webp","articleSection":["Dinheiro"],"inLanguage":"pt-BR","potentialAction":[{"@type":"CommentAction","name":"Comment","target":["https:\/\/tribunademinas.audiencelabs.com.br\/brasileiros-recebem-melhor-noticia-do-ano-sobre-aumento-do-salario-minimo\/#respond"]}]},{"@type":"WebPage","@id":"https:\/\/tribunademinas.audiencelabs.com.br\/brasileiros-recebem-melhor-noticia-do-ano-sobre-aumento-do-salario-minimo\/","url":"https:\/\/tribunademinas.audiencelabs.com.br\/brasileiros-recebem-melhor-noticia-do-ano-sobre-aumento-do-salario-minimo\/","name":"Brasileiros recebem melhor not\u00edcia do ano sobre aumento do sal\u00e1rio m\u00ednimo","isPartOf":{"@id":"https:\/\/tribunademinas.audiencelabs.com.br\/#website"},"primaryImageOfPage":{"@id":"https:\/\/tribunademinas.audiencelabs.com.br\/brasileiros-recebem-melhor-noticia-do-ano-sobre-aumento-do-salario-minimo\/#primaryimage"},"image":{"@id":"https:\/\/tribunademinas.audiencelabs.com.br\/brasileiros-recebem-melhor-noticia-do-ano-sobre-aumento-do-salario-minimo\/#primaryimage"},"thumbnailUrl":"https:\/\/tribunademinas.audiencelabs.com.br\/wp-content\/uploads\/2025\/09\/salario-minimo-2.webp","datePublished":"2025-09-08T22:45:38+00:00","dateModified":"2025-09-08T22:45:44+00:00","description":"Setembro come\u00e7ou com um an\u00fancio que animou milh\u00f5es de brasileiros: o governo federal divulgou a previs\u00e3o do novo sal\u00e1rio m\u00ednimo para 2026.","breadcrumb":{"@id":"https:\/\/tribunademinas.audiencelabs.com.br\/brasileiros-recebem-melhor-noticia-do-ano-sobre-aumento-do-salario-minimo\/#breadcrumb"},"inLanguage":"pt-BR","potentialAction":[{"@type":"ReadAction","target":["https:\/\/tribunademinas.audiencelabs.com.br\/brasileiros-recebem-melhor-noticia-do-ano-sobre-aumento-do-salario-minimo\/"]}]},{"@type":"ImageObject","inLanguage":"pt-BR","@id":"https:\/\/tribunademinas.audiencelabs.com.br\/brasileiros-recebem-melhor-noticia-do-ano-sobre-aumento-do-salario-minimo\/#primaryimage","url":"https:\/\/tribunademinas.audiencelabs.com.br\/wp-content\/uploads\/2025\/09\/salario-minimo-2.webp","contentUrl":"https:\/\/tribunademinas.audiencelabs.com.br\/wp-content\/uploads\/2025\/09\/salario-minimo-2.webp","width":1170,"height":700,"caption":"Brasileiros recebem melhor not\u00edcia do ano sobre aumento do sal\u00e1rio m\u00ednimo - Imagem: Marcello Casal jr\/Ag\u00eancia Brasil"},{"@type":"BreadcrumbList","@id":"https:\/\/tribunademinas.audiencelabs.com.br\/brasileiros-recebem-melhor-noticia-do-ano-sobre-aumento-do-salario-minimo\/#breadcrumb","itemListElement":[{"@type":"ListItem","position":1,"name":"In\u00edcio","item":"https:\/\/tribunademinas.audiencelabs.com.br\/"},{"@type":"ListItem","position":2,"name":"Brasileiros recebem melhor not\u00edcia do ano sobre aumento do sal\u00e1rio m\u00ednimo"}]},{"@type":"WebSite","@id":"https:\/\/tribunademinas.audiencelabs.com.br\/#website","url":"https:\/\/tribunademinas.audiencelabs.com.br\/","name":"Tribuna de Minas - Dinheiro e Cidadania","description":"","publisher":{"@id":"https:\/\/tribunademinas.audiencelabs.com.br\/#organization"},"potentialAction":[{"@type":"SearchAction","target":{"@type":"EntryPoint","urlTemplate":"https:\/\/tribunademinas.audiencelabs.com.br\/?s={search_term_string}"},"query-input":{"@type":"PropertyValueSpecification","valueRequired":true,"valueName":"search_term_string"}}],"inLanguage":"pt-BR"},{"@type":"Organization","@id":"https:\/\/tribunademinas.audiencelabs.com.br\/#organization","name":"Tribuna de Minas - Dinheiro e Cidadania","url":"https:\/\/tribunademinas.audiencelabs.com.br\/","logo":{"@type":"ImageObject","inLanguage":"pt-BR","@id":"https:\/\/tribunademinas.audiencelabs.com.br\/#\/schema\/logo\/image\/","url":"https:\/\/tribunademinas.audiencelabs.com.br\/wp-content\/uploads\/2025\/08\/cropped-Tribuna_512x512-96x96-1.png","contentUrl":"https:\/\/tribunademinas.audiencelabs.com.br\/wp-content\/uploads\/2025\/08\/cropped-Tribuna_512x512-96x96-1.png","width":96,"height":96,"caption":"Tribuna de Minas - Dinheiro e Cidadania"},"image":{"@id":"https:\/\/tribunademinas.audiencelabs.com.br\/#\/schema\/logo\/image\/"},"sameAs":["https:\/\/www.facebook.com\/tribunademinas\/","https:\/\/x.com\/tribunademinas","https:\/\/www.instagram.com\/tribunademinas\/","https:\/\/www.youtube.com\/user\/TribunadeMinasJF"]},{"@type":"Person","@id":"https:\/\/tribunademinas.audiencelabs.com.br\/#\/schema\/person\/db18fc40307804bacef94213aa68fd9d","name":"Jeferson Carvalho","image":{"@type":"ImageObject","inLanguage":"pt-BR","@id":"https:\/\/tribunademinas.audiencelabs.com.br\/#\/schema\/person\/image\/","url":"https:\/\/secure.gravatar.com\/avatar\/cd7646e328d9670dad7dea8698522e522745eeffcff5b9d08be858e377ce326b?s=96&d=mm&r=g","contentUrl":"https:\/\/secure.gravatar.com\/avatar\/cd7646e328d9670dad7dea8698522e522745eeffcff5b9d08be858e377ce326b?s=96&d=mm&r=g","caption":"Jeferson Carvalho"},"description":"Jornalista apaixonado pela profiss\u00e3o!","url":"https:\/\/tribunademinas.audiencelabs.com.br\/author\/jeferson\/"}]}},"amp_enabled":true,"_links":{"self":[{"href":"https:\/\/tribunademinas.audiencelabs.com.br\/wp-json\/wp\/v2\/posts\/1149","targetHints":{"allow":["GET"]}}],"collection":[{"href":"https:\/\/tribunademinas.audiencelabs.com.br\/wp-json\/wp\/v2\/posts"}],"about":[{"href":"https:\/\/tribunademinas.audiencelabs.com.br\/wp-json\/wp\/v2\/types\/post"}],"author":[{"embeddable":true,"href":"https:\/\/tribunademinas.audiencelabs.com.br\/wp-json\/wp\/v2\/users\/5"}],"replies":[{"embeddable":true,"href":"https:\/\/tribunademinas.audiencelabs.com.br\/wp-json\/wp\/v2\/comments?post=1149"}],"version-history":[{"count":1,"href":"https:\/\/tribunademinas.audiencelabs.com.br\/wp-json\/wp\/v2\/posts\/1149\/revisions"}],"predecessor-version":[{"id":1151,"href":"https:\/\/tribunademinas.audiencelabs.com.br\/wp-json\/wp\/v2\/posts\/1149\/revisions\/1151"}],"wp:featuredmedia":[{"embeddable":true,"href":"https:\/\/tribunademinas.audiencelabs.com.br\/wp-json\/wp\/v2\/media\/1150"}],"wp:attachment":[{"href":"https:\/\/tribunademinas.audiencelabs.com.br\/wp-json\/wp\/v2\/media?parent=1149"}],"wp:term":[{"taxonomy":"category","embeddable":true,"href":"https:\/\/tribunademinas.audiencelabs.com.br\/wp-json\/wp\/v2\/categories?post=1149"},{"taxonomy":"post_tag","embeddable":true,"href":"https:\/\/tribunademinas.audiencelabs.com.br\/wp-json\/wp\/v2\/tags?post=1149"}],"curies":[{"name":"wp","href":"https:\/\/api.w.org\/{rel}","templated":true}]}}