{"id":1130,"date":"2025-09-09T10:00:00","date_gmt":"2025-09-09T13:00:00","guid":{"rendered":"https:\/\/tribunademinas.audiencelabs.com.br\/?p=1130"},"modified":"2025-09-08T17:49:11","modified_gmt":"2025-09-08T20:49:11","slug":"fim-das-aposentadorias-e-pensoes-para-os-brasileiros-entenda","status":"publish","type":"post","link":"https:\/\/tribunademinas.audiencelabs.com.br\/fim-das-aposentadorias-e-pensoes-para-os-brasileiros-entenda\/","title":{"rendered":"Fim das aposentadorias e pens\u00f5es para os brasileiros: entenda"},"content":{"rendered":"\n<p>Segurados do INSS devem estar atentos. O n\u00e3o cumprimento de exig\u00eancias b\u00e1sicas estabelecidas pela Previd\u00eancia Social pode resultar no bloqueio tempor\u00e1rio dos pagamentos de aposentadorias, pens\u00f5es e, em casos mais graves, na perda definitiva do benef\u00edcio. <\/p>\n\n\n\n<p>Por isso, \u00e9 fundamental seguir \u00e0 risca as regras determinadas pelo \u00f3rg\u00e3o para manter o direito de continuar recebendo os valores mensalmente, inclusive neste m\u00eas de setembro.<\/p>\n\n\n\n<h2 class=\"wp-block-heading\">Fim das aposentadorias e pens\u00f5es para os brasileiros: entenda<\/h2>\n\n\n\n<p>Entre as obriga\u00e7\u00f5es que n\u00e3o podem ser ignoradas est\u00e1 a atualiza\u00e7\u00e3o cadastral. Sempre que houver mudan\u00e7a de endere\u00e7o, telefone, estado civil ou qualquer outro dado pessoal, o benefici\u00e1rio deve informar o INSS. <\/p>\n\n\n\n<p>Dados desatualizados dificultam a comunica\u00e7\u00e3o com o segurado e podem ser interpretados como ind\u00edcios de irregularidade, levando \u00e0 suspens\u00e3o do pagamento.<\/p>\n\n\n\n<p>Outro ponto de aten\u00e7\u00e3o envolve os aposentados por invalidez. Esses benefici\u00e1rios precisam comparecer a per\u00edcias m\u00e9dicas peri\u00f3dicas para comprovar que ainda se encontram incapacitados para o trabalho. <\/p>\n\n\n\n<p>O n\u00e3o comparecimento \u00e0s per\u00edcias implica, automaticamente, no bloqueio do benef\u00edcio. Se o INSS concluir que a capacidade laborativa foi restabelecida, o pagamento poder\u00e1 ser encerrado.<\/p>\n\n\n\n<p>Todos os segurados, independentemente da modalidade de benef\u00edcio, tamb\u00e9m precisam realizar anualmente a chamada prova de vida. Trata-se de um procedimento simples, feito geralmente pelo banco, que serve para confirmar que o benefici\u00e1rio continua vivo e recebendo de forma leg\u00edtima. <\/p>\n\n\n\n<p>O n\u00e3o cumprimento desse processo tamb\u00e9m leva \u00e0 suspens\u00e3o dos dep\u00f3sitos mensais.<\/p>\n\n\n\n<p>Outras situa\u00e7\u00f5es espec\u00edficas, como a pris\u00e3o do segurado, tamb\u00e9m interrompem o recebimento do benef\u00edcio durante o per\u00edodo de deten\u00e7\u00e3o. No caso de benefici\u00e1rios em programas de reabilita\u00e7\u00e3o profissional, a recusa em participar pode acarretar o corte definitivo da aposentadoria por invalidez.<\/p>\n\n\n\n<h3 class=\"wp-block-heading\">Calend\u00e1rio de pagamentos das aposentadorias e pens\u00f5es de setembro de 2025 j\u00e1 foi divulgado<\/h3>\n\n\n\n<p>Al\u00e9m das exig\u00eancias formais, o INSS j\u00e1 definiu o<a href=\"https:\/\/tribunademinas.com.br\/colunas\/dinheiroecidadania\/inss-prepara-pix-para-fazer-dois-pagamentos-em-setembro\/\"><strong> calend\u00e1rio dos pagamentos<\/strong><\/a> para setembro. Os dep\u00f3sitos ser\u00e3o feitos em duas fases distintas, de acordo com o valor do benef\u00edcio.<\/p>\n\n\n\n<p><strong>Pagamentos de setembro para quem recebe at\u00e9 um sal\u00e1rio m\u00ednimo (R$ 1.518):<\/strong><\/p>\n\n\n\n<figure class=\"wp-block-table aligncenter is-style-stripes\"><table class=\"has-fixed-layout\"><thead><tr><th>Final do benef\u00edcio<\/th><th>Data de pagamento<\/th><\/tr><\/thead><tbody><tr><td>1<\/td><td>24 de setembro<\/td><\/tr><tr><td>2<\/td><td>25 de setembro<\/td><\/tr><tr><td>3<\/td><td>26 de setembro<\/td><\/tr><tr><td>4<\/td><td>29 de setembro<\/td><\/tr><tr><td>5<\/td><td>30 de setembro<\/td><\/tr><tr><td>6<\/td><td>1\u00ba de outubro<\/td><\/tr><tr><td>7<\/td><td>2 de outubro<\/td><\/tr><tr><td>8<\/td><td>3 de outubro<\/td><\/tr><tr><td>9<\/td><td>6 de outubro<\/td><\/tr><tr><td>0<\/td><td>7 de outubro<\/td><\/tr><\/tbody><\/table><\/figure>\n\n\n\n<p><strong>Pagamentos de setembro para quem recebe acima de um sal\u00e1rio m\u00ednimo:<\/strong><\/p>\n\n\n\n<figure class=\"wp-block-table aligncenter is-style-stripes\"><table class=\"has-fixed-layout\"><thead><tr><th>Final do benef\u00edcio<\/th><th>Data de pagamento<\/th><\/tr><\/thead><tbody><tr><td>1 e 6<\/td><td>1\u00ba de outubro<\/td><\/tr><tr><td>2 e 7<\/td><td>2 de outubro<\/td><\/tr><tr><td>3 e 8<\/td><td>3 de outubro<\/td><\/tr><tr><td>4 e 9<\/td><td>6 de outubro<\/td><\/tr><tr><td>5 e 0<\/td><td>7 de outubro<\/td><\/tr><\/tbody><\/table><\/figure>\n\n\n\n<p>Para evitar surpresas desagrad\u00e1veis, os benefici\u00e1rios devem seguir atentamente essas orienta\u00e7\u00f5es e acompanhar as informa\u00e7\u00f5es pelos canais oficiais do INSS, como o <a href=\"https:\/\/meu.inss.gov.br\/\"><strong>site<\/strong><\/a>, aplicativo Meu INSS ou a Central 135.<\/p>\n","protected":false},"excerpt":{"rendered":"<p>Segurados do INSS devem estar atentos. O n\u00e3o cumprimento de exig\u00eancias b\u00e1sicas estabelecidas pela Previd\u00eancia Social pode resultar no bloqueio tempor\u00e1rio dos pagamentos de aposentadorias, pens\u00f5es e, em casos mais graves, na perda definitiva do benef\u00edcio. Por isso, \u00e9 fundamental seguir \u00e0 risca as regras determinadas pelo \u00f3rg\u00e3o para manter o direito de continuar recebendo [&hellip;]<\/p>\n","protected":false},"author":5,"featured_media":1131,"comment_status":"open","ping_status":"open","sticky":false,"template":"","format":"standard","meta":{"jnews-multi-image_gallery":[],"jnews_single_post":{"format":"standard"},"jnews_primary_category":[],"jnews_social_meta":[],"jnews_post_split":[],"footnotes":""},"categories":[159],"tags":[],"class_list":["post-1130","post","type-post","status-publish","format-standard","has-post-thumbnail","hentry","category-cidadania"],"yoast_head":"<!-- This site is optimized with the Yoast SEO plugin v25.6 - https:\/\/yoast.com\/wordpress\/plugins\/seo\/ -->\n<title>Fim das aposentadorias e pens\u00f5es para os brasileiros: entenda<\/title>\n<meta name=\"description\" content=\"O n\u00e3o cumprimento de exig\u00eancias b\u00e1sicas estabelecidas pela Previd\u00eancia Social pode resultar no bloqueio de aposentadorias e pens\u00f5es.\" \/>\n<meta name=\"robots\" content=\"index, follow, max-snippet:-1, max-image-preview:large, max-video-preview:-1\" \/>\n<link rel=\"canonical\" href=\"https:\/\/tribunademinas.audiencelabs.com.br\/fim-das-aposentadorias-e-pensoes-para-os-brasileiros-entenda\/\" \/>\n<meta property=\"og:locale\" content=\"pt_BR\" \/>\n<meta property=\"og:type\" content=\"article\" \/>\n<meta property=\"og:title\" content=\"Fim das aposentadorias e pens\u00f5es para os brasileiros: entenda\" \/>\n<meta property=\"og:description\" content=\"O n\u00e3o cumprimento de exig\u00eancias b\u00e1sicas estabelecidas pela Previd\u00eancia Social pode resultar no bloqueio de aposentadorias e pens\u00f5es.\" \/>\n<meta property=\"og:url\" content=\"https:\/\/tribunademinas.audiencelabs.com.br\/fim-das-aposentadorias-e-pensoes-para-os-brasileiros-entenda\/\" \/>\n<meta property=\"og:site_name\" content=\"Tribuna de Minas - Dinheiro e Cidadania\" \/>\n<meta property=\"article:publisher\" content=\"https:\/\/www.facebook.com\/tribunademinas\/\" \/>\n<meta property=\"article:published_time\" content=\"2025-09-09T13:00:00+00:00\" \/>\n<meta property=\"og:image\" content=\"https:\/\/tribunademinas.audiencelabs.com.br\/wp-content\/uploads\/2025\/09\/aposentadorias.jpg\" \/>\n\t<meta property=\"og:image:width\" content=\"1600\" \/>\n\t<meta property=\"og:image:height\" content=\"800\" \/>\n\t<meta property=\"og:image:type\" content=\"image\/jpeg\" \/>\n<meta name=\"author\" content=\"Jeferson Carvalho\" \/>\n<meta name=\"twitter:card\" content=\"summary_large_image\" \/>\n<meta name=\"twitter:creator\" content=\"@tribunademinas\" \/>\n<meta name=\"twitter:site\" content=\"@tribunademinas\" \/>\n<meta name=\"twitter:label1\" content=\"Escrito por\" \/>\n\t<meta name=\"twitter:data1\" content=\"Jeferson Carvalho\" \/>\n\t<meta name=\"twitter:label2\" content=\"Est. tempo de leitura\" \/>\n\t<meta name=\"twitter:data2\" content=\"3 minutos\" \/>\n<!-- \/ Yoast SEO plugin. -->","yoast_head_json":{"title":"Fim das aposentadorias e pens\u00f5es para os brasileiros: entenda","description":"O n\u00e3o cumprimento de exig\u00eancias b\u00e1sicas estabelecidas pela Previd\u00eancia Social pode resultar no bloqueio de aposentadorias e pens\u00f5es.","robots":{"index":"index","follow":"follow","max-snippet":"max-snippet:-1","max-image-preview":"max-image-preview:large","max-video-preview":"max-video-preview:-1"},"canonical":"https:\/\/tribunademinas.audiencelabs.com.br\/fim-das-aposentadorias-e-pensoes-para-os-brasileiros-entenda\/","og_locale":"pt_BR","og_type":"article","og_title":"Fim das aposentadorias e pens\u00f5es para os brasileiros: entenda","og_description":"O n\u00e3o cumprimento de exig\u00eancias b\u00e1sicas estabelecidas pela Previd\u00eancia Social pode resultar no bloqueio de aposentadorias e pens\u00f5es.","og_url":"https:\/\/tribunademinas.audiencelabs.com.br\/fim-das-aposentadorias-e-pensoes-para-os-brasileiros-entenda\/","og_site_name":"Tribuna de Minas - Dinheiro e Cidadania","article_publisher":"https:\/\/www.facebook.com\/tribunademinas\/","article_published_time":"2025-09-09T13:00:00+00:00","og_image":[{"width":1600,"height":800,"url":"https:\/\/tribunademinas.audiencelabs.com.br\/wp-content\/uploads\/2025\/09\/aposentadorias.jpg","type":"image\/jpeg"}],"author":"Jeferson Carvalho","twitter_card":"summary_large_image","twitter_creator":"@tribunademinas","twitter_site":"@tribunademinas","twitter_misc":{"Escrito por":"Jeferson Carvalho","Est. tempo de leitura":"3 minutos"},"schema":{"@context":"https:\/\/schema.org","@graph":[{"@type":"Article","@id":"https:\/\/tribunademinas.audiencelabs.com.br\/fim-das-aposentadorias-e-pensoes-para-os-brasileiros-entenda\/#article","isPartOf":{"@id":"https:\/\/tribunademinas.audiencelabs.com.br\/fim-das-aposentadorias-e-pensoes-para-os-brasileiros-entenda\/"},"author":{"name":"Jeferson Carvalho","@id":"https:\/\/tribunademinas.audiencelabs.com.br\/#\/schema\/person\/db18fc40307804bacef94213aa68fd9d"},"headline":"Fim das aposentadorias e pens\u00f5es para os brasileiros: entenda","datePublished":"2025-09-09T13:00:00+00:00","mainEntityOfPage":{"@id":"https:\/\/tribunademinas.audiencelabs.com.br\/fim-das-aposentadorias-e-pensoes-para-os-brasileiros-entenda\/"},"wordCount":479,"commentCount":0,"publisher":{"@id":"https:\/\/tribunademinas.audiencelabs.com.br\/#organization"},"image":{"@id":"https:\/\/tribunademinas.audiencelabs.com.br\/fim-das-aposentadorias-e-pensoes-para-os-brasileiros-entenda\/#primaryimage"},"thumbnailUrl":"https:\/\/tribunademinas.audiencelabs.com.br\/wp-content\/uploads\/2025\/09\/aposentadorias.jpg","articleSection":["Cidadania"],"inLanguage":"pt-BR","potentialAction":[{"@type":"CommentAction","name":"Comment","target":["https:\/\/tribunademinas.audiencelabs.com.br\/fim-das-aposentadorias-e-pensoes-para-os-brasileiros-entenda\/#respond"]}]},{"@type":"WebPage","@id":"https:\/\/tribunademinas.audiencelabs.com.br\/fim-das-aposentadorias-e-pensoes-para-os-brasileiros-entenda\/","url":"https:\/\/tribunademinas.audiencelabs.com.br\/fim-das-aposentadorias-e-pensoes-para-os-brasileiros-entenda\/","name":"Fim das aposentadorias e pens\u00f5es para os brasileiros: entenda","isPartOf":{"@id":"https:\/\/tribunademinas.audiencelabs.com.br\/#website"},"primaryImageOfPage":{"@id":"https:\/\/tribunademinas.audiencelabs.com.br\/fim-das-aposentadorias-e-pensoes-para-os-brasileiros-entenda\/#primaryimage"},"image":{"@id":"https:\/\/tribunademinas.audiencelabs.com.br\/fim-das-aposentadorias-e-pensoes-para-os-brasileiros-entenda\/#primaryimage"},"thumbnailUrl":"https:\/\/tribunademinas.audiencelabs.com.br\/wp-content\/uploads\/2025\/09\/aposentadorias.jpg","datePublished":"2025-09-09T13:00:00+00:00","description":"O n\u00e3o cumprimento de exig\u00eancias b\u00e1sicas estabelecidas pela Previd\u00eancia Social pode resultar no bloqueio de aposentadorias e pens\u00f5es.","breadcrumb":{"@id":"https:\/\/tribunademinas.audiencelabs.com.br\/fim-das-aposentadorias-e-pensoes-para-os-brasileiros-entenda\/#breadcrumb"},"inLanguage":"pt-BR","potentialAction":[{"@type":"ReadAction","target":["https:\/\/tribunademinas.audiencelabs.com.br\/fim-das-aposentadorias-e-pensoes-para-os-brasileiros-entenda\/"]}]},{"@type":"ImageObject","inLanguage":"pt-BR","@id":"https:\/\/tribunademinas.audiencelabs.com.br\/fim-das-aposentadorias-e-pensoes-para-os-brasileiros-entenda\/#primaryimage","url":"https:\/\/tribunademinas.audiencelabs.com.br\/wp-content\/uploads\/2025\/09\/aposentadorias.jpg","contentUrl":"https:\/\/tribunademinas.audiencelabs.com.br\/wp-content\/uploads\/2025\/09\/aposentadorias.jpg","width":1600,"height":800,"caption":"Fim das aposentadorias e pens\u00f5es para os brasileiros: entenda - Imagem: Divulga\u00e7\u00e3o\/INSS"},{"@type":"BreadcrumbList","@id":"https:\/\/tribunademinas.audiencelabs.com.br\/fim-das-aposentadorias-e-pensoes-para-os-brasileiros-entenda\/#breadcrumb","itemListElement":[{"@type":"ListItem","position":1,"name":"In\u00edcio","item":"https:\/\/tribunademinas.audiencelabs.com.br\/"},{"@type":"ListItem","position":2,"name":"Fim das aposentadorias e pens\u00f5es para os brasileiros: entenda"}]},{"@type":"WebSite","@id":"https:\/\/tribunademinas.audiencelabs.com.br\/#website","url":"https:\/\/tribunademinas.audiencelabs.com.br\/","name":"Tribuna de Minas - Dinheiro e Cidadania","description":"","publisher":{"@id":"https:\/\/tribunademinas.audiencelabs.com.br\/#organization"},"potentialAction":[{"@type":"SearchAction","target":{"@type":"EntryPoint","urlTemplate":"https:\/\/tribunademinas.audiencelabs.com.br\/?s={search_term_string}"},"query-input":{"@type":"PropertyValueSpecification","valueRequired":true,"valueName":"search_term_string"}}],"inLanguage":"pt-BR"},{"@type":"Organization","@id":"https:\/\/tribunademinas.audiencelabs.com.br\/#organization","name":"Tribuna de Minas - Dinheiro e Cidadania","url":"https:\/\/tribunademinas.audiencelabs.com.br\/","logo":{"@type":"ImageObject","inLanguage":"pt-BR","@id":"https:\/\/tribunademinas.audiencelabs.com.br\/#\/schema\/logo\/image\/","url":"https:\/\/tribunademinas.audiencelabs.com.br\/wp-content\/uploads\/2025\/08\/cropped-Tribuna_512x512-96x96-1.png","contentUrl":"https:\/\/tribunademinas.audiencelabs.com.br\/wp-content\/uploads\/2025\/08\/cropped-Tribuna_512x512-96x96-1.png","width":96,"height":96,"caption":"Tribuna de Minas - Dinheiro e Cidadania"},"image":{"@id":"https:\/\/tribunademinas.audiencelabs.com.br\/#\/schema\/logo\/image\/"},"sameAs":["https:\/\/www.facebook.com\/tribunademinas\/","https:\/\/x.com\/tribunademinas","https:\/\/www.instagram.com\/tribunademinas\/","https:\/\/www.youtube.com\/user\/TribunadeMinasJF"]},{"@type":"Person","@id":"https:\/\/tribunademinas.audiencelabs.com.br\/#\/schema\/person\/db18fc40307804bacef94213aa68fd9d","name":"Jeferson Carvalho","image":{"@type":"ImageObject","inLanguage":"pt-BR","@id":"https:\/\/tribunademinas.audiencelabs.com.br\/#\/schema\/person\/image\/","url":"https:\/\/secure.gravatar.com\/avatar\/cd7646e328d9670dad7dea8698522e522745eeffcff5b9d08be858e377ce326b?s=96&d=mm&r=g","contentUrl":"https:\/\/secure.gravatar.com\/avatar\/cd7646e328d9670dad7dea8698522e522745eeffcff5b9d08be858e377ce326b?s=96&d=mm&r=g","caption":"Jeferson Carvalho"},"description":"Jornalista apaixonado pela profiss\u00e3o!","url":"https:\/\/tribunademinas.audiencelabs.com.br\/author\/jeferson\/"}]}},"amp_enabled":true,"_links":{"self":[{"href":"https:\/\/tribunademinas.audiencelabs.com.br\/wp-json\/wp\/v2\/posts\/1130","targetHints":{"allow":["GET"]}}],"collection":[{"href":"https:\/\/tribunademinas.audiencelabs.com.br\/wp-json\/wp\/v2\/posts"}],"about":[{"href":"https:\/\/tribunademinas.audiencelabs.com.br\/wp-json\/wp\/v2\/types\/post"}],"author":[{"embeddable":true,"href":"https:\/\/tribunademinas.audiencelabs.com.br\/wp-json\/wp\/v2\/users\/5"}],"replies":[{"embeddable":true,"href":"https:\/\/tribunademinas.audiencelabs.com.br\/wp-json\/wp\/v2\/comments?post=1130"}],"version-history":[{"count":1,"href":"https:\/\/tribunademinas.audiencelabs.com.br\/wp-json\/wp\/v2\/posts\/1130\/revisions"}],"predecessor-version":[{"id":1132,"href":"https:\/\/tribunademinas.audiencelabs.com.br\/wp-json\/wp\/v2\/posts\/1130\/revisions\/1132"}],"wp:featuredmedia":[{"embeddable":true,"href":"https:\/\/tribunademinas.audiencelabs.com.br\/wp-json\/wp\/v2\/media\/1131"}],"wp:attachment":[{"href":"https:\/\/tribunademinas.audiencelabs.com.br\/wp-json\/wp\/v2\/media?parent=1130"}],"wp:term":[{"taxonomy":"category","embeddable":true,"href":"https:\/\/tribunademinas.audiencelabs.com.br\/wp-json\/wp\/v2\/categories?post=1130"},{"taxonomy":"post_tag","embeddable":true,"href":"https:\/\/tribunademinas.audiencelabs.com.br\/wp-json\/wp\/v2\/tags?post=1130"}],"curies":[{"name":"wp","href":"https:\/\/api.w.org\/{rel}","templated":true}]}}