{"id":1111,"date":"2025-09-09T06:45:00","date_gmt":"2025-09-09T09:45:00","guid":{"rendered":"https:\/\/tribunademinas.audiencelabs.com.br\/?p=1111"},"modified":"2025-09-08T14:25:44","modified_gmt":"2025-09-08T17:25:44","slug":"perda-do-bolsa-familia-faca-isso-para-nao-acontecer","status":"publish","type":"post","link":"https:\/\/tribunademinas.audiencelabs.com.br\/perda-do-bolsa-familia-faca-isso-para-nao-acontecer\/","title":{"rendered":"Perda do Bolsa Fam\u00edlia: fa\u00e7a isso para n\u00e3o acontecer"},"content":{"rendered":"\n<p>Desde seu retorno em 2023, o <strong>Bolsa Fam\u00edlia<\/strong> reassumiu seu papel como um dos principais programas de transfer\u00eancia de renda do Brasil, beneficiando milh\u00f5es de fam\u00edlias ao redor de todo o pa\u00eds com um suporte mensal.<\/p>\n\n\n\n<p>E ao contr\u00e1rio do que circula em not\u00edcias falsas, o programa conta com <strong>um conjunto de regras estritas<\/strong>, voltadas a prevenir fraudes e assegurar que o Bolsa Fam\u00edlia chegue exclusivamente \u00e0s fam\u00edlias que necessitam.<\/p>\n\n\n\n<p>Sendo assim, para evitar bloqueios inesperados no pagamento, \u00e9 fundamental que os benefici\u00e1rios se atentem \u00e0s regras do benef\u00edcio e mantenham seus dados devidamente atualizados conforme a realidade.<\/p>\n\n\n\n<p>No geral, o Bolsa Fam\u00edlia possui <strong>tr\u00eas regras principais<\/strong> que impactam diretamente a manuten\u00e7\u00e3o do benef\u00edcio, pois s\u00e3o determinantes para avaliar a realidade dos benefici\u00e1rios. S\u00e3o elas:<\/p>\n\n\n\n<ul class=\"wp-block-list\">\n<li><strong>Atualiza\u00e7\u00e3o de dados:<\/strong> ara selecionar os benefici\u00e1rios, o programa se baseia nos dados do <strong>Cadastro \u00danico para Programas Sociais (Cad\u00danico)<\/strong>. Por isso, \u00e9 fundamental n\u00e3o apenas verificar a precis\u00e3o das informa\u00e7\u00f5es registradas, mas tamb\u00e9m atualiz\u00e1-las a cada dois anos ou sempre que houver altera\u00e7\u00f5es na fam\u00edlia, como mudan\u00e7a de endere\u00e7o, nascimento de filhos ou \u00f3bitos;<\/li>\n\n\n\n<li><strong>Informa\u00e7\u00e3o de renda:<\/strong> em 2025, o limite de renda per capita para participar do Bolsa Fam\u00edlia \u00e9 de <strong>at\u00e9 R$ 218<\/strong>. Logo, \u00e9 essencial assegurar que o or\u00e7amento mensal esteja de acordo com os crit\u00e9rios estabelecidos.<\/li>\n\n\n\n<li><strong>Cumprimento de condicionalidades:<\/strong> com o objetivo de incentivar o desenvolvimento das fam\u00edlias e de seus filhos, o Bolsa Fam\u00edlia tamb\u00e9m estabelece exig\u00eancias, como a <strong>frequ\u00eancia escolar e a vacina\u00e7\u00e3o de crian\u00e7as e adolescentes<\/strong>, al\u00e9m do <strong>acompanhamento nutricional infantil<\/strong> e do <strong>pr\u00e9-natal de gestantes<\/strong>.<\/li>\n<\/ul>\n\n\n\n<h2 class=\"wp-block-heading\">Como desbloquear o Bolsa Fam\u00edlia?<\/h2>\n\n\n\n<p>Em caso de bloqueio do pagamento do Bolsa Fam\u00edlia, \u00e9 fundamental verificar, antes de mais nada, <strong>o motivo do cancelamento<\/strong> atrav\u00e9s do aplicativo do programa ou no Centro de Refer\u00eancia de Assist\u00eancia Social (CRAS) mais pr\u00f3ximo.<\/p>\n\n\n\n<p>Identificando que tratam-se de problemas cadastrais, basta apresentar documentos comprobat\u00f3rios para regularizar a situa\u00e7\u00e3o e aguardar o prazo de desbloqueio, que pode variar de acordo com cada situa\u00e7\u00e3o.<\/p>\n\n\n\n<p>Entretanto, se houver cancelamento do benef\u00edcio, ser\u00e1 necess\u00e1rio realizar um novo processo de cadastro e solicita\u00e7\u00e3o do Bolsa Fam\u00edlia, o que pode levar mais tempo devido \u00e0 an\u00e1lise de disponibilidade.<\/p>\n","protected":false},"excerpt":{"rendered":"<p>Desde seu retorno em 2023, o Bolsa Fam\u00edlia reassumiu seu papel como um dos principais programas de transfer\u00eancia de renda do Brasil, beneficiando milh\u00f5es de fam\u00edlias ao redor de todo o pa\u00eds com um suporte mensal. E ao contr\u00e1rio do que circula em not\u00edcias falsas, o programa conta com um conjunto de regras estritas, voltadas [&hellip;]<\/p>\n","protected":false},"author":3,"featured_media":1112,"comment_status":"open","ping_status":"open","sticky":false,"template":"","format":"standard","meta":{"jnews-multi-image_gallery":[],"jnews_single_post":{"format":"standard"},"jnews_primary_category":[],"jnews_social_meta":[],"jnews_post_split":[],"footnotes":""},"categories":[159],"tags":[],"class_list":["post-1111","post","type-post","status-publish","format-standard","has-post-thumbnail","hentry","category-cidadania"],"yoast_head":"<!-- This site is optimized with the Yoast SEO plugin v25.6 - https:\/\/yoast.com\/wordpress\/plugins\/seo\/ -->\n<title>Perda do Bolsa Fam\u00edlia: fa\u00e7a isso para n\u00e3o acontecer<\/title>\n<meta name=\"robots\" content=\"index, follow, max-snippet:-1, max-image-preview:large, max-video-preview:-1\" \/>\n<link rel=\"canonical\" href=\"https:\/\/tribunademinas.audiencelabs.com.br\/perda-do-bolsa-familia-faca-isso-para-nao-acontecer\/\" \/>\n<meta property=\"og:locale\" content=\"pt_BR\" \/>\n<meta property=\"og:type\" content=\"article\" \/>\n<meta property=\"og:title\" content=\"Perda do Bolsa Fam\u00edlia: fa\u00e7a isso para n\u00e3o acontecer\" \/>\n<meta property=\"og:description\" content=\"Desde seu retorno em 2023, o Bolsa Fam\u00edlia reassumiu seu papel como um dos principais programas de transfer\u00eancia de renda do Brasil, beneficiando milh\u00f5es de fam\u00edlias ao redor de todo o pa\u00eds com um suporte mensal. E ao contr\u00e1rio do que circula em not\u00edcias falsas, o programa conta com um conjunto de regras estritas, voltadas [&hellip;]\" \/>\n<meta property=\"og:url\" content=\"https:\/\/tribunademinas.audiencelabs.com.br\/perda-do-bolsa-familia-faca-isso-para-nao-acontecer\/\" \/>\n<meta property=\"og:site_name\" content=\"Tribuna de Minas - Dinheiro e Cidadania\" \/>\n<meta property=\"article:publisher\" content=\"https:\/\/www.facebook.com\/tribunademinas\/\" \/>\n<meta property=\"article:published_time\" content=\"2025-09-09T09:45:00+00:00\" \/>\n<meta property=\"og:image\" content=\"https:\/\/tribunademinas.audiencelabs.com.br\/wp-content\/uploads\/2025\/09\/perda-bolsa-familia-faca-isso-para-nao-acontecer.webp\" \/>\n\t<meta property=\"og:image:width\" content=\"1280\" \/>\n\t<meta property=\"og:image:height\" content=\"720\" \/>\n\t<meta property=\"og:image:type\" content=\"image\/webp\" \/>\n<meta name=\"author\" content=\"Jo\u00e3o Carlos Gomes\" \/>\n<meta name=\"twitter:card\" content=\"summary_large_image\" \/>\n<meta name=\"twitter:creator\" content=\"@tribunademinas\" \/>\n<meta name=\"twitter:site\" content=\"@tribunademinas\" \/>\n<meta name=\"twitter:label1\" content=\"Escrito por\" \/>\n\t<meta name=\"twitter:data1\" content=\"Jo\u00e3o Carlos Gomes\" \/>\n\t<meta name=\"twitter:label2\" content=\"Est. tempo de leitura\" \/>\n\t<meta name=\"twitter:data2\" content=\"3 minutos\" \/>\n<!-- \/ Yoast SEO plugin. -->","yoast_head_json":{"title":"Perda do Bolsa Fam\u00edlia: fa\u00e7a isso para n\u00e3o acontecer","robots":{"index":"index","follow":"follow","max-snippet":"max-snippet:-1","max-image-preview":"max-image-preview:large","max-video-preview":"max-video-preview:-1"},"canonical":"https:\/\/tribunademinas.audiencelabs.com.br\/perda-do-bolsa-familia-faca-isso-para-nao-acontecer\/","og_locale":"pt_BR","og_type":"article","og_title":"Perda do Bolsa Fam\u00edlia: fa\u00e7a isso para n\u00e3o acontecer","og_description":"Desde seu retorno em 2023, o Bolsa Fam\u00edlia reassumiu seu papel como um dos principais programas de transfer\u00eancia de renda do Brasil, beneficiando milh\u00f5es de fam\u00edlias ao redor de todo o pa\u00eds com um suporte mensal. E ao contr\u00e1rio do que circula em not\u00edcias falsas, o programa conta com um conjunto de regras estritas, voltadas [&hellip;]","og_url":"https:\/\/tribunademinas.audiencelabs.com.br\/perda-do-bolsa-familia-faca-isso-para-nao-acontecer\/","og_site_name":"Tribuna de Minas - Dinheiro e Cidadania","article_publisher":"https:\/\/www.facebook.com\/tribunademinas\/","article_published_time":"2025-09-09T09:45:00+00:00","og_image":[{"width":1280,"height":720,"url":"https:\/\/tribunademinas.audiencelabs.com.br\/wp-content\/uploads\/2025\/09\/perda-bolsa-familia-faca-isso-para-nao-acontecer.webp","type":"image\/webp"}],"author":"Jo\u00e3o Carlos Gomes","twitter_card":"summary_large_image","twitter_creator":"@tribunademinas","twitter_site":"@tribunademinas","twitter_misc":{"Escrito por":"Jo\u00e3o Carlos Gomes","Est. tempo de leitura":"3 minutos"},"schema":{"@context":"https:\/\/schema.org","@graph":[{"@type":"Article","@id":"https:\/\/tribunademinas.audiencelabs.com.br\/perda-do-bolsa-familia-faca-isso-para-nao-acontecer\/#article","isPartOf":{"@id":"https:\/\/tribunademinas.audiencelabs.com.br\/perda-do-bolsa-familia-faca-isso-para-nao-acontecer\/"},"author":{"name":"Jo\u00e3o Carlos Gomes","@id":"https:\/\/tribunademinas.audiencelabs.com.br\/#\/schema\/person\/37af466a64a722fadb8ef6841c52114f"},"headline":"Perda do Bolsa Fam\u00edlia: fa\u00e7a isso para n\u00e3o acontecer","datePublished":"2025-09-09T09:45:00+00:00","mainEntityOfPage":{"@id":"https:\/\/tribunademinas.audiencelabs.com.br\/perda-do-bolsa-familia-faca-isso-para-nao-acontecer\/"},"wordCount":418,"commentCount":0,"publisher":{"@id":"https:\/\/tribunademinas.audiencelabs.com.br\/#organization"},"image":{"@id":"https:\/\/tribunademinas.audiencelabs.com.br\/perda-do-bolsa-familia-faca-isso-para-nao-acontecer\/#primaryimage"},"thumbnailUrl":"https:\/\/tribunademinas.audiencelabs.com.br\/wp-content\/uploads\/2025\/09\/perda-bolsa-familia-faca-isso-para-nao-acontecer.webp","articleSection":["Cidadania"],"inLanguage":"pt-BR","potentialAction":[{"@type":"CommentAction","name":"Comment","target":["https:\/\/tribunademinas.audiencelabs.com.br\/perda-do-bolsa-familia-faca-isso-para-nao-acontecer\/#respond"]}]},{"@type":"WebPage","@id":"https:\/\/tribunademinas.audiencelabs.com.br\/perda-do-bolsa-familia-faca-isso-para-nao-acontecer\/","url":"https:\/\/tribunademinas.audiencelabs.com.br\/perda-do-bolsa-familia-faca-isso-para-nao-acontecer\/","name":"Perda do Bolsa Fam\u00edlia: fa\u00e7a isso para n\u00e3o acontecer","isPartOf":{"@id":"https:\/\/tribunademinas.audiencelabs.com.br\/#website"},"primaryImageOfPage":{"@id":"https:\/\/tribunademinas.audiencelabs.com.br\/perda-do-bolsa-familia-faca-isso-para-nao-acontecer\/#primaryimage"},"image":{"@id":"https:\/\/tribunademinas.audiencelabs.com.br\/perda-do-bolsa-familia-faca-isso-para-nao-acontecer\/#primaryimage"},"thumbnailUrl":"https:\/\/tribunademinas.audiencelabs.com.br\/wp-content\/uploads\/2025\/09\/perda-bolsa-familia-faca-isso-para-nao-acontecer.webp","datePublished":"2025-09-09T09:45:00+00:00","breadcrumb":{"@id":"https:\/\/tribunademinas.audiencelabs.com.br\/perda-do-bolsa-familia-faca-isso-para-nao-acontecer\/#breadcrumb"},"inLanguage":"pt-BR","potentialAction":[{"@type":"ReadAction","target":["https:\/\/tribunademinas.audiencelabs.com.br\/perda-do-bolsa-familia-faca-isso-para-nao-acontecer\/"]}]},{"@type":"ImageObject","inLanguage":"pt-BR","@id":"https:\/\/tribunademinas.audiencelabs.com.br\/perda-do-bolsa-familia-faca-isso-para-nao-acontecer\/#primaryimage","url":"https:\/\/tribunademinas.audiencelabs.com.br\/wp-content\/uploads\/2025\/09\/perda-bolsa-familia-faca-isso-para-nao-acontecer.webp","contentUrl":"https:\/\/tribunademinas.audiencelabs.com.br\/wp-content\/uploads\/2025\/09\/perda-bolsa-familia-faca-isso-para-nao-acontecer.webp","width":1280,"height":720,"caption":"Foto:Lyon Santos\/MDS"},{"@type":"BreadcrumbList","@id":"https:\/\/tribunademinas.audiencelabs.com.br\/perda-do-bolsa-familia-faca-isso-para-nao-acontecer\/#breadcrumb","itemListElement":[{"@type":"ListItem","position":1,"name":"In\u00edcio","item":"https:\/\/tribunademinas.audiencelabs.com.br\/"},{"@type":"ListItem","position":2,"name":"Perda do Bolsa Fam\u00edlia: fa\u00e7a isso para n\u00e3o acontecer"}]},{"@type":"WebSite","@id":"https:\/\/tribunademinas.audiencelabs.com.br\/#website","url":"https:\/\/tribunademinas.audiencelabs.com.br\/","name":"Tribuna de Minas - Dinheiro e Cidadania","description":"","publisher":{"@id":"https:\/\/tribunademinas.audiencelabs.com.br\/#organization"},"potentialAction":[{"@type":"SearchAction","target":{"@type":"EntryPoint","urlTemplate":"https:\/\/tribunademinas.audiencelabs.com.br\/?s={search_term_string}"},"query-input":{"@type":"PropertyValueSpecification","valueRequired":true,"valueName":"search_term_string"}}],"inLanguage":"pt-BR"},{"@type":"Organization","@id":"https:\/\/tribunademinas.audiencelabs.com.br\/#organization","name":"Tribuna de Minas - Dinheiro e Cidadania","url":"https:\/\/tribunademinas.audiencelabs.com.br\/","logo":{"@type":"ImageObject","inLanguage":"pt-BR","@id":"https:\/\/tribunademinas.audiencelabs.com.br\/#\/schema\/logo\/image\/","url":"https:\/\/tribunademinas.audiencelabs.com.br\/wp-content\/uploads\/2025\/08\/cropped-Tribuna_512x512-96x96-1.png","contentUrl":"https:\/\/tribunademinas.audiencelabs.com.br\/wp-content\/uploads\/2025\/08\/cropped-Tribuna_512x512-96x96-1.png","width":96,"height":96,"caption":"Tribuna de Minas - Dinheiro e Cidadania"},"image":{"@id":"https:\/\/tribunademinas.audiencelabs.com.br\/#\/schema\/logo\/image\/"},"sameAs":["https:\/\/www.facebook.com\/tribunademinas\/","https:\/\/x.com\/tribunademinas","https:\/\/www.instagram.com\/tribunademinas\/","https:\/\/www.youtube.com\/user\/TribunadeMinasJF"]},{"@type":"Person","@id":"https:\/\/tribunademinas.audiencelabs.com.br\/#\/schema\/person\/37af466a64a722fadb8ef6841c52114f","name":"Jo\u00e3o Carlos Gomes","image":{"@type":"ImageObject","inLanguage":"pt-BR","@id":"https:\/\/tribunademinas.audiencelabs.com.br\/#\/schema\/person\/image\/","url":"https:\/\/secure.gravatar.com\/avatar\/4ce4672dbdd694b329cd6fdb51bee7d1409be1f0ff76a537e4c4a737b2c7d1a9?s=96&d=mm&r=g","contentUrl":"https:\/\/secure.gravatar.com\/avatar\/4ce4672dbdd694b329cd6fdb51bee7d1409be1f0ff76a537e4c4a737b2c7d1a9?s=96&d=mm&r=g","caption":"Jo\u00e3o Carlos Gomes"},"description":"Jornalista formado pelo Centro Universit\u00e1rio Carioca, apreciador da Bossa Nova ao Metal Extremo, criador de conte\u00fado e m\u00fasico independente nas horas vagas.","url":"https:\/\/tribunademinas.audiencelabs.com.br\/author\/joaoc-junior\/"}]}},"amp_enabled":true,"_links":{"self":[{"href":"https:\/\/tribunademinas.audiencelabs.com.br\/wp-json\/wp\/v2\/posts\/1111","targetHints":{"allow":["GET"]}}],"collection":[{"href":"https:\/\/tribunademinas.audiencelabs.com.br\/wp-json\/wp\/v2\/posts"}],"about":[{"href":"https:\/\/tribunademinas.audiencelabs.com.br\/wp-json\/wp\/v2\/types\/post"}],"author":[{"embeddable":true,"href":"https:\/\/tribunademinas.audiencelabs.com.br\/wp-json\/wp\/v2\/users\/3"}],"replies":[{"embeddable":true,"href":"https:\/\/tribunademinas.audiencelabs.com.br\/wp-json\/wp\/v2\/comments?post=1111"}],"version-history":[{"count":1,"href":"https:\/\/tribunademinas.audiencelabs.com.br\/wp-json\/wp\/v2\/posts\/1111\/revisions"}],"predecessor-version":[{"id":1113,"href":"https:\/\/tribunademinas.audiencelabs.com.br\/wp-json\/wp\/v2\/posts\/1111\/revisions\/1113"}],"wp:featuredmedia":[{"embeddable":true,"href":"https:\/\/tribunademinas.audiencelabs.com.br\/wp-json\/wp\/v2\/media\/1112"}],"wp:attachment":[{"href":"https:\/\/tribunademinas.audiencelabs.com.br\/wp-json\/wp\/v2\/media?parent=1111"}],"wp:term":[{"taxonomy":"category","embeddable":true,"href":"https:\/\/tribunademinas.audiencelabs.com.br\/wp-json\/wp\/v2\/categories?post=1111"},{"taxonomy":"post_tag","embeddable":true,"href":"https:\/\/tribunademinas.audiencelabs.com.br\/wp-json\/wp\/v2\/tags?post=1111"}],"curies":[{"name":"wp","href":"https:\/\/api.w.org\/{rel}","templated":true}]}}