{"id":1102,"date":"2025-09-08T13:03:26","date_gmt":"2025-09-08T16:03:26","guid":{"rendered":"https:\/\/tribunademinas.audiencelabs.com.br\/?p=1102"},"modified":"2025-09-08T13:03:31","modified_gmt":"2025-09-08T16:03:31","slug":"fim-dos-pagamentos-de-13o-nao-serao-pagos-em-dezembro-e-novembro","status":"publish","type":"post","link":"https:\/\/tribunademinas.audiencelabs.com.br\/fim-dos-pagamentos-de-13o-nao-serao-pagos-em-dezembro-e-novembro\/","title":{"rendered":"Fim dos pagamentos de 13\u00ba: n\u00e3o ser\u00e3o pagos em dezembro e novembro"},"content":{"rendered":"\n<p>O avan\u00e7o do ano \u00e9 um \u00f3timo sinal para os trabalhadores de carteira assinada, considerando que, dentre os direitos garantidos pela Consolida\u00e7\u00e3o das Leis do Trabalho (CLT), est\u00e1 o <strong>13\u00ba sal\u00e1rio<\/strong>, uma remunera\u00e7\u00e3o extra, dividida em duas parcelas que geralmente s\u00e3o pagas entre novembro e dezembro.<\/p>\n\n\n\n<p>Mas vale destacar que o direito n\u00e3o \u00e9 exclusivo, uma vez que <strong>aposentados e pensionistas do Instituto Nacional do Seguro Social (INSS)<\/strong> tamb\u00e9m recebem o valor, referente aos meses em que permaneceram como benefici\u00e1rios.<\/p>\n\n\n\n<p>No entanto, segurados que est\u00e3o aguardando at\u00e9 o final do ano para receber o 13\u00ba podem acabar se surpreendendo, j\u00e1 que para quem recebe pagamentos do INSS, o dep\u00f3sito ocorre em datas totalmente distintas, sendo geralmente <strong>antecipado para o primeiro semestre<\/strong>.<\/p>\n\n\n\n<p>Inclusive, em 2025, a institui\u00e7\u00e3o acabou encaminhando as parcelas entre os meses de\u00a0<strong>abril e junho<\/strong>, beneficiando tanto os segurados que recebem at\u00e9 um sal\u00e1rio m\u00ednimo quanto aqueles com valores superiores.<\/p>\n\n\n\n<p>Sendo assim, resta apenas verificar se os dep\u00f3sitos foram realizados corretamente por meio do extrato de pagamento, dispon\u00edvel no site ou aplicativo Meu INSS, ou atrav\u00e9s da central de atendimento pelo n\u00famero 135.<\/p>\n\n\n\n<h2 class=\"wp-block-heading\">BPC: benefici\u00e1rios tamb\u00e9m n\u00e3o receber\u00e3o o 13\u00ba<\/h2>\n\n\n\n<p>Al\u00e9m dos aposentados e pensionistas, os cidad\u00e3os que recebem o <strong>Benef\u00edcio de Presta\u00e7\u00e3o Continuada (BPC)<\/strong>, tamb\u00e9m pago pelo INSS, n\u00e3o ter\u00e3o direito ao 13\u00ba sal\u00e1rio nos pr\u00f3ximos meses.<\/p>\n\n\n\n<p>Contudo, nesse caso, a limita\u00e7\u00e3o se deve \u00e0 natureza do pagamento, que possui car\u00e1ter assistencial. O BPC consiste em um suporte financeiro destinado a idosos e pessoas com defici\u00eancia em situa\u00e7\u00e3o de vulnerabilidade social que n\u00e3o consigam se sustentar, e n\u00e3o contribu\u00edram o suficiente para ter direito \u00e0 aposentadoria.<\/p>\n\n\n\n<p>Por este motivo, embora assegure dep\u00f3sitos mensais no valor de um sal\u00e1rio m\u00ednimo (R$ 1.518, atualmente), o benef\u00edcio n\u00e3o concede direito ao 13\u00ba sal\u00e1rio, que permanece restrito aos contribuintes da Previd\u00eancia Social.<\/p>\n","protected":false},"excerpt":{"rendered":"<p>O avan\u00e7o do ano \u00e9 um \u00f3timo sinal para os trabalhadores de carteira assinada, considerando que, dentre os direitos garantidos pela Consolida\u00e7\u00e3o das Leis do Trabalho (CLT), est\u00e1 o 13\u00ba sal\u00e1rio, uma remunera\u00e7\u00e3o extra, dividida em duas parcelas que geralmente s\u00e3o pagas entre novembro e dezembro. Mas vale destacar que o direito n\u00e3o \u00e9 exclusivo, [&hellip;]<\/p>\n","protected":false},"author":3,"featured_media":1103,"comment_status":"open","ping_status":"open","sticky":false,"template":"","format":"standard","meta":{"jnews-multi-image_gallery":[],"jnews_single_post":{"format":"standard"},"jnews_primary_category":[],"jnews_social_meta":[],"jnews_post_split":[],"footnotes":""},"categories":[1],"tags":[],"class_list":["post-1102","post","type-post","status-publish","format-standard","has-post-thumbnail","hentry","category-dinheiro"],"yoast_head":"<!-- This site is optimized with the Yoast SEO plugin v25.6 - https:\/\/yoast.com\/wordpress\/plugins\/seo\/ -->\n<title>Fim dos pagamentos de 13\u00ba: n\u00e3o ser\u00e3o pagos em dezembro e novembro<\/title>\n<meta name=\"robots\" content=\"index, follow, max-snippet:-1, max-image-preview:large, max-video-preview:-1\" \/>\n<link rel=\"canonical\" href=\"https:\/\/tribunademinas.audiencelabs.com.br\/fim-dos-pagamentos-de-13o-nao-serao-pagos-em-dezembro-e-novembro\/\" \/>\n<meta property=\"og:locale\" content=\"pt_BR\" \/>\n<meta property=\"og:type\" content=\"article\" \/>\n<meta property=\"og:title\" content=\"Fim dos pagamentos de 13\u00ba: n\u00e3o ser\u00e3o pagos em dezembro e novembro\" \/>\n<meta property=\"og:description\" content=\"O avan\u00e7o do ano \u00e9 um \u00f3timo sinal para os trabalhadores de carteira assinada, considerando que, dentre os direitos garantidos pela Consolida\u00e7\u00e3o das Leis do Trabalho (CLT), est\u00e1 o 13\u00ba sal\u00e1rio, uma remunera\u00e7\u00e3o extra, dividida em duas parcelas que geralmente s\u00e3o pagas entre novembro e dezembro. Mas vale destacar que o direito n\u00e3o \u00e9 exclusivo, [&hellip;]\" \/>\n<meta property=\"og:url\" content=\"https:\/\/tribunademinas.audiencelabs.com.br\/fim-dos-pagamentos-de-13o-nao-serao-pagos-em-dezembro-e-novembro\/\" \/>\n<meta property=\"og:site_name\" content=\"Tribuna de Minas - Dinheiro e Cidadania\" \/>\n<meta property=\"article:publisher\" content=\"https:\/\/www.facebook.com\/tribunademinas\/\" \/>\n<meta property=\"article:published_time\" content=\"2025-09-08T16:03:26+00:00\" \/>\n<meta property=\"article:modified_time\" content=\"2025-09-08T16:03:31+00:00\" \/>\n<meta property=\"og:image\" content=\"https:\/\/tribunademinas.audiencelabs.com.br\/wp-content\/uploads\/2025\/09\/fim-dos-pagamentos-13o-nao-serao-pagos-dezembro-novembro.jpg\" \/>\n\t<meta property=\"og:image:width\" content=\"2000\" \/>\n\t<meta property=\"og:image:height\" content=\"1125\" \/>\n\t<meta property=\"og:image:type\" content=\"image\/jpeg\" \/>\n<meta name=\"author\" content=\"Jo\u00e3o Carlos Gomes\" \/>\n<meta name=\"twitter:card\" content=\"summary_large_image\" \/>\n<meta name=\"twitter:creator\" content=\"@tribunademinas\" \/>\n<meta name=\"twitter:site\" content=\"@tribunademinas\" \/>\n<meta name=\"twitter:label1\" content=\"Escrito por\" \/>\n\t<meta name=\"twitter:data1\" content=\"Jo\u00e3o Carlos Gomes\" \/>\n\t<meta name=\"twitter:label2\" content=\"Est. tempo de leitura\" \/>\n\t<meta name=\"twitter:data2\" content=\"2 minutos\" \/>\n<!-- \/ Yoast SEO plugin. -->","yoast_head_json":{"title":"Fim dos pagamentos de 13\u00ba: n\u00e3o ser\u00e3o pagos em dezembro e novembro","robots":{"index":"index","follow":"follow","max-snippet":"max-snippet:-1","max-image-preview":"max-image-preview:large","max-video-preview":"max-video-preview:-1"},"canonical":"https:\/\/tribunademinas.audiencelabs.com.br\/fim-dos-pagamentos-de-13o-nao-serao-pagos-em-dezembro-e-novembro\/","og_locale":"pt_BR","og_type":"article","og_title":"Fim dos pagamentos de 13\u00ba: n\u00e3o ser\u00e3o pagos em dezembro e novembro","og_description":"O avan\u00e7o do ano \u00e9 um \u00f3timo sinal para os trabalhadores de carteira assinada, considerando que, dentre os direitos garantidos pela Consolida\u00e7\u00e3o das Leis do Trabalho (CLT), est\u00e1 o 13\u00ba sal\u00e1rio, uma remunera\u00e7\u00e3o extra, dividida em duas parcelas que geralmente s\u00e3o pagas entre novembro e dezembro. Mas vale destacar que o direito n\u00e3o \u00e9 exclusivo, [&hellip;]","og_url":"https:\/\/tribunademinas.audiencelabs.com.br\/fim-dos-pagamentos-de-13o-nao-serao-pagos-em-dezembro-e-novembro\/","og_site_name":"Tribuna de Minas - Dinheiro e Cidadania","article_publisher":"https:\/\/www.facebook.com\/tribunademinas\/","article_published_time":"2025-09-08T16:03:26+00:00","article_modified_time":"2025-09-08T16:03:31+00:00","og_image":[{"width":2000,"height":1125,"url":"https:\/\/tribunademinas.audiencelabs.com.br\/wp-content\/uploads\/2025\/09\/fim-dos-pagamentos-13o-nao-serao-pagos-dezembro-novembro.jpg","type":"image\/jpeg"}],"author":"Jo\u00e3o Carlos Gomes","twitter_card":"summary_large_image","twitter_creator":"@tribunademinas","twitter_site":"@tribunademinas","twitter_misc":{"Escrito por":"Jo\u00e3o Carlos Gomes","Est. tempo de leitura":"2 minutos"},"schema":{"@context":"https:\/\/schema.org","@graph":[{"@type":"Article","@id":"https:\/\/tribunademinas.audiencelabs.com.br\/fim-dos-pagamentos-de-13o-nao-serao-pagos-em-dezembro-e-novembro\/#article","isPartOf":{"@id":"https:\/\/tribunademinas.audiencelabs.com.br\/fim-dos-pagamentos-de-13o-nao-serao-pagos-em-dezembro-e-novembro\/"},"author":{"name":"Jo\u00e3o Carlos Gomes","@id":"https:\/\/tribunademinas.audiencelabs.com.br\/#\/schema\/person\/37af466a64a722fadb8ef6841c52114f"},"headline":"Fim dos pagamentos de 13\u00ba: n\u00e3o ser\u00e3o pagos em dezembro e novembro","datePublished":"2025-09-08T16:03:26+00:00","dateModified":"2025-09-08T16:03:31+00:00","mainEntityOfPage":{"@id":"https:\/\/tribunademinas.audiencelabs.com.br\/fim-dos-pagamentos-de-13o-nao-serao-pagos-em-dezembro-e-novembro\/"},"wordCount":346,"commentCount":0,"publisher":{"@id":"https:\/\/tribunademinas.audiencelabs.com.br\/#organization"},"image":{"@id":"https:\/\/tribunademinas.audiencelabs.com.br\/fim-dos-pagamentos-de-13o-nao-serao-pagos-em-dezembro-e-novembro\/#primaryimage"},"thumbnailUrl":"https:\/\/tribunademinas.audiencelabs.com.br\/wp-content\/uploads\/2025\/09\/fim-dos-pagamentos-13o-nao-serao-pagos-dezembro-novembro.jpg","articleSection":["Dinheiro"],"inLanguage":"pt-BR","potentialAction":[{"@type":"CommentAction","name":"Comment","target":["https:\/\/tribunademinas.audiencelabs.com.br\/fim-dos-pagamentos-de-13o-nao-serao-pagos-em-dezembro-e-novembro\/#respond"]}]},{"@type":"WebPage","@id":"https:\/\/tribunademinas.audiencelabs.com.br\/fim-dos-pagamentos-de-13o-nao-serao-pagos-em-dezembro-e-novembro\/","url":"https:\/\/tribunademinas.audiencelabs.com.br\/fim-dos-pagamentos-de-13o-nao-serao-pagos-em-dezembro-e-novembro\/","name":"Fim dos pagamentos de 13\u00ba: n\u00e3o ser\u00e3o pagos em dezembro e novembro","isPartOf":{"@id":"https:\/\/tribunademinas.audiencelabs.com.br\/#website"},"primaryImageOfPage":{"@id":"https:\/\/tribunademinas.audiencelabs.com.br\/fim-dos-pagamentos-de-13o-nao-serao-pagos-em-dezembro-e-novembro\/#primaryimage"},"image":{"@id":"https:\/\/tribunademinas.audiencelabs.com.br\/fim-dos-pagamentos-de-13o-nao-serao-pagos-em-dezembro-e-novembro\/#primaryimage"},"thumbnailUrl":"https:\/\/tribunademinas.audiencelabs.com.br\/wp-content\/uploads\/2025\/09\/fim-dos-pagamentos-13o-nao-serao-pagos-dezembro-novembro.jpg","datePublished":"2025-09-08T16:03:26+00:00","dateModified":"2025-09-08T16:03:31+00:00","breadcrumb":{"@id":"https:\/\/tribunademinas.audiencelabs.com.br\/fim-dos-pagamentos-de-13o-nao-serao-pagos-em-dezembro-e-novembro\/#breadcrumb"},"inLanguage":"pt-BR","potentialAction":[{"@type":"ReadAction","target":["https:\/\/tribunademinas.audiencelabs.com.br\/fim-dos-pagamentos-de-13o-nao-serao-pagos-em-dezembro-e-novembro\/"]}]},{"@type":"ImageObject","inLanguage":"pt-BR","@id":"https:\/\/tribunademinas.audiencelabs.com.br\/fim-dos-pagamentos-de-13o-nao-serao-pagos-em-dezembro-e-novembro\/#primaryimage","url":"https:\/\/tribunademinas.audiencelabs.com.br\/wp-content\/uploads\/2025\/09\/fim-dos-pagamentos-13o-nao-serao-pagos-dezembro-novembro.jpg","contentUrl":"https:\/\/tribunademinas.audiencelabs.com.br\/wp-content\/uploads\/2025\/09\/fim-dos-pagamentos-13o-nao-serao-pagos-dezembro-novembro.jpg","width":2000,"height":1125,"caption":"Foto: wayhomestudio\/Freepik"},{"@type":"BreadcrumbList","@id":"https:\/\/tribunademinas.audiencelabs.com.br\/fim-dos-pagamentos-de-13o-nao-serao-pagos-em-dezembro-e-novembro\/#breadcrumb","itemListElement":[{"@type":"ListItem","position":1,"name":"In\u00edcio","item":"https:\/\/tribunademinas.audiencelabs.com.br\/"},{"@type":"ListItem","position":2,"name":"Fim dos pagamentos de 13\u00ba: n\u00e3o ser\u00e3o pagos em dezembro e novembro"}]},{"@type":"WebSite","@id":"https:\/\/tribunademinas.audiencelabs.com.br\/#website","url":"https:\/\/tribunademinas.audiencelabs.com.br\/","name":"Tribuna de Minas - Dinheiro e Cidadania","description":"","publisher":{"@id":"https:\/\/tribunademinas.audiencelabs.com.br\/#organization"},"potentialAction":[{"@type":"SearchAction","target":{"@type":"EntryPoint","urlTemplate":"https:\/\/tribunademinas.audiencelabs.com.br\/?s={search_term_string}"},"query-input":{"@type":"PropertyValueSpecification","valueRequired":true,"valueName":"search_term_string"}}],"inLanguage":"pt-BR"},{"@type":"Organization","@id":"https:\/\/tribunademinas.audiencelabs.com.br\/#organization","name":"Tribuna de Minas - Dinheiro e Cidadania","url":"https:\/\/tribunademinas.audiencelabs.com.br\/","logo":{"@type":"ImageObject","inLanguage":"pt-BR","@id":"https:\/\/tribunademinas.audiencelabs.com.br\/#\/schema\/logo\/image\/","url":"https:\/\/tribunademinas.audiencelabs.com.br\/wp-content\/uploads\/2025\/08\/cropped-Tribuna_512x512-96x96-1.png","contentUrl":"https:\/\/tribunademinas.audiencelabs.com.br\/wp-content\/uploads\/2025\/08\/cropped-Tribuna_512x512-96x96-1.png","width":96,"height":96,"caption":"Tribuna de Minas - Dinheiro e Cidadania"},"image":{"@id":"https:\/\/tribunademinas.audiencelabs.com.br\/#\/schema\/logo\/image\/"},"sameAs":["https:\/\/www.facebook.com\/tribunademinas\/","https:\/\/x.com\/tribunademinas","https:\/\/www.instagram.com\/tribunademinas\/","https:\/\/www.youtube.com\/user\/TribunadeMinasJF"]},{"@type":"Person","@id":"https:\/\/tribunademinas.audiencelabs.com.br\/#\/schema\/person\/37af466a64a722fadb8ef6841c52114f","name":"Jo\u00e3o Carlos Gomes","image":{"@type":"ImageObject","inLanguage":"pt-BR","@id":"https:\/\/tribunademinas.audiencelabs.com.br\/#\/schema\/person\/image\/","url":"https:\/\/secure.gravatar.com\/avatar\/4ce4672dbdd694b329cd6fdb51bee7d1409be1f0ff76a537e4c4a737b2c7d1a9?s=96&d=mm&r=g","contentUrl":"https:\/\/secure.gravatar.com\/avatar\/4ce4672dbdd694b329cd6fdb51bee7d1409be1f0ff76a537e4c4a737b2c7d1a9?s=96&d=mm&r=g","caption":"Jo\u00e3o Carlos Gomes"},"description":"Jornalista formado pelo Centro Universit\u00e1rio Carioca, apreciador da Bossa Nova ao Metal Extremo, criador de conte\u00fado e m\u00fasico independente nas horas vagas.","url":"https:\/\/tribunademinas.audiencelabs.com.br\/author\/joaoc-junior\/"}]}},"amp_enabled":true,"_links":{"self":[{"href":"https:\/\/tribunademinas.audiencelabs.com.br\/wp-json\/wp\/v2\/posts\/1102","targetHints":{"allow":["GET"]}}],"collection":[{"href":"https:\/\/tribunademinas.audiencelabs.com.br\/wp-json\/wp\/v2\/posts"}],"about":[{"href":"https:\/\/tribunademinas.audiencelabs.com.br\/wp-json\/wp\/v2\/types\/post"}],"author":[{"embeddable":true,"href":"https:\/\/tribunademinas.audiencelabs.com.br\/wp-json\/wp\/v2\/users\/3"}],"replies":[{"embeddable":true,"href":"https:\/\/tribunademinas.audiencelabs.com.br\/wp-json\/wp\/v2\/comments?post=1102"}],"version-history":[{"count":1,"href":"https:\/\/tribunademinas.audiencelabs.com.br\/wp-json\/wp\/v2\/posts\/1102\/revisions"}],"predecessor-version":[{"id":1104,"href":"https:\/\/tribunademinas.audiencelabs.com.br\/wp-json\/wp\/v2\/posts\/1102\/revisions\/1104"}],"wp:featuredmedia":[{"embeddable":true,"href":"https:\/\/tribunademinas.audiencelabs.com.br\/wp-json\/wp\/v2\/media\/1103"}],"wp:attachment":[{"href":"https:\/\/tribunademinas.audiencelabs.com.br\/wp-json\/wp\/v2\/media?parent=1102"}],"wp:term":[{"taxonomy":"category","embeddable":true,"href":"https:\/\/tribunademinas.audiencelabs.com.br\/wp-json\/wp\/v2\/categories?post=1102"},{"taxonomy":"post_tag","embeddable":true,"href":"https:\/\/tribunademinas.audiencelabs.com.br\/wp-json\/wp\/v2\/tags?post=1102"}],"curies":[{"name":"wp","href":"https:\/\/api.w.org\/{rel}","templated":true}]}}