{"id":1097,"date":"2025-09-06T04:24:00","date_gmt":"2025-09-06T07:24:00","guid":{"rendered":"https:\/\/tribunademinas.audiencelabs.com.br\/?p=1097"},"modified":"2025-09-05T20:14:21","modified_gmt":"2025-09-05T23:14:21","slug":"aconteceu-santander-suspendeu-servicos-no-brasil","status":"publish","type":"post","link":"https:\/\/tribunademinas.audiencelabs.com.br\/aconteceu-santander-suspendeu-servicos-no-brasil\/","title":{"rendered":"Aconteceu: Santander suspendeu servi\u00e7os no Brasil"},"content":{"rendered":"\n<p>Na \u00faltima quinta-feira, 4 de setembro, milh\u00f5es de clientes do Santander enfrentaram dificuldades para realizar opera\u00e7\u00f5es banc\u00e1rias no Brasil. <\/p>\n\n\n\n<p>A suspens\u00e3o tempor\u00e1ria de alguns servi\u00e7os digitais do <a href=\"https:\/\/tribunademinas.com.br\/colunas\/maistendencias\/santander-confirmou-grana-extra-aos-seus-clientes\/\"><strong>banco<\/strong><\/a> causou instabilidade principalmente nas transa\u00e7\u00f5es via Pix, gerando frustra\u00e7\u00e3o e d\u00favidas entre os usu\u00e1rios. <\/p>\n\n\n\n<p>A situa\u00e7\u00e3o, no entanto, j\u00e1 foi normalizada ap\u00f3s o banco reagir rapidamente a uma tentativa de ataque virtual contra seus sistemas.<\/p>\n\n\n\n<h2 class=\"wp-block-heading\">Aconteceu: Santander suspendeu servi\u00e7os no Brasil<\/h2>\n\n\n\n<p>O problema teve origem em um ataque de nega\u00e7\u00e3o de servi\u00e7o, conhecido como DDoS, uma ofensiva cibern\u00e9tica que visa sobrecarregar servidores por meio de acessos massivos e simult\u00e2neos. <\/p>\n\n\n\n<p>Ao inv\u00e9s de invadir ou roubar informa\u00e7\u00f5es, o objetivo dessa a\u00e7\u00e3o \u00e9 tornar os sistemas inst\u00e1veis ou fora do ar, como aconteceu com o Santander. <\/p>\n\n\n\n<p>A t\u00e1tica, frequentemente usada por criminosos para desestabilizar opera\u00e7\u00f5es digitais, provocou lentid\u00e3o e quedas tempor\u00e1rias no funcionamento de servi\u00e7os online da institui\u00e7\u00e3o.<\/p>\n\n\n\n<p>O ponto mais cr\u00edtico do epis\u00f3dio foi o comprometimento das transfer\u00eancias via Pix realizadas por QR Code. Durante a tarde do dia 4, esses tipos de transa\u00e7\u00f5es ficaram indispon\u00edveis, afetando usu\u00e1rios em todo o pa\u00eds. <\/p>\n\n\n\n<p>Para empresas que dependem do Pix como meio de pagamento, especialmente no varejo e em plataformas digitais, o impacto foi imediato.<\/p>\n\n\n\n<p>Segundo informa\u00e7\u00f5es, o ataque mirou especificamente a infraestrutura do banco ao bombardear seu sistema com um grande volume de consultas a c\u00f3digos Pix. Isso criou um gargalo tecnol\u00f3gico que impediu a opera\u00e7\u00e3o normal das plataformas digitais da institui\u00e7\u00e3o. <\/p>\n\n\n\n<h3 class=\"wp-block-heading\">Santander identificou problema e resolveu imediatamente<\/h3>\n\n\n\n<p>Diferente de casos em que h\u00e1 roubo de dados ou desvio de valores, este ataque teve car\u00e1ter mais disruptivo do que financeiro.<\/p>\n\n\n\n<p>Em nota oficial, o <a href=\"https:\/\/www.santander.com.br\/\"><strong>Santander <\/strong><\/a>confirmou que identificou um volume incomum de acessos a seus sistemas e refor\u00e7ou que n\u00e3o houve qualquer comprometimento de informa\u00e7\u00f5es dos clientes ou perdas financeiras. <\/p>\n\n\n\n<p>A equipe de seguran\u00e7a digital do banco atuou para bloquear os acessos maliciosos e acionou as autoridades competentes para investigar o ocorrido.<\/p>\n\n\n\n<p>Atualmente, todos os servi\u00e7os do Santander est\u00e3o funcionando normalmente, embora ainda haja relatos pontuais de lentid\u00e3o em algumas opera\u00e7\u00f5es. A institui\u00e7\u00e3o segue monitorando sua rede para prevenir novas tentativas de interrup\u00e7\u00e3o, enquanto o caso segue sob an\u00e1lise t\u00e9cnica e jur\u00eddica.<\/p>\n\n\n\n<p>At\u00e9 o momento, o Banco Central n\u00e3o se pronunciou sobre o incidente.<\/p>\n","protected":false},"excerpt":{"rendered":"<p>Na \u00faltima quinta-feira, 4 de setembro, milh\u00f5es de clientes do Santander enfrentaram dificuldades para realizar opera\u00e7\u00f5es banc\u00e1rias no Brasil. A suspens\u00e3o tempor\u00e1ria de alguns servi\u00e7os digitais do banco causou instabilidade principalmente nas transa\u00e7\u00f5es via Pix, gerando frustra\u00e7\u00e3o e d\u00favidas entre os usu\u00e1rios. A situa\u00e7\u00e3o, no entanto, j\u00e1 foi normalizada ap\u00f3s o banco reagir rapidamente a [&hellip;]<\/p>\n","protected":false},"author":5,"featured_media":1098,"comment_status":"open","ping_status":"open","sticky":false,"template":"","format":"standard","meta":{"jnews-multi-image_gallery":[],"jnews_single_post":{"format":"standard"},"jnews_primary_category":[],"jnews_social_meta":[],"jnews_post_split":[],"footnotes":""},"categories":[1],"tags":[],"class_list":["post-1097","post","type-post","status-publish","format-standard","has-post-thumbnail","hentry","category-dinheiro"],"yoast_head":"<!-- This site is optimized with the Yoast SEO plugin v25.6 - https:\/\/yoast.com\/wordpress\/plugins\/seo\/ -->\n<title>Aconteceu: Santander suspendeu servi\u00e7os no Brasil<\/title>\n<meta name=\"description\" content=\"Nesta semana, milh\u00f5es de clientes do Santander enfrentaram dificuldades para realizar opera\u00e7\u00f5es banc\u00e1rias no Brasil.\" \/>\n<meta name=\"robots\" content=\"index, follow, max-snippet:-1, max-image-preview:large, max-video-preview:-1\" \/>\n<link rel=\"canonical\" href=\"https:\/\/tribunademinas.audiencelabs.com.br\/aconteceu-santander-suspendeu-servicos-no-brasil\/\" \/>\n<meta property=\"og:locale\" content=\"pt_BR\" \/>\n<meta property=\"og:type\" content=\"article\" \/>\n<meta property=\"og:title\" content=\"Aconteceu: Santander suspendeu servi\u00e7os no Brasil\" \/>\n<meta property=\"og:description\" content=\"Nesta semana, milh\u00f5es de clientes do Santander enfrentaram dificuldades para realizar opera\u00e7\u00f5es banc\u00e1rias no Brasil.\" \/>\n<meta property=\"og:url\" content=\"https:\/\/tribunademinas.audiencelabs.com.br\/aconteceu-santander-suspendeu-servicos-no-brasil\/\" \/>\n<meta property=\"og:site_name\" content=\"Tribuna de Minas - Dinheiro e Cidadania\" \/>\n<meta property=\"article:publisher\" content=\"https:\/\/www.facebook.com\/tribunademinas\/\" \/>\n<meta property=\"article:published_time\" content=\"2025-09-06T07:24:00+00:00\" \/>\n<meta property=\"og:image\" content=\"https:\/\/tribunademinas.audiencelabs.com.br\/wp-content\/uploads\/2025\/09\/Santander.jpg\" \/>\n\t<meta property=\"og:image:width\" content=\"700\" \/>\n\t<meta property=\"og:image:height\" content=\"440\" \/>\n\t<meta property=\"og:image:type\" content=\"image\/jpeg\" \/>\n<meta name=\"author\" content=\"Jeferson Carvalho\" \/>\n<meta name=\"twitter:card\" content=\"summary_large_image\" \/>\n<meta name=\"twitter:creator\" content=\"@tribunademinas\" \/>\n<meta name=\"twitter:site\" content=\"@tribunademinas\" \/>\n<meta name=\"twitter:label1\" content=\"Escrito por\" \/>\n\t<meta name=\"twitter:data1\" content=\"Jeferson Carvalho\" \/>\n\t<meta name=\"twitter:label2\" content=\"Est. tempo de leitura\" \/>\n\t<meta name=\"twitter:data2\" content=\"3 minutos\" \/>\n<!-- \/ Yoast SEO plugin. -->","yoast_head_json":{"title":"Aconteceu: Santander suspendeu servi\u00e7os no Brasil","description":"Nesta semana, milh\u00f5es de clientes do Santander enfrentaram dificuldades para realizar opera\u00e7\u00f5es banc\u00e1rias no Brasil.","robots":{"index":"index","follow":"follow","max-snippet":"max-snippet:-1","max-image-preview":"max-image-preview:large","max-video-preview":"max-video-preview:-1"},"canonical":"https:\/\/tribunademinas.audiencelabs.com.br\/aconteceu-santander-suspendeu-servicos-no-brasil\/","og_locale":"pt_BR","og_type":"article","og_title":"Aconteceu: Santander suspendeu servi\u00e7os no Brasil","og_description":"Nesta semana, milh\u00f5es de clientes do Santander enfrentaram dificuldades para realizar opera\u00e7\u00f5es banc\u00e1rias no Brasil.","og_url":"https:\/\/tribunademinas.audiencelabs.com.br\/aconteceu-santander-suspendeu-servicos-no-brasil\/","og_site_name":"Tribuna de Minas - Dinheiro e Cidadania","article_publisher":"https:\/\/www.facebook.com\/tribunademinas\/","article_published_time":"2025-09-06T07:24:00+00:00","og_image":[{"width":700,"height":440,"url":"https:\/\/tribunademinas.audiencelabs.com.br\/wp-content\/uploads\/2025\/09\/Santander.jpg","type":"image\/jpeg"}],"author":"Jeferson Carvalho","twitter_card":"summary_large_image","twitter_creator":"@tribunademinas","twitter_site":"@tribunademinas","twitter_misc":{"Escrito por":"Jeferson Carvalho","Est. tempo de leitura":"3 minutos"},"schema":{"@context":"https:\/\/schema.org","@graph":[{"@type":"Article","@id":"https:\/\/tribunademinas.audiencelabs.com.br\/aconteceu-santander-suspendeu-servicos-no-brasil\/#article","isPartOf":{"@id":"https:\/\/tribunademinas.audiencelabs.com.br\/aconteceu-santander-suspendeu-servicos-no-brasil\/"},"author":{"name":"Jeferson Carvalho","@id":"https:\/\/tribunademinas.audiencelabs.com.br\/#\/schema\/person\/db18fc40307804bacef94213aa68fd9d"},"headline":"Aconteceu: Santander suspendeu servi\u00e7os no Brasil","datePublished":"2025-09-06T07:24:00+00:00","mainEntityOfPage":{"@id":"https:\/\/tribunademinas.audiencelabs.com.br\/aconteceu-santander-suspendeu-servicos-no-brasil\/"},"wordCount":428,"commentCount":0,"publisher":{"@id":"https:\/\/tribunademinas.audiencelabs.com.br\/#organization"},"image":{"@id":"https:\/\/tribunademinas.audiencelabs.com.br\/aconteceu-santander-suspendeu-servicos-no-brasil\/#primaryimage"},"thumbnailUrl":"https:\/\/tribunademinas.audiencelabs.com.br\/wp-content\/uploads\/2025\/09\/Santander.jpg","articleSection":["Dinheiro"],"inLanguage":"pt-BR","potentialAction":[{"@type":"CommentAction","name":"Comment","target":["https:\/\/tribunademinas.audiencelabs.com.br\/aconteceu-santander-suspendeu-servicos-no-brasil\/#respond"]}]},{"@type":"WebPage","@id":"https:\/\/tribunademinas.audiencelabs.com.br\/aconteceu-santander-suspendeu-servicos-no-brasil\/","url":"https:\/\/tribunademinas.audiencelabs.com.br\/aconteceu-santander-suspendeu-servicos-no-brasil\/","name":"Aconteceu: Santander suspendeu servi\u00e7os no Brasil","isPartOf":{"@id":"https:\/\/tribunademinas.audiencelabs.com.br\/#website"},"primaryImageOfPage":{"@id":"https:\/\/tribunademinas.audiencelabs.com.br\/aconteceu-santander-suspendeu-servicos-no-brasil\/#primaryimage"},"image":{"@id":"https:\/\/tribunademinas.audiencelabs.com.br\/aconteceu-santander-suspendeu-servicos-no-brasil\/#primaryimage"},"thumbnailUrl":"https:\/\/tribunademinas.audiencelabs.com.br\/wp-content\/uploads\/2025\/09\/Santander.jpg","datePublished":"2025-09-06T07:24:00+00:00","description":"Nesta semana, milh\u00f5es de clientes do Santander enfrentaram dificuldades para realizar opera\u00e7\u00f5es banc\u00e1rias no Brasil.","breadcrumb":{"@id":"https:\/\/tribunademinas.audiencelabs.com.br\/aconteceu-santander-suspendeu-servicos-no-brasil\/#breadcrumb"},"inLanguage":"pt-BR","potentialAction":[{"@type":"ReadAction","target":["https:\/\/tribunademinas.audiencelabs.com.br\/aconteceu-santander-suspendeu-servicos-no-brasil\/"]}]},{"@type":"ImageObject","inLanguage":"pt-BR","@id":"https:\/\/tribunademinas.audiencelabs.com.br\/aconteceu-santander-suspendeu-servicos-no-brasil\/#primaryimage","url":"https:\/\/tribunademinas.audiencelabs.com.br\/wp-content\/uploads\/2025\/09\/Santander.jpg","contentUrl":"https:\/\/tribunademinas.audiencelabs.com.br\/wp-content\/uploads\/2025\/09\/Santander.jpg","width":700,"height":440,"caption":"Aconteceu: Santander suspendeu servi\u00e7os no Brasil - Imagem: Divulga\u00e7\u00e3o\/Santander"},{"@type":"BreadcrumbList","@id":"https:\/\/tribunademinas.audiencelabs.com.br\/aconteceu-santander-suspendeu-servicos-no-brasil\/#breadcrumb","itemListElement":[{"@type":"ListItem","position":1,"name":"In\u00edcio","item":"https:\/\/tribunademinas.audiencelabs.com.br\/"},{"@type":"ListItem","position":2,"name":"Aconteceu: Santander suspendeu servi\u00e7os no Brasil"}]},{"@type":"WebSite","@id":"https:\/\/tribunademinas.audiencelabs.com.br\/#website","url":"https:\/\/tribunademinas.audiencelabs.com.br\/","name":"Tribuna de Minas - Dinheiro e Cidadania","description":"","publisher":{"@id":"https:\/\/tribunademinas.audiencelabs.com.br\/#organization"},"potentialAction":[{"@type":"SearchAction","target":{"@type":"EntryPoint","urlTemplate":"https:\/\/tribunademinas.audiencelabs.com.br\/?s={search_term_string}"},"query-input":{"@type":"PropertyValueSpecification","valueRequired":true,"valueName":"search_term_string"}}],"inLanguage":"pt-BR"},{"@type":"Organization","@id":"https:\/\/tribunademinas.audiencelabs.com.br\/#organization","name":"Tribuna de Minas - Dinheiro e Cidadania","url":"https:\/\/tribunademinas.audiencelabs.com.br\/","logo":{"@type":"ImageObject","inLanguage":"pt-BR","@id":"https:\/\/tribunademinas.audiencelabs.com.br\/#\/schema\/logo\/image\/","url":"https:\/\/tribunademinas.audiencelabs.com.br\/wp-content\/uploads\/2025\/08\/cropped-Tribuna_512x512-96x96-1.png","contentUrl":"https:\/\/tribunademinas.audiencelabs.com.br\/wp-content\/uploads\/2025\/08\/cropped-Tribuna_512x512-96x96-1.png","width":96,"height":96,"caption":"Tribuna de Minas - Dinheiro e Cidadania"},"image":{"@id":"https:\/\/tribunademinas.audiencelabs.com.br\/#\/schema\/logo\/image\/"},"sameAs":["https:\/\/www.facebook.com\/tribunademinas\/","https:\/\/x.com\/tribunademinas","https:\/\/www.instagram.com\/tribunademinas\/","https:\/\/www.youtube.com\/user\/TribunadeMinasJF"]},{"@type":"Person","@id":"https:\/\/tribunademinas.audiencelabs.com.br\/#\/schema\/person\/db18fc40307804bacef94213aa68fd9d","name":"Jeferson Carvalho","image":{"@type":"ImageObject","inLanguage":"pt-BR","@id":"https:\/\/tribunademinas.audiencelabs.com.br\/#\/schema\/person\/image\/","url":"https:\/\/secure.gravatar.com\/avatar\/cd7646e328d9670dad7dea8698522e522745eeffcff5b9d08be858e377ce326b?s=96&d=mm&r=g","contentUrl":"https:\/\/secure.gravatar.com\/avatar\/cd7646e328d9670dad7dea8698522e522745eeffcff5b9d08be858e377ce326b?s=96&d=mm&r=g","caption":"Jeferson Carvalho"},"description":"Jornalista apaixonado pela profiss\u00e3o!","url":"https:\/\/tribunademinas.audiencelabs.com.br\/author\/jeferson\/"}]}},"amp_enabled":true,"_links":{"self":[{"href":"https:\/\/tribunademinas.audiencelabs.com.br\/wp-json\/wp\/v2\/posts\/1097","targetHints":{"allow":["GET"]}}],"collection":[{"href":"https:\/\/tribunademinas.audiencelabs.com.br\/wp-json\/wp\/v2\/posts"}],"about":[{"href":"https:\/\/tribunademinas.audiencelabs.com.br\/wp-json\/wp\/v2\/types\/post"}],"author":[{"embeddable":true,"href":"https:\/\/tribunademinas.audiencelabs.com.br\/wp-json\/wp\/v2\/users\/5"}],"replies":[{"embeddable":true,"href":"https:\/\/tribunademinas.audiencelabs.com.br\/wp-json\/wp\/v2\/comments?post=1097"}],"version-history":[{"count":1,"href":"https:\/\/tribunademinas.audiencelabs.com.br\/wp-json\/wp\/v2\/posts\/1097\/revisions"}],"predecessor-version":[{"id":1099,"href":"https:\/\/tribunademinas.audiencelabs.com.br\/wp-json\/wp\/v2\/posts\/1097\/revisions\/1099"}],"wp:featuredmedia":[{"embeddable":true,"href":"https:\/\/tribunademinas.audiencelabs.com.br\/wp-json\/wp\/v2\/media\/1098"}],"wp:attachment":[{"href":"https:\/\/tribunademinas.audiencelabs.com.br\/wp-json\/wp\/v2\/media?parent=1097"}],"wp:term":[{"taxonomy":"category","embeddable":true,"href":"https:\/\/tribunademinas.audiencelabs.com.br\/wp-json\/wp\/v2\/categories?post=1097"},{"taxonomy":"post_tag","embeddable":true,"href":"https:\/\/tribunademinas.audiencelabs.com.br\/wp-json\/wp\/v2\/tags?post=1097"}],"curies":[{"name":"wp","href":"https:\/\/api.w.org\/{rel}","templated":true}]}}