{"id":1053,"date":"2025-09-08T14:00:00","date_gmt":"2025-09-08T17:00:00","guid":{"rendered":"https:\/\/tribunademinas.audiencelabs.com.br\/?p=1053"},"modified":"2025-09-08T17:13:14","modified_gmt":"2025-09-08T20:13:14","slug":"calendario-de-pagamento-do-inss-em-setembro-confirma-a-lista-de-datas","status":"publish","type":"post","link":"https:\/\/tribunademinas.audiencelabs.com.br\/calendario-de-pagamento-do-inss-em-setembro-confirma-a-lista-de-datas\/","title":{"rendered":"Calend\u00e1rio de pagamento do INSS em setembro: confirma a lista de datas"},"content":{"rendered":"\n<p>Nesta sexta-feira (5), aposentados e pensionistas do Instituto Nacional do Seguro Social (INSS) receberam a \u00faltima parcela do benef\u00edcio referente ao m\u00eas de agosto, que contemplou os segurados cujo n\u00famero do cart\u00e3o termina em 0 (ou em 5 e 0, para quem recebe acima de um sal\u00e1rio m\u00ednimo).<\/p>\n\n\n\n<p>Contudo, considerando a ampla demanda de benefici\u00e1rios, o Minist\u00e9rio da Previd\u00eancia Social estabelece previamente um cronograma de pagamentos para todo o ano, assegurando que cada segurado conhe\u00e7a suas datas de recebimento e possa organizar suas despesas.<\/p>\n\n\n\n<p>Neste m\u00eas de setembro, os dep\u00f3sitos foram programados para iniciar <strong>a partir do dia 25<\/strong>, favorecendo primeiramente quem recebe at\u00e9 um sal\u00e1rio m\u00ednimo. De acordo com o que foi divulgado e seguindo a ordem dos n\u00fameros do benef\u00edcio, as datas previstas para os pagamentos s\u00e3o:<\/p>\n\n\n\n<ul class=\"wp-block-list\">\n<li><strong><strong>Final 1 \u2013 25 de setembro<\/strong><\/strong><\/li>\n\n\n\n<li><strong><strong>Final 2 \u2013 26 de setembro<\/strong><\/strong><\/li>\n\n\n\n<li><strong><strong>Final 3 \u2013 29 de setembro<\/strong><\/strong><\/li>\n\n\n\n<li><strong><strong><strong>Final 4 \u2013 30 de setembro<\/strong><\/strong><\/strong><\/li>\n\n\n\n<li><strong><strong>Final 5 \u2013 <strong>1\u00ba de outubro<\/strong><\/strong><\/strong><\/li>\n\n\n\n<li><strong>Final 6 \u2013 2 de outubro<\/strong><\/li>\n\n\n\n<li><strong>Final 7 \u2013 3 de outubro<\/strong><\/li>\n\n\n\n<li><strong>Final 8 \u2013 6 de outubro<\/strong><\/li>\n\n\n\n<li><strong>Final 9 \u2013 7 de outubro<\/strong><\/li>\n\n\n\n<li><strong>Final 0 \u2013 8 de outubro<\/strong><\/li>\n<\/ul>\n\n\n\n<p>Para aposentados e pensionistas com benef\u00edcio acima do sal\u00e1rio m\u00ednimo, os dep\u00f3sitos come\u00e7ar\u00e3o apenas em 1\u00ba de outubro, contemplando dois n\u00fameros de cart\u00e3o por vez.<\/p>\n\n\n\n<ul class=\"wp-block-list\">\n<li><strong>Final 1 e 6 \u2013 1\u00ba de outubro<\/strong><\/li>\n\n\n\n<li><strong>Final 2 e 7 \u2013 2 de outubro<\/strong><\/li>\n\n\n\n<li><strong>Final 3 e 8 \u2013 3 de outubro<\/strong><\/li>\n\n\n\n<li><strong>Final 4 e 9 \u2013 6 de outubro<\/strong><\/li>\n\n\n\n<li><strong>Final 5 e 0 \u2013 7 de outubro<\/strong><\/li>\n<\/ul>\n\n\n\n<h2 class=\"wp-block-heading\">Pagamento do INSS: como consultar mais informa\u00e7\u00f5es?<\/h2>\n\n\n\n<p>Por meio do aplicativo ou do portal <strong>Meu INSS<\/strong>, os aposentados e pensionistas t\u00eam controle completo sobre os dados de seus benef\u00edcios, bastando apenas utilizar as credenciais da conta Gov.br para acess\u00e1-los.<\/p>\n\n\n\n<p>Entretanto, \u00e9 importante destacar que as informa\u00e7\u00f5es sobre os pagamentos s\u00f3 s\u00e3o atualizadas no extrato ap\u00f3s a realiza\u00e7\u00e3o dos dep\u00f3sitos. Portanto, \u00e9 preciso aguardar as datas previamente divulgadas para confirmar o recebimento correto.<\/p>\n\n\n\n<p>Caso seja identificado algum problema, \u00e9 poss\u00edvel abrir uma an\u00e1lise atrav\u00e9s do Meu INSS, pela central de atendimento 135 ou presencialmente em uma unidade do INSS.<\/p>\n","protected":false},"excerpt":{"rendered":"<p>Nesta sexta-feira (5), aposentados e pensionistas do Instituto Nacional do Seguro Social (INSS) receberam a \u00faltima parcela do benef\u00edcio referente ao m\u00eas de agosto, que contemplou os segurados cujo n\u00famero do cart\u00e3o termina em 0 (ou em 5 e 0, para quem recebe acima de um sal\u00e1rio m\u00ednimo). Contudo, considerando a ampla demanda de benefici\u00e1rios, [&hellip;]<\/p>\n","protected":false},"author":3,"featured_media":1054,"comment_status":"open","ping_status":"open","sticky":false,"template":"","format":"standard","meta":{"jnews-multi-image_gallery":[],"jnews_single_post":{"format":"standard"},"jnews_primary_category":[],"jnews_social_meta":[],"jnews_post_split":[],"footnotes":""},"categories":[159],"tags":[],"class_list":["post-1053","post","type-post","status-publish","format-standard","has-post-thumbnail","hentry","category-cidadania"],"yoast_head":"<!-- This site is optimized with the Yoast SEO plugin v25.6 - https:\/\/yoast.com\/wordpress\/plugins\/seo\/ -->\n<title>Calend\u00e1rio de pagamento do INSS em setembro: confirma a lista de datas<\/title>\n<meta name=\"robots\" content=\"index, follow, max-snippet:-1, max-image-preview:large, max-video-preview:-1\" \/>\n<link rel=\"canonical\" href=\"https:\/\/tribunademinas.audiencelabs.com.br\/calendario-de-pagamento-do-inss-em-setembro-confirma-a-lista-de-datas\/\" \/>\n<meta property=\"og:locale\" content=\"pt_BR\" \/>\n<meta property=\"og:type\" content=\"article\" \/>\n<meta property=\"og:title\" content=\"Calend\u00e1rio de pagamento do INSS em setembro: confirma a lista de datas\" \/>\n<meta property=\"og:description\" content=\"Nesta sexta-feira (5), aposentados e pensionistas do Instituto Nacional do Seguro Social (INSS) receberam a \u00faltima parcela do benef\u00edcio referente ao m\u00eas de agosto, que contemplou os segurados cujo n\u00famero do cart\u00e3o termina em 0 (ou em 5 e 0, para quem recebe acima de um sal\u00e1rio m\u00ednimo). Contudo, considerando a ampla demanda de benefici\u00e1rios, [&hellip;]\" \/>\n<meta property=\"og:url\" content=\"https:\/\/tribunademinas.audiencelabs.com.br\/calendario-de-pagamento-do-inss-em-setembro-confirma-a-lista-de-datas\/\" \/>\n<meta property=\"og:site_name\" content=\"Tribuna de Minas - Dinheiro e Cidadania\" \/>\n<meta property=\"article:publisher\" content=\"https:\/\/www.facebook.com\/tribunademinas\/\" \/>\n<meta property=\"article:published_time\" content=\"2025-09-08T17:00:00+00:00\" \/>\n<meta property=\"article:modified_time\" content=\"2025-09-08T20:13:14+00:00\" \/>\n<meta property=\"og:image\" content=\"https:\/\/tribunademinas.audiencelabs.com.br\/wp-content\/uploads\/2025\/09\/calendario-pagamento-inss-setembro-confira-datas.jpg\" \/>\n\t<meta property=\"og:image:width\" content=\"1500\" \/>\n\t<meta property=\"og:image:height\" content=\"844\" \/>\n\t<meta property=\"og:image:type\" content=\"image\/jpeg\" \/>\n<meta name=\"author\" content=\"Jo\u00e3o Carlos Gomes\" \/>\n<meta name=\"twitter:card\" content=\"summary_large_image\" \/>\n<meta name=\"twitter:creator\" content=\"@tribunademinas\" \/>\n<meta name=\"twitter:site\" content=\"@tribunademinas\" \/>\n<meta name=\"twitter:label1\" content=\"Escrito por\" \/>\n\t<meta name=\"twitter:data1\" content=\"Jo\u00e3o Carlos Gomes\" \/>\n\t<meta name=\"twitter:label2\" content=\"Est. tempo de leitura\" \/>\n\t<meta name=\"twitter:data2\" content=\"3 minutos\" \/>\n<!-- \/ Yoast SEO plugin. -->","yoast_head_json":{"title":"Calend\u00e1rio de pagamento do INSS em setembro: confirma a lista de datas","robots":{"index":"index","follow":"follow","max-snippet":"max-snippet:-1","max-image-preview":"max-image-preview:large","max-video-preview":"max-video-preview:-1"},"canonical":"https:\/\/tribunademinas.audiencelabs.com.br\/calendario-de-pagamento-do-inss-em-setembro-confirma-a-lista-de-datas\/","og_locale":"pt_BR","og_type":"article","og_title":"Calend\u00e1rio de pagamento do INSS em setembro: confirma a lista de datas","og_description":"Nesta sexta-feira (5), aposentados e pensionistas do Instituto Nacional do Seguro Social (INSS) receberam a \u00faltima parcela do benef\u00edcio referente ao m\u00eas de agosto, que contemplou os segurados cujo n\u00famero do cart\u00e3o termina em 0 (ou em 5 e 0, para quem recebe acima de um sal\u00e1rio m\u00ednimo). Contudo, considerando a ampla demanda de benefici\u00e1rios, [&hellip;]","og_url":"https:\/\/tribunademinas.audiencelabs.com.br\/calendario-de-pagamento-do-inss-em-setembro-confirma-a-lista-de-datas\/","og_site_name":"Tribuna de Minas - Dinheiro e Cidadania","article_publisher":"https:\/\/www.facebook.com\/tribunademinas\/","article_published_time":"2025-09-08T17:00:00+00:00","article_modified_time":"2025-09-08T20:13:14+00:00","og_image":[{"width":1500,"height":844,"url":"https:\/\/tribunademinas.audiencelabs.com.br\/wp-content\/uploads\/2025\/09\/calendario-pagamento-inss-setembro-confira-datas.jpg","type":"image\/jpeg"}],"author":"Jo\u00e3o Carlos Gomes","twitter_card":"summary_large_image","twitter_creator":"@tribunademinas","twitter_site":"@tribunademinas","twitter_misc":{"Escrito por":"Jo\u00e3o Carlos Gomes","Est. tempo de leitura":"3 minutos"},"schema":{"@context":"https:\/\/schema.org","@graph":[{"@type":"Article","@id":"https:\/\/tribunademinas.audiencelabs.com.br\/calendario-de-pagamento-do-inss-em-setembro-confirma-a-lista-de-datas\/#article","isPartOf":{"@id":"https:\/\/tribunademinas.audiencelabs.com.br\/calendario-de-pagamento-do-inss-em-setembro-confirma-a-lista-de-datas\/"},"author":{"name":"Jo\u00e3o Carlos Gomes","@id":"https:\/\/tribunademinas.audiencelabs.com.br\/#\/schema\/person\/37af466a64a722fadb8ef6841c52114f"},"headline":"Calend\u00e1rio de pagamento do INSS em setembro: confirma a lista de datas","datePublished":"2025-09-08T17:00:00+00:00","dateModified":"2025-09-08T20:13:14+00:00","mainEntityOfPage":{"@id":"https:\/\/tribunademinas.audiencelabs.com.br\/calendario-de-pagamento-do-inss-em-setembro-confirma-a-lista-de-datas\/"},"wordCount":343,"commentCount":0,"publisher":{"@id":"https:\/\/tribunademinas.audiencelabs.com.br\/#organization"},"image":{"@id":"https:\/\/tribunademinas.audiencelabs.com.br\/calendario-de-pagamento-do-inss-em-setembro-confirma-a-lista-de-datas\/#primaryimage"},"thumbnailUrl":"https:\/\/tribunademinas.audiencelabs.com.br\/wp-content\/uploads\/2025\/09\/calendario-pagamento-inss-setembro-confira-datas.jpg","articleSection":["Cidadania"],"inLanguage":"pt-BR","potentialAction":[{"@type":"CommentAction","name":"Comment","target":["https:\/\/tribunademinas.audiencelabs.com.br\/calendario-de-pagamento-do-inss-em-setembro-confirma-a-lista-de-datas\/#respond"]}]},{"@type":"WebPage","@id":"https:\/\/tribunademinas.audiencelabs.com.br\/calendario-de-pagamento-do-inss-em-setembro-confirma-a-lista-de-datas\/","url":"https:\/\/tribunademinas.audiencelabs.com.br\/calendario-de-pagamento-do-inss-em-setembro-confirma-a-lista-de-datas\/","name":"Calend\u00e1rio de pagamento do INSS em setembro: confirma a lista de datas","isPartOf":{"@id":"https:\/\/tribunademinas.audiencelabs.com.br\/#website"},"primaryImageOfPage":{"@id":"https:\/\/tribunademinas.audiencelabs.com.br\/calendario-de-pagamento-do-inss-em-setembro-confirma-a-lista-de-datas\/#primaryimage"},"image":{"@id":"https:\/\/tribunademinas.audiencelabs.com.br\/calendario-de-pagamento-do-inss-em-setembro-confirma-a-lista-de-datas\/#primaryimage"},"thumbnailUrl":"https:\/\/tribunademinas.audiencelabs.com.br\/wp-content\/uploads\/2025\/09\/calendario-pagamento-inss-setembro-confira-datas.jpg","datePublished":"2025-09-08T17:00:00+00:00","dateModified":"2025-09-08T20:13:14+00:00","breadcrumb":{"@id":"https:\/\/tribunademinas.audiencelabs.com.br\/calendario-de-pagamento-do-inss-em-setembro-confirma-a-lista-de-datas\/#breadcrumb"},"inLanguage":"pt-BR","potentialAction":[{"@type":"ReadAction","target":["https:\/\/tribunademinas.audiencelabs.com.br\/calendario-de-pagamento-do-inss-em-setembro-confirma-a-lista-de-datas\/"]}]},{"@type":"ImageObject","inLanguage":"pt-BR","@id":"https:\/\/tribunademinas.audiencelabs.com.br\/calendario-de-pagamento-do-inss-em-setembro-confirma-a-lista-de-datas\/#primaryimage","url":"https:\/\/tribunademinas.audiencelabs.com.br\/wp-content\/uploads\/2025\/09\/calendario-pagamento-inss-setembro-confira-datas.jpg","contentUrl":"https:\/\/tribunademinas.audiencelabs.com.br\/wp-content\/uploads\/2025\/09\/calendario-pagamento-inss-setembro-confira-datas.jpg","width":1500,"height":844,"caption":"Foto: DC Studio\/Freepik"},{"@type":"BreadcrumbList","@id":"https:\/\/tribunademinas.audiencelabs.com.br\/calendario-de-pagamento-do-inss-em-setembro-confirma-a-lista-de-datas\/#breadcrumb","itemListElement":[{"@type":"ListItem","position":1,"name":"In\u00edcio","item":"https:\/\/tribunademinas.audiencelabs.com.br\/"},{"@type":"ListItem","position":2,"name":"Calend\u00e1rio de pagamento do INSS em setembro: confirma a lista de datas"}]},{"@type":"WebSite","@id":"https:\/\/tribunademinas.audiencelabs.com.br\/#website","url":"https:\/\/tribunademinas.audiencelabs.com.br\/","name":"Tribuna de Minas - Dinheiro e Cidadania","description":"","publisher":{"@id":"https:\/\/tribunademinas.audiencelabs.com.br\/#organization"},"potentialAction":[{"@type":"SearchAction","target":{"@type":"EntryPoint","urlTemplate":"https:\/\/tribunademinas.audiencelabs.com.br\/?s={search_term_string}"},"query-input":{"@type":"PropertyValueSpecification","valueRequired":true,"valueName":"search_term_string"}}],"inLanguage":"pt-BR"},{"@type":"Organization","@id":"https:\/\/tribunademinas.audiencelabs.com.br\/#organization","name":"Tribuna de Minas - Dinheiro e Cidadania","url":"https:\/\/tribunademinas.audiencelabs.com.br\/","logo":{"@type":"ImageObject","inLanguage":"pt-BR","@id":"https:\/\/tribunademinas.audiencelabs.com.br\/#\/schema\/logo\/image\/","url":"https:\/\/tribunademinas.audiencelabs.com.br\/wp-content\/uploads\/2025\/08\/cropped-Tribuna_512x512-96x96-1.png","contentUrl":"https:\/\/tribunademinas.audiencelabs.com.br\/wp-content\/uploads\/2025\/08\/cropped-Tribuna_512x512-96x96-1.png","width":96,"height":96,"caption":"Tribuna de Minas - Dinheiro e Cidadania"},"image":{"@id":"https:\/\/tribunademinas.audiencelabs.com.br\/#\/schema\/logo\/image\/"},"sameAs":["https:\/\/www.facebook.com\/tribunademinas\/","https:\/\/x.com\/tribunademinas","https:\/\/www.instagram.com\/tribunademinas\/","https:\/\/www.youtube.com\/user\/TribunadeMinasJF"]},{"@type":"Person","@id":"https:\/\/tribunademinas.audiencelabs.com.br\/#\/schema\/person\/37af466a64a722fadb8ef6841c52114f","name":"Jo\u00e3o Carlos Gomes","image":{"@type":"ImageObject","inLanguage":"pt-BR","@id":"https:\/\/tribunademinas.audiencelabs.com.br\/#\/schema\/person\/image\/","url":"https:\/\/secure.gravatar.com\/avatar\/4ce4672dbdd694b329cd6fdb51bee7d1409be1f0ff76a537e4c4a737b2c7d1a9?s=96&d=mm&r=g","contentUrl":"https:\/\/secure.gravatar.com\/avatar\/4ce4672dbdd694b329cd6fdb51bee7d1409be1f0ff76a537e4c4a737b2c7d1a9?s=96&d=mm&r=g","caption":"Jo\u00e3o Carlos Gomes"},"description":"Jornalista formado pelo Centro Universit\u00e1rio Carioca, apreciador da Bossa Nova ao Metal Extremo, criador de conte\u00fado e m\u00fasico independente nas horas vagas.","url":"https:\/\/tribunademinas.audiencelabs.com.br\/author\/joaoc-junior\/"}]}},"amp_enabled":true,"_links":{"self":[{"href":"https:\/\/tribunademinas.audiencelabs.com.br\/wp-json\/wp\/v2\/posts\/1053","targetHints":{"allow":["GET"]}}],"collection":[{"href":"https:\/\/tribunademinas.audiencelabs.com.br\/wp-json\/wp\/v2\/posts"}],"about":[{"href":"https:\/\/tribunademinas.audiencelabs.com.br\/wp-json\/wp\/v2\/types\/post"}],"author":[{"embeddable":true,"href":"https:\/\/tribunademinas.audiencelabs.com.br\/wp-json\/wp\/v2\/users\/3"}],"replies":[{"embeddable":true,"href":"https:\/\/tribunademinas.audiencelabs.com.br\/wp-json\/wp\/v2\/comments?post=1053"}],"version-history":[{"count":2,"href":"https:\/\/tribunademinas.audiencelabs.com.br\/wp-json\/wp\/v2\/posts\/1053\/revisions"}],"predecessor-version":[{"id":1124,"href":"https:\/\/tribunademinas.audiencelabs.com.br\/wp-json\/wp\/v2\/posts\/1053\/revisions\/1124"}],"wp:featuredmedia":[{"embeddable":true,"href":"https:\/\/tribunademinas.audiencelabs.com.br\/wp-json\/wp\/v2\/media\/1054"}],"wp:attachment":[{"href":"https:\/\/tribunademinas.audiencelabs.com.br\/wp-json\/wp\/v2\/media?parent=1053"}],"wp:term":[{"taxonomy":"category","embeddable":true,"href":"https:\/\/tribunademinas.audiencelabs.com.br\/wp-json\/wp\/v2\/categories?post=1053"},{"taxonomy":"post_tag","embeddable":true,"href":"https:\/\/tribunademinas.audiencelabs.com.br\/wp-json\/wp\/v2\/tags?post=1053"}],"curies":[{"name":"wp","href":"https:\/\/api.w.org\/{rel}","templated":true}]}}