{"id":1041,"date":"2025-09-07T04:08:00","date_gmt":"2025-09-07T07:08:00","guid":{"rendered":"https:\/\/tribunademinas.audiencelabs.com.br\/?p=1041"},"modified":"2025-09-04T20:35:58","modified_gmt":"2025-09-04T23:35:58","slug":"saque-extra-liberado-brasileiros-vao-poder-receber-dinheiro-na-conta-em-setembro","status":"publish","type":"post","link":"https:\/\/tribunademinas.audiencelabs.com.br\/saque-extra-liberado-brasileiros-vao-poder-receber-dinheiro-na-conta-em-setembro\/","title":{"rendered":"Saque extra liberado; brasileiros v\u00e3o poder receber dinheiro na conta em setembro"},"content":{"rendered":"\n<p>A Caixa Econ\u00f4mica Federal iniciou, neste m\u00eas de setembro, uma nova fase de libera\u00e7\u00e3o de dinheiro que promete injetar um al\u00edvio financeiro direto no bolso dos trabalhadores brasileiros. <\/p>\n\n\n\n<p>A medida, que permite acesso facilitado a um saque extra por meio de empr\u00e9stimo consignado, representa uma alternativa r\u00e1pida e descomplicada para quem precisa equilibrar as contas ou lidar com imprevistos.<\/p>\n\n\n\n<h2 class=\"wp-block-heading\">Saque extra liberado; brasileiros v\u00e3o poder receber dinheiro na conta em setembro<\/h2>\n\n\n\n<p>A iniciativa faz parte do programa conhecido como <strong><a href=\"http:\/\/www.caixa.gov.br\/voce\/credito-financiamento\/emprestimo\/consignado\/credito-do-trabalhador\/Paginas\/default.aspx\">Cr\u00e9dito do Trabalhador<\/a><\/strong>, lan\u00e7ado oficialmente em mar\u00e7o deste ano. <\/p>\n\n\n\n<p>Ele tem como foco os empregados com carteira assinada, trabalhadores dom\u00e9sticos, rurais e tamb\u00e9m os microempreendedores individuais (MEIs), permitindo a contrata\u00e7\u00e3o de empr\u00e9stimos com taxas de juros consideravelmente mais baixas do que as praticadas nas linhas de cr\u00e9dito pessoal convencionais.<\/p>\n\n\n\n<p>Diferente de programas anteriores, esse novo formato tem como base a <strong>Carteira de Trabalho Digital<\/strong>, que funciona como ponto de partida para que o cidad\u00e3o possa consultar e contratar propostas diretamente pelo celular. <\/p>\n\n\n\n<p>O processo \u00e9 inteiramente digital: ao autorizar o compartilhamento de informa\u00e7\u00f5es como CPF, sal\u00e1rio l\u00edquido, tempo de servi\u00e7o e margem consign\u00e1vel, o sistema identifica automaticamente as ofertas dispon\u00edveis em diferentes institui\u00e7\u00f5es financeiras, incluindo a pr\u00f3pria Caixa.<\/p>\n\n\n\n<h3 class=\"wp-block-heading\">Dinheiro que pode ser recebido varia<\/h3>\n\n\n\n<p>Os <a href=\"https:\/\/tribunademinas.com.br\/colunas\/maistendencias\/mais-de-r-30-bilhoes-liberados-para-emprestimo-de-trabalhadores-clt\/\"><strong>valores dispon\u00edveis<\/strong><\/a> para contrata\u00e7\u00e3o variam conforme a capacidade de pagamento de cada trabalhador, respeitando o limite legal de at\u00e9 <strong>35% do sal\u00e1rio l\u00edquido<\/strong>, j\u00e1 descontados os encargos obrigat\u00f3rios como INSS e imposto de renda. <\/p>\n\n\n\n<p>Essa limita\u00e7\u00e3o busca garantir que o cr\u00e9dito n\u00e3o comprometa excessivamente a renda do cidad\u00e3o, evitando o risco de superendividamento.<\/p>\n\n\n\n<p>Outro atrativo do programa \u00e9 a possibilidade de <strong>utilizar o saldo do FGTS como garantia<\/strong>, o que reduz o risco para os bancos e permite juros mais baixos. <\/p>\n\n\n\n<p>\u00c9 poss\u00edvel vincular at\u00e9 10% do saldo dispon\u00edvel ou at\u00e9 100% do valor da multa rescis\u00f3ria. Com isso, o trabalhador ganha mais poder de negocia\u00e7\u00e3o e acesso a condi\u00e7\u00f5es melhores.<\/p>\n\n\n\n<p>Todo o processo pode ser feito sem sair de casa, usando o aplicativo <strong>CTPS Digital<\/strong> ou at\u00e9 mesmo via WhatsApp da Caixa. <\/p>\n\n\n\n<p>Em quest\u00e3o de horas, a an\u00e1lise \u00e9 conclu\u00edda e o dinheiro pode cair direto na conta. A iniciativa tem movimentado milh\u00f5es de pedidos e deve beneficiar uma ampla parcela da popula\u00e7\u00e3o ao longo deste m\u00eas.<\/p>\n\n\n\n<p><\/p>\n","protected":false},"excerpt":{"rendered":"<p>A Caixa Econ\u00f4mica Federal iniciou, neste m\u00eas de setembro, uma nova fase de libera\u00e7\u00e3o de dinheiro que promete injetar um al\u00edvio financeiro direto no bolso dos trabalhadores brasileiros. A medida, que permite acesso facilitado a um saque extra por meio de empr\u00e9stimo consignado, representa uma alternativa r\u00e1pida e descomplicada para quem precisa equilibrar as contas [&hellip;]<\/p>\n","protected":false},"author":5,"featured_media":1042,"comment_status":"open","ping_status":"open","sticky":false,"template":"","format":"standard","meta":{"jnews-multi-image_gallery":[],"jnews_single_post":{"format":"standard"},"jnews_primary_category":[],"jnews_social_meta":[],"jnews_post_split":[],"footnotes":""},"categories":[1],"tags":[],"class_list":["post-1041","post","type-post","status-publish","format-standard","has-post-thumbnail","hentry","category-dinheiro"],"yoast_head":"<!-- This site is optimized with the Yoast SEO plugin v25.6 - https:\/\/yoast.com\/wordpress\/plugins\/seo\/ -->\n<title>Saque extra liberado; brasileiros v\u00e3o poder receber dinheiro na conta em setembro<\/title>\n<meta name=\"description\" content=\"A Caixa iniciou uma nova fase de libera\u00e7\u00e3o de dinheiro que promete injetar um al\u00edvio financeiro direto no bolso dos trabalhadores brasileiros.\" \/>\n<meta name=\"robots\" content=\"index, follow, max-snippet:-1, max-image-preview:large, max-video-preview:-1\" \/>\n<link rel=\"canonical\" href=\"https:\/\/tribunademinas.audiencelabs.com.br\/saque-extra-liberado-brasileiros-vao-poder-receber-dinheiro-na-conta-em-setembro\/\" \/>\n<meta property=\"og:locale\" content=\"pt_BR\" \/>\n<meta property=\"og:type\" content=\"article\" \/>\n<meta property=\"og:title\" content=\"Saque extra liberado; brasileiros v\u00e3o poder receber dinheiro na conta em setembro\" \/>\n<meta property=\"og:description\" content=\"A Caixa iniciou uma nova fase de libera\u00e7\u00e3o de dinheiro que promete injetar um al\u00edvio financeiro direto no bolso dos trabalhadores brasileiros.\" \/>\n<meta property=\"og:url\" content=\"https:\/\/tribunademinas.audiencelabs.com.br\/saque-extra-liberado-brasileiros-vao-poder-receber-dinheiro-na-conta-em-setembro\/\" \/>\n<meta property=\"og:site_name\" content=\"Tribuna de Minas - Dinheiro e Cidadania\" \/>\n<meta property=\"article:publisher\" content=\"https:\/\/www.facebook.com\/tribunademinas\/\" \/>\n<meta property=\"article:published_time\" content=\"2025-09-07T07:08:00+00:00\" \/>\n<meta property=\"og:image\" content=\"https:\/\/tribunademinas.audiencelabs.com.br\/wp-content\/uploads\/2025\/09\/dinheiro.webp\" \/>\n\t<meta property=\"og:image:width\" content=\"1170\" \/>\n\t<meta property=\"og:image:height\" content=\"700\" \/>\n\t<meta property=\"og:image:type\" content=\"image\/webp\" \/>\n<meta name=\"author\" content=\"Jeferson Carvalho\" \/>\n<meta name=\"twitter:card\" content=\"summary_large_image\" \/>\n<meta name=\"twitter:creator\" content=\"@tribunademinas\" \/>\n<meta name=\"twitter:site\" content=\"@tribunademinas\" \/>\n<meta name=\"twitter:label1\" content=\"Escrito por\" \/>\n\t<meta name=\"twitter:data1\" content=\"Jeferson Carvalho\" \/>\n\t<meta name=\"twitter:label2\" content=\"Est. tempo de leitura\" \/>\n\t<meta name=\"twitter:data2\" content=\"3 minutos\" \/>\n<!-- \/ Yoast SEO plugin. -->","yoast_head_json":{"title":"Saque extra liberado; brasileiros v\u00e3o poder receber dinheiro na conta em setembro","description":"A Caixa iniciou uma nova fase de libera\u00e7\u00e3o de dinheiro que promete injetar um al\u00edvio financeiro direto no bolso dos trabalhadores brasileiros.","robots":{"index":"index","follow":"follow","max-snippet":"max-snippet:-1","max-image-preview":"max-image-preview:large","max-video-preview":"max-video-preview:-1"},"canonical":"https:\/\/tribunademinas.audiencelabs.com.br\/saque-extra-liberado-brasileiros-vao-poder-receber-dinheiro-na-conta-em-setembro\/","og_locale":"pt_BR","og_type":"article","og_title":"Saque extra liberado; brasileiros v\u00e3o poder receber dinheiro na conta em setembro","og_description":"A Caixa iniciou uma nova fase de libera\u00e7\u00e3o de dinheiro que promete injetar um al\u00edvio financeiro direto no bolso dos trabalhadores brasileiros.","og_url":"https:\/\/tribunademinas.audiencelabs.com.br\/saque-extra-liberado-brasileiros-vao-poder-receber-dinheiro-na-conta-em-setembro\/","og_site_name":"Tribuna de Minas - Dinheiro e Cidadania","article_publisher":"https:\/\/www.facebook.com\/tribunademinas\/","article_published_time":"2025-09-07T07:08:00+00:00","og_image":[{"width":1170,"height":700,"url":"https:\/\/tribunademinas.audiencelabs.com.br\/wp-content\/uploads\/2025\/09\/dinheiro.webp","type":"image\/webp"}],"author":"Jeferson Carvalho","twitter_card":"summary_large_image","twitter_creator":"@tribunademinas","twitter_site":"@tribunademinas","twitter_misc":{"Escrito por":"Jeferson Carvalho","Est. tempo de leitura":"3 minutos"},"schema":{"@context":"https:\/\/schema.org","@graph":[{"@type":"Article","@id":"https:\/\/tribunademinas.audiencelabs.com.br\/saque-extra-liberado-brasileiros-vao-poder-receber-dinheiro-na-conta-em-setembro\/#article","isPartOf":{"@id":"https:\/\/tribunademinas.audiencelabs.com.br\/saque-extra-liberado-brasileiros-vao-poder-receber-dinheiro-na-conta-em-setembro\/"},"author":{"name":"Jeferson Carvalho","@id":"https:\/\/tribunademinas.audiencelabs.com.br\/#\/schema\/person\/db18fc40307804bacef94213aa68fd9d"},"headline":"Saque extra liberado; brasileiros v\u00e3o poder receber dinheiro na conta em setembro","datePublished":"2025-09-07T07:08:00+00:00","mainEntityOfPage":{"@id":"https:\/\/tribunademinas.audiencelabs.com.br\/saque-extra-liberado-brasileiros-vao-poder-receber-dinheiro-na-conta-em-setembro\/"},"wordCount":422,"commentCount":0,"publisher":{"@id":"https:\/\/tribunademinas.audiencelabs.com.br\/#organization"},"image":{"@id":"https:\/\/tribunademinas.audiencelabs.com.br\/saque-extra-liberado-brasileiros-vao-poder-receber-dinheiro-na-conta-em-setembro\/#primaryimage"},"thumbnailUrl":"https:\/\/tribunademinas.audiencelabs.com.br\/wp-content\/uploads\/2025\/09\/dinheiro.webp","articleSection":["Dinheiro"],"inLanguage":"pt-BR","potentialAction":[{"@type":"CommentAction","name":"Comment","target":["https:\/\/tribunademinas.audiencelabs.com.br\/saque-extra-liberado-brasileiros-vao-poder-receber-dinheiro-na-conta-em-setembro\/#respond"]}]},{"@type":"WebPage","@id":"https:\/\/tribunademinas.audiencelabs.com.br\/saque-extra-liberado-brasileiros-vao-poder-receber-dinheiro-na-conta-em-setembro\/","url":"https:\/\/tribunademinas.audiencelabs.com.br\/saque-extra-liberado-brasileiros-vao-poder-receber-dinheiro-na-conta-em-setembro\/","name":"Saque extra liberado; brasileiros v\u00e3o poder receber dinheiro na conta em setembro","isPartOf":{"@id":"https:\/\/tribunademinas.audiencelabs.com.br\/#website"},"primaryImageOfPage":{"@id":"https:\/\/tribunademinas.audiencelabs.com.br\/saque-extra-liberado-brasileiros-vao-poder-receber-dinheiro-na-conta-em-setembro\/#primaryimage"},"image":{"@id":"https:\/\/tribunademinas.audiencelabs.com.br\/saque-extra-liberado-brasileiros-vao-poder-receber-dinheiro-na-conta-em-setembro\/#primaryimage"},"thumbnailUrl":"https:\/\/tribunademinas.audiencelabs.com.br\/wp-content\/uploads\/2025\/09\/dinheiro.webp","datePublished":"2025-09-07T07:08:00+00:00","description":"A Caixa iniciou uma nova fase de libera\u00e7\u00e3o de dinheiro que promete injetar um al\u00edvio financeiro direto no bolso dos trabalhadores brasileiros.","breadcrumb":{"@id":"https:\/\/tribunademinas.audiencelabs.com.br\/saque-extra-liberado-brasileiros-vao-poder-receber-dinheiro-na-conta-em-setembro\/#breadcrumb"},"inLanguage":"pt-BR","potentialAction":[{"@type":"ReadAction","target":["https:\/\/tribunademinas.audiencelabs.com.br\/saque-extra-liberado-brasileiros-vao-poder-receber-dinheiro-na-conta-em-setembro\/"]}]},{"@type":"ImageObject","inLanguage":"pt-BR","@id":"https:\/\/tribunademinas.audiencelabs.com.br\/saque-extra-liberado-brasileiros-vao-poder-receber-dinheiro-na-conta-em-setembro\/#primaryimage","url":"https:\/\/tribunademinas.audiencelabs.com.br\/wp-content\/uploads\/2025\/09\/dinheiro.webp","contentUrl":"https:\/\/tribunademinas.audiencelabs.com.br\/wp-content\/uploads\/2025\/09\/dinheiro.webp","width":1170,"height":700,"caption":"Saque extra liberado; brasileiros v\u00e3o poder receber dinheiro na conta em setembro - Imagem: Marcello Casal jr\/Ag\u00eancia Brasil"},{"@type":"BreadcrumbList","@id":"https:\/\/tribunademinas.audiencelabs.com.br\/saque-extra-liberado-brasileiros-vao-poder-receber-dinheiro-na-conta-em-setembro\/#breadcrumb","itemListElement":[{"@type":"ListItem","position":1,"name":"In\u00edcio","item":"https:\/\/tribunademinas.audiencelabs.com.br\/"},{"@type":"ListItem","position":2,"name":"Saque extra liberado; brasileiros v\u00e3o poder receber dinheiro na conta em setembro"}]},{"@type":"WebSite","@id":"https:\/\/tribunademinas.audiencelabs.com.br\/#website","url":"https:\/\/tribunademinas.audiencelabs.com.br\/","name":"Tribuna de Minas - Dinheiro e Cidadania","description":"","publisher":{"@id":"https:\/\/tribunademinas.audiencelabs.com.br\/#organization"},"potentialAction":[{"@type":"SearchAction","target":{"@type":"EntryPoint","urlTemplate":"https:\/\/tribunademinas.audiencelabs.com.br\/?s={search_term_string}"},"query-input":{"@type":"PropertyValueSpecification","valueRequired":true,"valueName":"search_term_string"}}],"inLanguage":"pt-BR"},{"@type":"Organization","@id":"https:\/\/tribunademinas.audiencelabs.com.br\/#organization","name":"Tribuna de Minas - Dinheiro e Cidadania","url":"https:\/\/tribunademinas.audiencelabs.com.br\/","logo":{"@type":"ImageObject","inLanguage":"pt-BR","@id":"https:\/\/tribunademinas.audiencelabs.com.br\/#\/schema\/logo\/image\/","url":"https:\/\/tribunademinas.audiencelabs.com.br\/wp-content\/uploads\/2025\/08\/cropped-Tribuna_512x512-96x96-1.png","contentUrl":"https:\/\/tribunademinas.audiencelabs.com.br\/wp-content\/uploads\/2025\/08\/cropped-Tribuna_512x512-96x96-1.png","width":96,"height":96,"caption":"Tribuna de Minas - Dinheiro e Cidadania"},"image":{"@id":"https:\/\/tribunademinas.audiencelabs.com.br\/#\/schema\/logo\/image\/"},"sameAs":["https:\/\/www.facebook.com\/tribunademinas\/","https:\/\/x.com\/tribunademinas","https:\/\/www.instagram.com\/tribunademinas\/","https:\/\/www.youtube.com\/user\/TribunadeMinasJF"]},{"@type":"Person","@id":"https:\/\/tribunademinas.audiencelabs.com.br\/#\/schema\/person\/db18fc40307804bacef94213aa68fd9d","name":"Jeferson Carvalho","image":{"@type":"ImageObject","inLanguage":"pt-BR","@id":"https:\/\/tribunademinas.audiencelabs.com.br\/#\/schema\/person\/image\/","url":"https:\/\/secure.gravatar.com\/avatar\/cd7646e328d9670dad7dea8698522e522745eeffcff5b9d08be858e377ce326b?s=96&d=mm&r=g","contentUrl":"https:\/\/secure.gravatar.com\/avatar\/cd7646e328d9670dad7dea8698522e522745eeffcff5b9d08be858e377ce326b?s=96&d=mm&r=g","caption":"Jeferson Carvalho"},"description":"Jornalista apaixonado pela profiss\u00e3o!","url":"https:\/\/tribunademinas.audiencelabs.com.br\/author\/jeferson\/"}]}},"amp_enabled":true,"_links":{"self":[{"href":"https:\/\/tribunademinas.audiencelabs.com.br\/wp-json\/wp\/v2\/posts\/1041","targetHints":{"allow":["GET"]}}],"collection":[{"href":"https:\/\/tribunademinas.audiencelabs.com.br\/wp-json\/wp\/v2\/posts"}],"about":[{"href":"https:\/\/tribunademinas.audiencelabs.com.br\/wp-json\/wp\/v2\/types\/post"}],"author":[{"embeddable":true,"href":"https:\/\/tribunademinas.audiencelabs.com.br\/wp-json\/wp\/v2\/users\/5"}],"replies":[{"embeddable":true,"href":"https:\/\/tribunademinas.audiencelabs.com.br\/wp-json\/wp\/v2\/comments?post=1041"}],"version-history":[{"count":1,"href":"https:\/\/tribunademinas.audiencelabs.com.br\/wp-json\/wp\/v2\/posts\/1041\/revisions"}],"predecessor-version":[{"id":1043,"href":"https:\/\/tribunademinas.audiencelabs.com.br\/wp-json\/wp\/v2\/posts\/1041\/revisions\/1043"}],"wp:featuredmedia":[{"embeddable":true,"href":"https:\/\/tribunademinas.audiencelabs.com.br\/wp-json\/wp\/v2\/media\/1042"}],"wp:attachment":[{"href":"https:\/\/tribunademinas.audiencelabs.com.br\/wp-json\/wp\/v2\/media?parent=1041"}],"wp:term":[{"taxonomy":"category","embeddable":true,"href":"https:\/\/tribunademinas.audiencelabs.com.br\/wp-json\/wp\/v2\/categories?post=1041"},{"taxonomy":"post_tag","embeddable":true,"href":"https:\/\/tribunademinas.audiencelabs.com.br\/wp-json\/wp\/v2\/tags?post=1041"}],"curies":[{"name":"wp","href":"https:\/\/api.w.org\/{rel}","templated":true}]}}