{"id":1026,"date":"2025-09-05T07:45:00","date_gmt":"2025-09-05T10:45:00","guid":{"rendered":"https:\/\/tribunademinas.audiencelabs.com.br\/?p=1026"},"modified":"2025-09-04T18:42:20","modified_gmt":"2025-09-04T21:42:20","slug":"horario-de-verao-vai-voltar-ao-brasil-em-2025","status":"publish","type":"post","link":"https:\/\/tribunademinas.audiencelabs.com.br\/horario-de-verao-vai-voltar-ao-brasil-em-2025\/","title":{"rendered":"Hor\u00e1rio de ver\u00e3o: vai voltar ao Brasil em 2025?"},"content":{"rendered":"\n<p>A possibilidade de reativar o hor\u00e1rio de ver\u00e3o voltou a circular com for\u00e7a nos bastidores do governo federal. Em 2025, o tema ganha novo peso diante de estudos em andamento e declara\u00e7\u00f5es recentes do Operador Nacional do Sistema El\u00e9trico (<a href=\"http:\/\/www.ons.org.br\/\"><strong>ONS<\/strong><\/a>), que reacenderam o debate p\u00fablico. <\/p>\n\n\n\n<p>Embora nenhuma medida oficial tenha sido anunciada, a movimenta\u00e7\u00e3o nos \u00f3rg\u00e3os respons\u00e1veis alimenta rumores de que o ajuste nos rel\u00f3gios pode, de fato, ser retomado neste ano, o que levanta a pergunta: o hor\u00e1rio de ver\u00e3o vai mesmo voltar ao Brasil?<\/p>\n\n\n\n<h2 class=\"wp-block-heading\">Hor\u00e1rio de ver\u00e3o: vai voltar ao Brasil em 2025?<\/h2>\n\n\n\n<p>O Minist\u00e9rio de Minas e Energia, em conjunto com o ONS, avalia tecnicamente a viabilidade do retorno da medida, suspensa em 2019. <\/p>\n\n\n\n<p>Diferente do discurso que predominava at\u00e9 poucos anos atr\u00e1s, centrado na economia direta de energia, a an\u00e1lise atual considera fatores mais amplos e alinhados com os desafios da matriz energ\u00e9tica moderna. <\/p>\n\n\n\n<p>Um dos principais focos da discuss\u00e3o \u00e9 a dificuldade do sistema em lidar com o pico de consumo no in\u00edcio da noite, entre 18h e 22h, justamente quando a gera\u00e7\u00e3o solar j\u00e1 n\u00e3o est\u00e1 mais dispon\u00edvel.<\/p>\n\n\n\n<p>Segundo especialistas do ONS, o hor\u00e1rio de ver\u00e3o poderia ajudar a aliviar essa press\u00e3o sobre o sistema ao deslocar o pico de demanda para um momento em que ainda h\u00e1 alguma produ\u00e7\u00e3o solar ativa. <\/p>\n\n\n\n<p>Isso reduziria a necessidade de acionar termel\u00e9tricas, fontes de energia mais caras e com maior impacto ambiental. Ao ajustar os rel\u00f3gios uma hora \u00e0 frente, haveria mais luz natural durante o fim do dia, o que aliviaria o consumo no hor\u00e1rio mais cr\u00edtico.<\/p>\n\n\n\n<h3 class=\"wp-block-heading\">Hor\u00e1rio de ver\u00e3o em 2025 pode otimizar uso da energia, mas governo n\u00e3o devcdiu ainda<\/h3>\n\n\n\n<p>Outro aspecto considerado \u00e9 o papel das fontes renov\u00e1veis. A energia e\u00f3lica, por exemplo, tende a aumentar durante a madrugada, mas ainda n\u00e3o cobre os hor\u00e1rios de maior exig\u00eancia. <\/p>\n\n\n\n<p>Nesse cen\u00e1rio, o hor\u00e1rio de ver\u00e3o surge como uma medida de transi\u00e7\u00e3o que poderia otimizar o uso das fontes dispon\u00edveis, melhorando a efici\u00eancia do sistema como um todo.<\/p>\n\n\n\n<p>Apesar das avalia\u00e7\u00f5es t\u00e9cnicas favor\u00e1veis, <a href=\"https:\/\/tribunademinas.com.br\/colunas\/maistendencias\/horario-de-verao-e-defendido-pela-ons-por-motivo-surpreendente\/\"><strong>o governo federal ainda n\u00e3o bateu o martelo<\/strong><\/a>. A decis\u00e3o final est\u00e1 nas m\u00e3os do presidente Luiz In\u00e1cio Lula da Silva, e deve ser tomada ap\u00f3s a conclus\u00e3o dos estudos em curso. <\/p>\n\n\n\n<p>At\u00e9 l\u00e1, o debate continua alimentando expectativas, e incertezas, sobre o poss\u00edvel retorno do hor\u00e1rio de ver\u00e3o em 2025.<\/p>\n\n\n\n<p><\/p>\n","protected":false},"excerpt":{"rendered":"<p>A possibilidade de reativar o hor\u00e1rio de ver\u00e3o voltou a circular com for\u00e7a nos bastidores do governo federal. Em 2025, o tema ganha novo peso diante de estudos em andamento e declara\u00e7\u00f5es recentes do Operador Nacional do Sistema El\u00e9trico (ONS), que reacenderam o debate p\u00fablico. Embora nenhuma medida oficial tenha sido anunciada, a movimenta\u00e7\u00e3o nos [&hellip;]<\/p>\n","protected":false},"author":5,"featured_media":1027,"comment_status":"open","ping_status":"open","sticky":false,"template":"","format":"standard","meta":{"jnews-multi-image_gallery":[],"jnews_single_post":{"format":"standard"},"jnews_primary_category":[],"jnews_social_meta":[],"jnews_post_split":[],"footnotes":""},"categories":[159],"tags":[],"class_list":["post-1026","post","type-post","status-publish","format-standard","has-post-thumbnail","hentry","category-cidadania"],"yoast_head":"<!-- This site is optimized with the Yoast SEO plugin v25.6 - https:\/\/yoast.com\/wordpress\/plugins\/seo\/ -->\n<title>Hor\u00e1rio de ver\u00e3o: vai voltar ao Brasil em 2025?<\/title>\n<meta name=\"description\" content=\"A possibilidade de reativar o hor\u00e1rio de ver\u00e3o voltou a circular com for\u00e7a nos bastidores do governo federal, gerando d\u00favidas.\" \/>\n<meta name=\"robots\" content=\"index, follow, max-snippet:-1, max-image-preview:large, max-video-preview:-1\" \/>\n<link rel=\"canonical\" href=\"https:\/\/tribunademinas.audiencelabs.com.br\/horario-de-verao-vai-voltar-ao-brasil-em-2025\/\" \/>\n<meta property=\"og:locale\" content=\"pt_BR\" \/>\n<meta property=\"og:type\" content=\"article\" \/>\n<meta property=\"og:title\" content=\"Hor\u00e1rio de ver\u00e3o: vai voltar ao Brasil em 2025?\" \/>\n<meta property=\"og:description\" content=\"A possibilidade de reativar o hor\u00e1rio de ver\u00e3o voltou a circular com for\u00e7a nos bastidores do governo federal, gerando d\u00favidas.\" \/>\n<meta property=\"og:url\" content=\"https:\/\/tribunademinas.audiencelabs.com.br\/horario-de-verao-vai-voltar-ao-brasil-em-2025\/\" \/>\n<meta property=\"og:site_name\" content=\"Tribuna de Minas - Dinheiro e Cidadania\" \/>\n<meta property=\"article:publisher\" content=\"https:\/\/www.facebook.com\/tribunademinas\/\" \/>\n<meta property=\"article:published_time\" content=\"2025-09-05T10:45:00+00:00\" \/>\n<meta property=\"og:image\" content=\"https:\/\/tribunademinas.audiencelabs.com.br\/wp-content\/uploads\/2025\/09\/horario-de-verao.webp\" \/>\n\t<meta property=\"og:image:width\" content=\"1170\" \/>\n\t<meta property=\"og:image:height\" content=\"700\" \/>\n\t<meta property=\"og:image:type\" content=\"image\/webp\" \/>\n<meta name=\"author\" content=\"Jeferson Carvalho\" \/>\n<meta name=\"twitter:card\" content=\"summary_large_image\" \/>\n<meta name=\"twitter:creator\" content=\"@tribunademinas\" \/>\n<meta name=\"twitter:site\" content=\"@tribunademinas\" \/>\n<meta name=\"twitter:label1\" content=\"Escrito por\" \/>\n\t<meta name=\"twitter:data1\" content=\"Jeferson Carvalho\" \/>\n\t<meta name=\"twitter:label2\" content=\"Est. tempo de leitura\" \/>\n\t<meta name=\"twitter:data2\" content=\"3 minutos\" \/>\n<!-- \/ Yoast SEO plugin. -->","yoast_head_json":{"title":"Hor\u00e1rio de ver\u00e3o: vai voltar ao Brasil em 2025?","description":"A possibilidade de reativar o hor\u00e1rio de ver\u00e3o voltou a circular com for\u00e7a nos bastidores do governo federal, gerando d\u00favidas.","robots":{"index":"index","follow":"follow","max-snippet":"max-snippet:-1","max-image-preview":"max-image-preview:large","max-video-preview":"max-video-preview:-1"},"canonical":"https:\/\/tribunademinas.audiencelabs.com.br\/horario-de-verao-vai-voltar-ao-brasil-em-2025\/","og_locale":"pt_BR","og_type":"article","og_title":"Hor\u00e1rio de ver\u00e3o: vai voltar ao Brasil em 2025?","og_description":"A possibilidade de reativar o hor\u00e1rio de ver\u00e3o voltou a circular com for\u00e7a nos bastidores do governo federal, gerando d\u00favidas.","og_url":"https:\/\/tribunademinas.audiencelabs.com.br\/horario-de-verao-vai-voltar-ao-brasil-em-2025\/","og_site_name":"Tribuna de Minas - Dinheiro e Cidadania","article_publisher":"https:\/\/www.facebook.com\/tribunademinas\/","article_published_time":"2025-09-05T10:45:00+00:00","og_image":[{"width":1170,"height":700,"url":"https:\/\/tribunademinas.audiencelabs.com.br\/wp-content\/uploads\/2025\/09\/horario-de-verao.webp","type":"image\/webp"}],"author":"Jeferson Carvalho","twitter_card":"summary_large_image","twitter_creator":"@tribunademinas","twitter_site":"@tribunademinas","twitter_misc":{"Escrito por":"Jeferson Carvalho","Est. tempo de leitura":"3 minutos"},"schema":{"@context":"https:\/\/schema.org","@graph":[{"@type":"Article","@id":"https:\/\/tribunademinas.audiencelabs.com.br\/horario-de-verao-vai-voltar-ao-brasil-em-2025\/#article","isPartOf":{"@id":"https:\/\/tribunademinas.audiencelabs.com.br\/horario-de-verao-vai-voltar-ao-brasil-em-2025\/"},"author":{"name":"Jeferson Carvalho","@id":"https:\/\/tribunademinas.audiencelabs.com.br\/#\/schema\/person\/db18fc40307804bacef94213aa68fd9d"},"headline":"Hor\u00e1rio de ver\u00e3o: vai voltar ao Brasil em 2025?","datePublished":"2025-09-05T10:45:00+00:00","mainEntityOfPage":{"@id":"https:\/\/tribunademinas.audiencelabs.com.br\/horario-de-verao-vai-voltar-ao-brasil-em-2025\/"},"wordCount":448,"commentCount":0,"publisher":{"@id":"https:\/\/tribunademinas.audiencelabs.com.br\/#organization"},"image":{"@id":"https:\/\/tribunademinas.audiencelabs.com.br\/horario-de-verao-vai-voltar-ao-brasil-em-2025\/#primaryimage"},"thumbnailUrl":"https:\/\/tribunademinas.audiencelabs.com.br\/wp-content\/uploads\/2025\/09\/horario-de-verao.webp","articleSection":["Cidadania"],"inLanguage":"pt-BR","potentialAction":[{"@type":"CommentAction","name":"Comment","target":["https:\/\/tribunademinas.audiencelabs.com.br\/horario-de-verao-vai-voltar-ao-brasil-em-2025\/#respond"]}]},{"@type":"WebPage","@id":"https:\/\/tribunademinas.audiencelabs.com.br\/horario-de-verao-vai-voltar-ao-brasil-em-2025\/","url":"https:\/\/tribunademinas.audiencelabs.com.br\/horario-de-verao-vai-voltar-ao-brasil-em-2025\/","name":"Hor\u00e1rio de ver\u00e3o: vai voltar ao Brasil em 2025?","isPartOf":{"@id":"https:\/\/tribunademinas.audiencelabs.com.br\/#website"},"primaryImageOfPage":{"@id":"https:\/\/tribunademinas.audiencelabs.com.br\/horario-de-verao-vai-voltar-ao-brasil-em-2025\/#primaryimage"},"image":{"@id":"https:\/\/tribunademinas.audiencelabs.com.br\/horario-de-verao-vai-voltar-ao-brasil-em-2025\/#primaryimage"},"thumbnailUrl":"https:\/\/tribunademinas.audiencelabs.com.br\/wp-content\/uploads\/2025\/09\/horario-de-verao.webp","datePublished":"2025-09-05T10:45:00+00:00","description":"A possibilidade de reativar o hor\u00e1rio de ver\u00e3o voltou a circular com for\u00e7a nos bastidores do governo federal, gerando d\u00favidas.","breadcrumb":{"@id":"https:\/\/tribunademinas.audiencelabs.com.br\/horario-de-verao-vai-voltar-ao-brasil-em-2025\/#breadcrumb"},"inLanguage":"pt-BR","potentialAction":[{"@type":"ReadAction","target":["https:\/\/tribunademinas.audiencelabs.com.br\/horario-de-verao-vai-voltar-ao-brasil-em-2025\/"]}]},{"@type":"ImageObject","inLanguage":"pt-BR","@id":"https:\/\/tribunademinas.audiencelabs.com.br\/horario-de-verao-vai-voltar-ao-brasil-em-2025\/#primaryimage","url":"https:\/\/tribunademinas.audiencelabs.com.br\/wp-content\/uploads\/2025\/09\/horario-de-verao.webp","contentUrl":"https:\/\/tribunademinas.audiencelabs.com.br\/wp-content\/uploads\/2025\/09\/horario-de-verao.webp","width":1170,"height":700,"caption":"Hor\u00e1rio de ver\u00e3o: vai voltar ao Brasil em 2025? - Imagem: Marcello Casal Jr\/Ag\u00eancia Brasil"},{"@type":"BreadcrumbList","@id":"https:\/\/tribunademinas.audiencelabs.com.br\/horario-de-verao-vai-voltar-ao-brasil-em-2025\/#breadcrumb","itemListElement":[{"@type":"ListItem","position":1,"name":"In\u00edcio","item":"https:\/\/tribunademinas.audiencelabs.com.br\/"},{"@type":"ListItem","position":2,"name":"Hor\u00e1rio de ver\u00e3o: vai voltar ao Brasil em 2025?"}]},{"@type":"WebSite","@id":"https:\/\/tribunademinas.audiencelabs.com.br\/#website","url":"https:\/\/tribunademinas.audiencelabs.com.br\/","name":"Tribuna de Minas - Dinheiro e Cidadania","description":"","publisher":{"@id":"https:\/\/tribunademinas.audiencelabs.com.br\/#organization"},"potentialAction":[{"@type":"SearchAction","target":{"@type":"EntryPoint","urlTemplate":"https:\/\/tribunademinas.audiencelabs.com.br\/?s={search_term_string}"},"query-input":{"@type":"PropertyValueSpecification","valueRequired":true,"valueName":"search_term_string"}}],"inLanguage":"pt-BR"},{"@type":"Organization","@id":"https:\/\/tribunademinas.audiencelabs.com.br\/#organization","name":"Tribuna de Minas - Dinheiro e Cidadania","url":"https:\/\/tribunademinas.audiencelabs.com.br\/","logo":{"@type":"ImageObject","inLanguage":"pt-BR","@id":"https:\/\/tribunademinas.audiencelabs.com.br\/#\/schema\/logo\/image\/","url":"https:\/\/tribunademinas.audiencelabs.com.br\/wp-content\/uploads\/2025\/08\/cropped-Tribuna_512x512-96x96-1.png","contentUrl":"https:\/\/tribunademinas.audiencelabs.com.br\/wp-content\/uploads\/2025\/08\/cropped-Tribuna_512x512-96x96-1.png","width":96,"height":96,"caption":"Tribuna de Minas - Dinheiro e Cidadania"},"image":{"@id":"https:\/\/tribunademinas.audiencelabs.com.br\/#\/schema\/logo\/image\/"},"sameAs":["https:\/\/www.facebook.com\/tribunademinas\/","https:\/\/x.com\/tribunademinas","https:\/\/www.instagram.com\/tribunademinas\/","https:\/\/www.youtube.com\/user\/TribunadeMinasJF"]},{"@type":"Person","@id":"https:\/\/tribunademinas.audiencelabs.com.br\/#\/schema\/person\/db18fc40307804bacef94213aa68fd9d","name":"Jeferson Carvalho","image":{"@type":"ImageObject","inLanguage":"pt-BR","@id":"https:\/\/tribunademinas.audiencelabs.com.br\/#\/schema\/person\/image\/","url":"https:\/\/secure.gravatar.com\/avatar\/cd7646e328d9670dad7dea8698522e522745eeffcff5b9d08be858e377ce326b?s=96&d=mm&r=g","contentUrl":"https:\/\/secure.gravatar.com\/avatar\/cd7646e328d9670dad7dea8698522e522745eeffcff5b9d08be858e377ce326b?s=96&d=mm&r=g","caption":"Jeferson Carvalho"},"description":"Jornalista apaixonado pela profiss\u00e3o!","url":"https:\/\/tribunademinas.audiencelabs.com.br\/author\/jeferson\/"}]}},"amp_enabled":true,"_links":{"self":[{"href":"https:\/\/tribunademinas.audiencelabs.com.br\/wp-json\/wp\/v2\/posts\/1026","targetHints":{"allow":["GET"]}}],"collection":[{"href":"https:\/\/tribunademinas.audiencelabs.com.br\/wp-json\/wp\/v2\/posts"}],"about":[{"href":"https:\/\/tribunademinas.audiencelabs.com.br\/wp-json\/wp\/v2\/types\/post"}],"author":[{"embeddable":true,"href":"https:\/\/tribunademinas.audiencelabs.com.br\/wp-json\/wp\/v2\/users\/5"}],"replies":[{"embeddable":true,"href":"https:\/\/tribunademinas.audiencelabs.com.br\/wp-json\/wp\/v2\/comments?post=1026"}],"version-history":[{"count":1,"href":"https:\/\/tribunademinas.audiencelabs.com.br\/wp-json\/wp\/v2\/posts\/1026\/revisions"}],"predecessor-version":[{"id":1028,"href":"https:\/\/tribunademinas.audiencelabs.com.br\/wp-json\/wp\/v2\/posts\/1026\/revisions\/1028"}],"wp:featuredmedia":[{"embeddable":true,"href":"https:\/\/tribunademinas.audiencelabs.com.br\/wp-json\/wp\/v2\/media\/1027"}],"wp:attachment":[{"href":"https:\/\/tribunademinas.audiencelabs.com.br\/wp-json\/wp\/v2\/media?parent=1026"}],"wp:term":[{"taxonomy":"category","embeddable":true,"href":"https:\/\/tribunademinas.audiencelabs.com.br\/wp-json\/wp\/v2\/categories?post=1026"},{"taxonomy":"post_tag","embeddable":true,"href":"https:\/\/tribunademinas.audiencelabs.com.br\/wp-json\/wp\/v2\/tags?post=1026"}],"curies":[{"name":"wp","href":"https:\/\/api.w.org\/{rel}","templated":true}]}}